{"id":7175,"date":"2025-01-21T12:51:29","date_gmt":"2025-01-21T11:51:29","guid":{"rendered":"https:\/\/www.connexion-bois-direct.fr\/fr\/?p=7175"},"modified":"2026-02-04T15:39:08","modified_gmt":"2026-02-04T14:39:08","slug":"lame-terrasse-bambou","status":"publish","type":"post","link":"https:\/\/www.connexion-bois-direct.fr\/fr\/lame-terrasse-bambou\/","title":{"rendered":"Terrasse BAMBOU"},"content":{"rendered":"<div class=\"wpb-content-wrapper\"><p>[vc_row css=\u00a0\u00bb.vc_custom_1607453002204{padding-top: 50px !important;}\u00a0\u00bb el_id=\u00a0\u00bbterrasse\u00a0\u00bb][vc_column]<style type=\"text\/css\" data-type=\"the7_shortcodes-inline-css\">.dt-breadcrumbs-id-6db5a054c4e17731fe252c063b33f4fa .breadcrumbs {\n  display: inline-block;\n  margin: 0;\n  padding: 2px 10px 2px 10px;\n  border: 0px solid ;\n  border-radius: 0px;\n}\n.dt-breadcrumbs-id-6db5a054c4e17731fe252c063b33f4fa .breadcrumbs * {\n  font-size: 20px;\n  color: #a2a5a6;\n}\n<\/style><div class=\"dt-breadcrumbs-shortcode dt-breadcrumbs-id-6db5a054c4e17731fe252c063b33f4fa align-centre\"><div class=\"assistive-text\">Vous \u00eates ici :<\/div><ol class=\"breadcrumbs text-small\" itemscope itemtype=\"https:\/\/schema.org\/BreadcrumbList\"><li itemprop=\"itemListElement\" itemscope itemtype=\"https:\/\/schema.org\/ListItem\"><a itemprop=\"item\" href=\"https:\/\/www.connexion-bois-direct.fr\/fr\/\" title=\"Accueil\"><span itemprop=\"name\">Accueil<\/span><\/a><meta itemprop=\"position\" content=\"1\" \/><\/li><\/ol><\/div>[\/vc_column][\/vc_row][vc_row css=\u00a0\u00bb.vc_custom_1737454742811{padding-top: 50px !important;}\u00a0\u00bb][vc_column]<style type=\"text\/css\" data-type=\"the7_shortcodes-inline-css\">.gallery-shortcode.gallery-photos-masonry-shortcode-id-5d3e4be4bce87c6f47c5ca8d1a6690b1 figure,\n.gallery-shortcode.gallery-photos-masonry-shortcode-id-5d3e4be4bce87c6f47c5ca8d1a6690b1 .rollover,\n.gallery-shortcode.gallery-photos-masonry-shortcode-id-5d3e4be4bce87c6f47c5ca8d1a6690b1 img,\n.gallery-shortcode.gallery-photos-masonry-shortcode-id-5d3e4be4bce87c6f47c5ca8d1a6690b1 .gallery-rollover {\n  border-radius: 0px;\n}\n.gallery-shortcode.gallery-photos-masonry-shortcode-id-5d3e4be4bce87c6f47c5ca8d1a6690b1.enable-bg-rollover .gallery-rollover {\n  background: -webkit-linear-gradient();\n  background: linear-gradient();\n}\n.gallery-shortcode.gallery-photos-masonry-shortcode-id-5d3e4be4bce87c6f47c5ca8d1a6690b1.enable-bg-rollover.hover-scale .rollover:after {\n  background: -webkit-linear-gradient();\n  background: linear-gradient();\n}\n.gallery-shortcode.gallery-photos-masonry-shortcode-id-5d3e4be4bce87c6f47c5ca8d1a6690b1 .gallery-zoom-ico {\n  width: 44px;\n  height: 44px;\n  line-height: 44px;\n  border-radius: 100px;\n  margin: -22px 0 0 -22px;\n  border-width: 0px;\n}\n.dt-icon-bg-on.gallery-shortcode.gallery-photos-masonry-shortcode-id-5d3e4be4bce87c6f47c5ca8d1a6690b1 .gallery-zoom-ico {\n  background: rgba(255,255,255,0.3);\n  -webkit-box-shadow: none;\n  box-shadow: none;\n}\n.gallery-shortcode.gallery-photos-masonry-shortcode-id-5d3e4be4bce87c6f47c5ca8d1a6690b1 .gallery-zoom-ico:before,\n.gallery-shortcode.gallery-photos-masonry-shortcode-id-5d3e4be4bce87c6f47c5ca8d1a6690b1 .gallery-zoom-ico span {\n  font-size: 32px;\n  line-height: 44px;\n  color: #ffffff;\n}\n.gallery-shortcode.gallery-photos-masonry-shortcode-id-5d3e4be4bce87c6f47c5ca8d1a6690b1:not(.resize-by-browser-width) .dt-css-grid {\n  grid-row-gap: 20px;\n  grid-column-gap: 20px;\n  grid-template-columns: repeat(auto-fill,minmax(,1fr));\n}\n.gallery-shortcode.gallery-photos-masonry-shortcode-id-5d3e4be4bce87c6f47c5ca8d1a6690b1:not(.resize-by-browser-width) .dt-css-grid .double-width {\n  grid-column: span 2;\n}\n.cssgridlegacy.no-cssgrid .gallery-shortcode.gallery-photos-masonry-shortcode-id-5d3e4be4bce87c6f47c5ca8d1a6690b1:not(.resize-by-browser-width) .dt-css-grid,\n.no-cssgridlegacy.no-cssgrid .gallery-shortcode.gallery-photos-masonry-shortcode-id-5d3e4be4bce87c6f47c5ca8d1a6690b1:not(.resize-by-browser-width) .dt-css-grid {\n  display: flex;\n  flex-flow: row wrap;\n  margin: -10px;\n}\n.cssgridlegacy.no-cssgrid .gallery-shortcode.gallery-photos-masonry-shortcode-id-5d3e4be4bce87c6f47c5ca8d1a6690b1:not(.resize-by-browser-width) .dt-css-grid .wf-cell,\n.no-cssgridlegacy.no-cssgrid .gallery-shortcode.gallery-photos-masonry-shortcode-id-5d3e4be4bce87c6f47c5ca8d1a6690b1:not(.resize-by-browser-width) .dt-css-grid .wf-cell {\n  flex: 1 0 ;\n  max-width: 100%;\n  padding: 10px;\n  box-sizing: border-box;\n}\n.gallery-shortcode.gallery-photos-masonry-shortcode-id-5d3e4be4bce87c6f47c5ca8d1a6690b1.resize-by-browser-width .dt-css-grid {\n  grid-template-columns: repeat(4,1fr);\n  grid-template-rows: auto;\n  grid-column-gap: 20px;\n  grid-row-gap: 20px;\n}\n.gallery-shortcode.gallery-photos-masonry-shortcode-id-5d3e4be4bce87c6f47c5ca8d1a6690b1.resize-by-browser-width .dt-css-grid .double-width {\n  grid-column: span 2;\n}\n.cssgridlegacy.no-cssgrid .gallery-shortcode.gallery-photos-masonry-shortcode-id-5d3e4be4bce87c6f47c5ca8d1a6690b1.resize-by-browser-width .dt-css-grid {\n  margin: -10px;\n}\n.cssgridlegacy.no-cssgrid .gallery-shortcode.gallery-photos-masonry-shortcode-id-5d3e4be4bce87c6f47c5ca8d1a6690b1.resize-by-browser-width .dt-css-grid .wf-cell {\n  width: 25%;\n  padding: 10px;\n}\n.cssgridlegacy.no-cssgrid .gallery-shortcode.gallery-photos-masonry-shortcode-id-5d3e4be4bce87c6f47c5ca8d1a6690b1.resize-by-browser-width .dt-css-grid .wf-cell.double-width {\n  width: calc(25%) * 2;\n}\n.gallery-shortcode.gallery-photos-masonry-shortcode-id-5d3e4be4bce87c6f47c5ca8d1a6690b1.resize-by-browser-width:not(.centered-layout-list):not(.content-bg-on) .dt-css-grid {\n  grid-row-gap: 20px - ;\n}\n@media screen and (max-width: 1199px) {\n  .gallery-shortcode.gallery-photos-masonry-shortcode-id-5d3e4be4bce87c6f47c5ca8d1a6690b1.resize-by-browser-width .dt-css-grid {\n    grid-template-columns: repeat(4,1fr);\n  }\n  .cssgridlegacy.no-cssgrid .gallery-shortcode.gallery-photos-masonry-shortcode-id-5d3e4be4bce87c6f47c5ca8d1a6690b1.resize-by-browser-width .dt-css-grid .wf-cell,\n  .no-cssgridlegacy.no-cssgrid .gallery-shortcode.gallery-photos-masonry-shortcode-id-5d3e4be4bce87c6f47c5ca8d1a6690b1.resize-by-browser-width .dt-css-grid .wf-cell {\n    width: 25%;\n  }\n  .cssgridlegacy.no-cssgrid .gallery-shortcode.gallery-photos-masonry-shortcode-id-5d3e4be4bce87c6f47c5ca8d1a6690b1.resize-by-browser-width .dt-css-grid .wf-cell.double-width,\n  .no-cssgridlegacy.no-cssgrid .gallery-shortcode.gallery-photos-masonry-shortcode-id-5d3e4be4bce87c6f47c5ca8d1a6690b1.resize-by-browser-width .dt-css-grid .wf-cell.double-width {\n    width: calc(25%)*2;\n  }\n}\n@media screen and (max-width: 991px) {\n  .gallery-shortcode.gallery-photos-masonry-shortcode-id-5d3e4be4bce87c6f47c5ca8d1a6690b1.resize-by-browser-width .dt-css-grid {\n    grid-template-columns: repeat(4,1fr);\n  }\n  .cssgridlegacy.no-cssgrid .gallery-shortcode.gallery-photos-masonry-shortcode-id-5d3e4be4bce87c6f47c5ca8d1a6690b1.resize-by-browser-width .dt-css-grid .wf-cell,\n  .no-cssgridlegacy.no-cssgrid .gallery-shortcode.gallery-photos-masonry-shortcode-id-5d3e4be4bce87c6f47c5ca8d1a6690b1.resize-by-browser-width .dt-css-grid .wf-cell {\n    width: 25%;\n  }\n  .cssgridlegacy.no-cssgrid .gallery-shortcode.gallery-photos-masonry-shortcode-id-5d3e4be4bce87c6f47c5ca8d1a6690b1.resize-by-browser-width .dt-css-grid .wf-cell.double-width,\n  .no-cssgridlegacy.no-cssgrid .gallery-shortcode.gallery-photos-masonry-shortcode-id-5d3e4be4bce87c6f47c5ca8d1a6690b1.resize-by-browser-width .dt-css-grid .wf-cell.double-width {\n    width: calc(25%)*2;\n  }\n}\n@media screen and (max-width: 767px) {\n  .gallery-shortcode.gallery-photos-masonry-shortcode-id-5d3e4be4bce87c6f47c5ca8d1a6690b1.resize-by-browser-width .dt-css-grid {\n    grid-template-columns: repeat(2,1fr);\n  }\n  .cssgridlegacy.no-cssgrid .gallery-shortcode.gallery-photos-masonry-shortcode-id-5d3e4be4bce87c6f47c5ca8d1a6690b1.resize-by-browser-width .dt-css-grid .wf-cell,\n  .no-cssgridlegacy.no-cssgrid .gallery-shortcode.gallery-photos-masonry-shortcode-id-5d3e4be4bce87c6f47c5ca8d1a6690b1.resize-by-browser-width .dt-css-grid .wf-cell {\n    width: 50%;\n  }\n  .cssgridlegacy.no-cssgrid .gallery-shortcode.gallery-photos-masonry-shortcode-id-5d3e4be4bce87c6f47c5ca8d1a6690b1.resize-by-browser-width .dt-css-grid .wf-cell.double-width,\n  .no-cssgridlegacy.no-cssgrid .gallery-shortcode.gallery-photos-masonry-shortcode-id-5d3e4be4bce87c6f47c5ca8d1a6690b1.resize-by-browser-width .dt-css-grid .wf-cell.double-width {\n    width: calc(50%)*2;\n  }\n}\n<\/style><div class=\"gallery-shortcode album-gallery-shortcode dt-gallery-container gallery-photos-masonry-shortcode-id-5d3e4be4bce87c6f47c5ca8d1a6690b1 mode-grid jquery-filter dt-icon-bg-off quick-scale-img dt-css-grid-wrap enable-bg-rollover resize-by-browser-width  vc_custom_1737459743990 hover-fade loading-effect-scale-up description-on-hover\" data-padding=\"10px\" data-cur-page=\"1\" data-post-limit=\"-1\" data-pagination-mode=\"none\" data-desktop-columns-num=\"4\" data-v-tablet-columns-num=\"4\" data-h-tablet-columns-num=\"4\" data-phone-columns-num=\"2\" data-width=\"0px\" data-columns=\"0\"><div class=\"dt-css-grid\" ><div class=\"visible wf-cell\" data-post-id=\"7235\" data-date=\"2025-01-21T16:13:44+01:00\" data-name=\"Terrasse Bambou\"><article class=\"post visible post-7235 attachment type-attachment status-inherit hentry no-img\"><a href=\"https:\/\/www.connexion-bois-direct.fr\/fr\/wp-content\/uploads\/2025\/01\/IMG_20240711_145949-scaled.jpg\" class=\"rollover-click-target rollover dt-pswp-item layzr-bg\" title=\"Terrasse Bambou\" data-dt-img-description=\"\"  data-large_image_width=\"2560\" data-large_image_height = \"1920\" ><img fetchpriority=\"high\" decoding=\"async\" class=\"preload-me iso-lazy-load aspect\" src=\"data:image\/svg+xml,%3Csvg%20xmlns%3D&#39;http%3A%2F%2Fwww.w3.org%2F2000%2Fsvg&#39;%20viewBox%3D&#39;0%200%20374%20374&#39;%2F%3E\" data-src=\"https:\/\/www.connexion-bois-direct.fr\/fr\/wp-content\/uploads\/2025\/01\/IMG_20240711_145949-scaled-374x374.jpg\" data-srcset=\"https:\/\/www.connexion-bois-direct.fr\/fr\/wp-content\/uploads\/2025\/01\/IMG_20240711_145949-scaled-374x374.jpg 374w, https:\/\/www.connexion-bois-direct.fr\/fr\/wp-content\/uploads\/2025\/01\/IMG_20240711_145949-scaled-561x561.jpg 561w\" loading=\"eager\" style=\"--ratio: 374 \/ 374\" sizes=\"(max-width: 374px) 100vw, 374px\" alt=\"Terrasse Bambou\" width=\"374\" height=\"374\"  \/><span class=\"gallery-rollover\"><span class=\"gallery-zoom-ico icomoon-the7-font-the7-zoom-06\"><span><\/span><\/span><\/span><\/a><\/article><\/div><div class=\"visible wf-cell\" data-post-id=\"7236\" data-date=\"2025-01-21T16:13:49+01:00\" data-name=\"Terrasse Bambou\"><article class=\"post visible post-7236 attachment type-attachment status-inherit hentry no-img\"><a href=\"https:\/\/www.connexion-bois-direct.fr\/fr\/wp-content\/uploads\/2025\/01\/IMG_20240711_145954-scaled.jpg\" class=\"rollover-click-target rollover dt-pswp-item layzr-bg\" title=\"Terrasse Bambou\" data-dt-img-description=\"\"  data-large_image_width=\"2560\" data-large_image_height = \"1920\" ><img decoding=\"async\" class=\"preload-me iso-lazy-load aspect\" src=\"data:image\/svg+xml,%3Csvg%20xmlns%3D&#39;http%3A%2F%2Fwww.w3.org%2F2000%2Fsvg&#39;%20viewBox%3D&#39;0%200%20374%20374&#39;%2F%3E\" data-src=\"https:\/\/www.connexion-bois-direct.fr\/fr\/wp-content\/uploads\/2025\/01\/IMG_20240711_145954-scaled-374x374.jpg\" data-srcset=\"https:\/\/www.connexion-bois-direct.fr\/fr\/wp-content\/uploads\/2025\/01\/IMG_20240711_145954-scaled-374x374.jpg 374w, https:\/\/www.connexion-bois-direct.fr\/fr\/wp-content\/uploads\/2025\/01\/IMG_20240711_145954-scaled-561x561.jpg 561w\" loading=\"eager\" style=\"--ratio: 374 \/ 374\" sizes=\"(max-width: 374px) 100vw, 374px\" alt=\"Terrasse Bambou\" width=\"374\" height=\"374\"  \/><span class=\"gallery-rollover\"><span class=\"gallery-zoom-ico icomoon-the7-font-the7-zoom-06\"><span><\/span><\/span><\/span><\/a><\/article><\/div><div class=\"visible wf-cell\" data-post-id=\"7237\" data-date=\"2025-01-21T16:13:53+01:00\" data-name=\"Terrasse Bambou\"><article class=\"post visible post-7237 attachment type-attachment status-inherit hentry no-img\"><a href=\"https:\/\/www.connexion-bois-direct.fr\/fr\/wp-content\/uploads\/2025\/01\/IMG_20240711_150003-scaled.jpg\" class=\"rollover-click-target rollover dt-pswp-item layzr-bg\" title=\"Terrasse Bambou\" data-dt-img-description=\"\"  data-large_image_width=\"2560\" data-large_image_height = \"1920\" ><img decoding=\"async\" class=\"preload-me iso-lazy-load aspect\" src=\"data:image\/svg+xml,%3Csvg%20xmlns%3D&#39;http%3A%2F%2Fwww.w3.org%2F2000%2Fsvg&#39;%20viewBox%3D&#39;0%200%20374%20374&#39;%2F%3E\" data-src=\"https:\/\/www.connexion-bois-direct.fr\/fr\/wp-content\/uploads\/2025\/01\/IMG_20240711_150003-scaled-374x374.jpg\" data-srcset=\"https:\/\/www.connexion-bois-direct.fr\/fr\/wp-content\/uploads\/2025\/01\/IMG_20240711_150003-scaled-374x374.jpg 374w, https:\/\/www.connexion-bois-direct.fr\/fr\/wp-content\/uploads\/2025\/01\/IMG_20240711_150003-scaled-561x561.jpg 561w\" loading=\"eager\" style=\"--ratio: 374 \/ 374\" sizes=\"(max-width: 374px) 100vw, 374px\" alt=\"Terrasse Bambou\" width=\"374\" height=\"374\"  \/><span class=\"gallery-rollover\"><span class=\"gallery-zoom-ico icomoon-the7-font-the7-zoom-06\"><span><\/span><\/span><\/span><\/a><\/article><\/div><div class=\"visible wf-cell\" data-post-id=\"7238\" data-date=\"2025-01-21T16:13:58+01:00\" data-name=\"Terrasse Bambou\"><article class=\"post visible post-7238 attachment type-attachment status-inherit hentry no-img\"><a href=\"https:\/\/www.connexion-bois-direct.fr\/fr\/wp-content\/uploads\/2025\/01\/IMG-20240703-WA0001.jpg\" class=\"rollover-click-target rollover dt-pswp-item layzr-bg\" title=\"Terrasse Bambou\" data-dt-img-description=\"\"  data-large_image_width=\"1600\" data-large_image_height = \"900\" ><img decoding=\"async\" class=\"preload-me iso-lazy-load aspect\" src=\"data:image\/svg+xml,%3Csvg%20xmlns%3D&#39;http%3A%2F%2Fwww.w3.org%2F2000%2Fsvg&#39;%20viewBox%3D&#39;0%200%20374%20374&#39;%2F%3E\" data-src=\"https:\/\/www.connexion-bois-direct.fr\/fr\/wp-content\/uploads\/2025\/01\/IMG-20240703-WA0001-374x374.jpg\" data-srcset=\"https:\/\/www.connexion-bois-direct.fr\/fr\/wp-content\/uploads\/2025\/01\/IMG-20240703-WA0001-374x374.jpg 374w, https:\/\/www.connexion-bois-direct.fr\/fr\/wp-content\/uploads\/2025\/01\/IMG-20240703-WA0001-561x561.jpg 561w\" loading=\"eager\" style=\"--ratio: 374 \/ 374\" sizes=\"(max-width: 374px) 100vw, 374px\" alt=\"Terrasse Bambou\" width=\"374\" height=\"374\"  \/><span class=\"gallery-rollover\"><span class=\"gallery-zoom-ico icomoon-the7-font-the7-zoom-06\"><span><\/span><\/span><\/span><\/a><\/article><\/div><\/div><!-- iso-container|iso-grid --><\/div>[\/vc_column][\/vc_row][vc_row css=\u00a0\u00bb.vc_custom_1607462472109{padding-top: 50px !important;padding-bottom: 25px !important;}\u00a0\u00bb][vc_column css=\u00a0\u00bb.vc_custom_1553074765667{margin-top: -60px !important;}\u00a0\u00bb]<div id=\"ultimate-heading-561969eee63504059\" class=\"uvc-heading ult-adjust-bottom-margin ultimate-heading-561969eee63504059 uvc-5800 accent-border-color\" data-hspacer=\"no_spacer\"  data-halign=\"center\" style=\"text-align:center\"><div class=\"uvc-heading-spacer no_spacer\" style=\"top\"><\/div><div class=\"uvc-sub-heading ult-responsive\"  data-ultimate-target='.uvc-heading.ultimate-heading-561969eee63504059 .uvc-sub-heading '  data-responsive-json-new='{\"font-size\":\"desktop:19px;\",\"line-height\":\"desktop:32px;\"}'  style=\"font-weight:normal;\"><\/p>\n<p style=\"text-align: center;\">Nos <strong>terrasses en bambou<\/strong> offrent des performances \u00e9lev\u00e9es. Imputrescibles et r\u00e9sistantes aux nuisibles et \u00e0 l\u2019humidit\u00e9, nos <strong>lames de terrasse<\/strong> sont <strong>garanties 25 ans<\/strong>.<\/p>\n<p><\/div><\/div>[vc_single_image image=\u00a0\u00bb7208&Prime; img_size=\u00a0\u00bbfull\u00a0\u00bb alignment=\u00a0\u00bbcenter\u00a0\u00bb css=\u00a0\u00bb\u00a0\u00bb image_hovers=\u00a0\u00bbfalse\u00a0\u00bb][\/vc_column][\/vc_row][vc_row css=\u00a0\u00bb.vc_custom_1607462472109{padding-top: 50px !important;padding-bottom: 25px !important;}\u00a0\u00bb][vc_column css=\u00a0\u00bb.vc_custom_1553074765667{margin-top: -60px !important;}\u00a0\u00bb]<div id=\"ultimate-heading-885869eee63504094\" class=\"uvc-heading ult-adjust-bottom-margin ultimate-heading-885869eee63504094 uvc-1964 accent-border-color\" data-hspacer=\"no_spacer\"  data-halign=\"center\" style=\"text-align:center\"><div class=\"uvc-heading-spacer no_spacer\" style=\"top\"><\/div><div class=\"uvc-main-heading ult-responsive\"  data-ultimate-target='.uvc-heading.ultimate-heading-885869eee63504094 h2'  data-responsive-json-new='{\"font-size\":\"desktop:40px;\",\"line-height\":\"desktop:50px;\"}' ><h2 style=\"font-weight:bold;color:#000000;\">Terrasse AMBRE<\/h2><\/div><\/div>[\/vc_column][\/vc_row][vc_row css=\u00a0\u00bb.vc_custom_1607462472109{padding-top: 50px !important;padding-bottom: 25px !important;}\u00a0\u00bb][vc_column css=\u00a0\u00bb.vc_custom_1553074765667{margin-top: -60px !important;}\u00a0\u00bb]<div id=\"ultimate-heading-875569eee635040ba\" class=\"uvc-heading ult-adjust-bottom-margin ultimate-heading-875569eee635040ba uvc-2594 accent-border-color\" data-hspacer=\"no_spacer\"  data-halign=\"center\" style=\"text-align:center\"><div class=\"uvc-heading-spacer no_spacer\" style=\"top\"><\/div><div class=\"uvc-sub-heading ult-responsive\"  data-ultimate-target='.uvc-heading.ultimate-heading-875569eee635040ba .uvc-sub-heading '  data-responsive-json-new='{\"font-size\":\"desktop:19px;\",\"line-height\":\"desktop:32px;\"}'  style=\"font-weight:normal;\"><\/p>\n<p style=\"text-align: center;\">Une beaut\u00e9 naturelle qui m\u00e9rite d&rsquo;\u00eatre vue. Durabilit\u00e9 garantie pour une totale tranquillit\u00e9 d&rsquo;esprit. Une v\u00e9ritable durabilit\u00e9 dont vous pouvez \u00eatre fier. Nos lames de terrasses AMBRE sont fabriqu\u00e9es \u00e0 partir de lamelles de bambou press\u00e9es \u00e0 tr\u00e8s haute densit\u00e9. Ces fibres sont chauff\u00e9es \u00e0 160 \u00b0C afin de les rendre durables. Une r\u00e9sine ph\u00e9nolique (13 %) constitue le liant des lamelles. Un proc\u00e9d\u00e9 de traitement, p\u00e9trifie l&rsquo;int\u00e9rieur des cellules, rendant les fibres non attractives aux bact\u00e9ries, insectes et champignons. Les lames sont ensuite rabot\u00e9es et huil\u00e9es afin d&rsquo;obtenir un produit fini pr\u00eat \u00e0 poser. Le bambou r\u00e9agit comme le bois. Un entretien annuel sera n\u00e9cessaire si l&rsquo;on souhaite pr\u00e9server son aspect.<\/p>\n<p><\/div><\/div>[\/vc_column][\/vc_row][vc_row bg_type=\u00a0\u00bbimage\u00a0\u00bb parallax_style=\u00a0\u00bbvcpb-animated\u00a0\u00bb animation_direction=\u00a0\u00bbtop-animation\u00a0\u00bb css=\u00a0\u00bb.vc_custom_1607503376059{margin-right: 100px !important;margin-left: 100px !important;padding-top: 20px !important;padding-right: 20px !important;padding-left: 20px !important;background-color: #f3f3f3 !important;background-position: 0 0 !important;background-repeat: no-repeat !important;border-radius: 35px !important;}\u00a0\u00bb el_class=\u00a0\u00bbcolonneproduit\u00a0\u00bb][vc_column][vc_row_inner][vc_column_inner width=\u00a0\u00bb2\/3&Prime;]<div id=\"ultimate-heading-968669eee635040df\" class=\"uvc-heading ult-adjust-bottom-margin ultimate-heading-968669eee635040df uvc-9331 accent-border-color\" data-hspacer=\"no_spacer\"  data-halign=\"left\" style=\"text-align:left\"><div class=\"uvc-heading-spacer no_spacer\" style=\"top\"><\/div><div class=\"uvc-sub-heading ult-responsive\"  data-ultimate-target='.uvc-heading.ultimate-heading-968669eee635040df .uvc-sub-heading '  data-responsive-json-new='{\"font-size\":\"desktop:50px;\",\"line-height\":\"desktop:60px;\"}'  style=\"font-weight:normal;color:#000000;margin-bottom:25px;\"><\/p>\n<h1><span class=\"lametitre\">Lame terrasse BAMBOU<br \/>\n<\/span><\/h1>\n<h2><span class=\"lameessence\">AMBRE<br \/>\n<\/span><\/h2>\n<p><\/div><\/div>[vc_column_text css=\u00a0\u00bb\u00a0\u00bb]\n<table id=\"tablepress-59\" class=\"tablepress tablepress-id-59 tableligne\">\n<tbody>\n<tr class=\"row-1\">\n\t<td class=\"column-1\">Section<\/td><td class=\"column-2\">20 x 137 mm<\/td>\n<\/tr>\n<tr class=\"row-2\">\n\t<td class=\"column-1\">Longueurs<\/td><td class=\"column-2\">1,85 m unique<\/td>\n<\/tr>\n<tr class=\"row-3\">\n\t<td class=\"column-1\">Profil<\/td><td class=\"column-2\">Lisse \/ stri\u00e9e (r\u00e9versible) rainur\u00e9 c\u00f4t\u00e9 pour clips<br \/>\nRainur\u00e9 languette (en bout)<\/td>\n<\/tr>\n<tr class=\"row-4\">\n\t<td class=\"column-1\">Finition<\/td><td class=\"column-2\">Pr\u00e9 huil\u00e9 d'usine<\/td>\n<\/tr>\n<tr class=\"row-5\">\n\t<td class=\"column-1\">Provenance<\/td><td class=\"column-2\">Asie<\/td>\n<\/tr>\n<tr class=\"row-6\">\n\t<td class=\"column-1\">Densit\u00e9<\/td><td class=\"column-2\">1100 kg\/m3<\/td>\n<\/tr>\n<tr class=\"row-7\">\n\t<td class=\"column-1\">Classe d'emploi<\/td><td class=\"column-2\">4<\/td>\n<\/tr>\n<tr class=\"row-8\">\n\t<td class=\"column-1\">Garantie<\/td><td class=\"column-2\">25 ans<\/td>\n<\/tr>\n<\/tbody>\n<\/table>\n<!-- #tablepress-59 from cache -->[\/vc_column_text][\/vc_column_inner][vc_column_inner width=\u00a0\u00bb1\/3&Prime;]<div id=\"ultimate-heading-317769eee63504af6\" class=\"uvc-heading ult-adjust-bottom-margin ultimate-heading-317769eee63504af6 uvc-3815 accent-border-color\" data-hspacer=\"no_spacer\"  data-halign=\"right\" style=\"text-align:right\"><div class=\"uvc-heading-spacer no_spacer\" style=\"top\"><\/div><div class=\"uvc-sub-heading ult-responsive\"  data-ultimate-target='.uvc-heading.ultimate-heading-317769eee63504af6 .uvc-sub-heading '  data-responsive-json-new='{\"font-size\":\"desktop:50px;\",\"line-height\":\"desktop:30px;\"}'  style=\"font-weight:normal;margin-bottom:25px;\"><\/p>\n<h3><span class=\"fichetech\">Fiche<br \/>\nTechnique<\/span><\/h3>\n<p><\/div><\/div>[vc_single_image image=\u00a0\u00bb4064&Prime; img_size=\u00a0\u00bbfull\u00a0\u00bb alignment=\u00a0\u00bbright\u00a0\u00bb onclick=\u00a0\u00bbcustom_link\u00a0\u00bb img_link_target=\u00a0\u00bb_blank\u00a0\u00bb css=\u00a0\u00bb\u00a0\u00bb image_hovers=\u00a0\u00bbfalse\u00a0\u00bb link=\u00a0\u00bbhttps:\/\/www.connexion-bois-direct.fr\/fiche-tech\/bambou.pdf\u00a0\u00bb el_class=\u00a0\u00bbpdf\u00a0\u00bb][\/vc_column_inner][\/vc_row_inner][vc_row_inner content_placement=\u00a0\u00bbmiddle\u00a0\u00bb css=\u00a0\u00bb.vc_custom_1607509328422{margin-right: -150px !important;margin-left: -150px !important;}\u00a0\u00bb el_class=\u00a0\u00bbcolonneproduitbas\u00a0\u00bb][vc_column_inner el_class=\u00a0\u00bbimageproduit\u00a0\u00bb width=\u00a0\u00bb1\/2&Prime; css=\u00a0\u00bb.vc_custom_1607504672436{margin-left: -50px !important;}\u00a0\u00bb][vc_single_image image=\u00a0\u00bb7275&Prime; img_size=\u00a0\u00bbfull\u00a0\u00bb css=\u00a0\u00bb\u00a0\u00bb el_class=\u00a0\u00bbimagelamepage\u00a0\u00bb][\/vc_column_inner][vc_column_inner width=\u00a0\u00bb1\/2&Prime;]<div id=\"ultimate-heading-770169eee63504b24\" class=\"uvc-heading ult-adjust-bottom-margin ultimate-heading-770169eee63504b24 uvc-6548 accent-border-color\" data-hspacer=\"no_spacer\"  data-halign=\"left\" style=\"text-align:left\"><div class=\"uvc-heading-spacer no_spacer\" style=\"top\"><\/div><div class=\"uvc-sub-heading ult-responsive\"  data-ultimate-target='.uvc-heading.ultimate-heading-770169eee63504b24 .uvc-sub-heading '  data-responsive-json-new='{\"font-size\":\"\",\"line-height\":\"\"}'  style=\"font-weight:normal;\"><\/p>\n<h2 style=\"text-align: left;\"><span class=\"apartir\">A PARTIR DE <\/span><\/h2>\n<h2 style=\"text-align: left;\"><span class=\"prix\">59,90 \u20ac HT\/m\u00b2<\/span><\/h2>\n<h2 style=\"text-align: left;\"><span class=\"prixttc\">soit (71,88 \u20ac ttc\/m\u00b2)<\/span><\/h2>\n<p><\/div><\/div>[vc_raw_html css=\u00a0\u00bb\u00a0\u00bb]JTNDYSUyMGhyZWYlM0QlMjIlNUJkZXZpc190ZXJyYXNzZSUyMGVzc2VuY2UlM0QlMjdiYW1ib3UlMjclNUQlMjIlMjBjbGFzcyUzRCUyMmRlZmF1bHQtYnRuLXNob3J0Y29kZSUyMGR0LWJ0biUyMGxpbmstaG92ZXItb2ZmJTIwYm91dG9ucHJvZHVpdCUyMGZ1bGwtd2lkdGgtYnRuJTIwYnRuLWZsYXQlMjB2Y19jdXN0b21fMTYxNDEwNDA2NzMzMSUyMGRldmlzLXV0bSUyMiUyMGlkJTNEJTIyZGVmYXVsdC1idG4tYjk4ZmNjMGY1OWFlMDA0YjI2ZGJhMjA1MjdmNTEwNWIlMjIlMjB0aXRsZSUzRCUyMkRldmlzJTIwVGVycmFzc2UlMjBCQU1CT1UlMjIlM0UlM0NzcGFuJTNFREVWSVMlMjBCQU1CT1UlMjBHUkFUVUlUJTNDJTJGc3BhbiUzRSUzQyUyRmElM0U=[\/vc_raw_html][\/vc_column_inner][\/vc_row_inner][\/vc_column][\/vc_row][vc_row css=\u00a0\u00bb.vc_custom_1607462472109{padding-top: 50px !important;padding-bottom: 25px !important;}\u00a0\u00bb][vc_column css=\u00a0\u00bb.vc_custom_1553074765667{margin-top: -60px !important;}\u00a0\u00bb]<div id=\"ultimate-heading-474569eee63504b4b\" class=\"uvc-heading ult-adjust-bottom-margin ultimate-heading-474569eee63504b4b uvc-3871 accent-border-color\" data-hspacer=\"no_spacer\"  data-halign=\"center\" style=\"text-align:center\"><div class=\"uvc-heading-spacer no_spacer\" style=\"top\"><\/div><div class=\"uvc-main-heading ult-responsive\"  data-ultimate-target='.uvc-heading.ultimate-heading-474569eee63504b4b h2'  data-responsive-json-new='{\"font-size\":\"desktop:40px;\",\"line-height\":\"desktop:50px;\"}' ><h2 style=\"font-weight:bold;color:#000000;margin-top:50px;\">Terrasse MOKA<\/h2><\/div><\/div>[\/vc_column][\/vc_row][vc_row css=\u00a0\u00bb.vc_custom_1607462472109{padding-top: 50px !important;padding-bottom: 25px !important;}\u00a0\u00bb][vc_column css=\u00a0\u00bb.vc_custom_1553074765667{margin-top: -60px !important;}\u00a0\u00bb]<div id=\"ultimate-heading-410469eee63504b6e\" class=\"uvc-heading ult-adjust-bottom-margin ultimate-heading-410469eee63504b6e uvc-8583 accent-border-color\" data-hspacer=\"no_spacer\"  data-halign=\"center\" style=\"text-align:center\"><div class=\"uvc-heading-spacer no_spacer\" style=\"top\"><\/div><div class=\"uvc-sub-heading ult-responsive\"  data-ultimate-target='.uvc-heading.ultimate-heading-410469eee63504b6e .uvc-sub-heading '  data-responsive-json-new='{\"font-size\":\"desktop:19px;\",\"line-height\":\"desktop:32px;\"}'  style=\"font-weight:normal;\"><\/p>\n<p style=\"text-align: center;\">Nos lames de terrasses MOKA sont fabriqu\u00e9es \u00e0 partir de lamelles de bambou press\u00e9es \u00e0 tr\u00e8s haute densit\u00e9. Ces fibres sont chauff\u00e9es \u00e0 210 \u00b0C afin de les rendre durables. Une r\u00e9sine ph\u00e9nolique (13 %) constitue le liant des lamelles. Les lames sont ensuite rabot\u00e9es et huil\u00e9es afin d&rsquo;obtenir un produit fini pr\u00eat \u00e0 poser. Le bambou r\u00e9agit comme le bois. Un entretien annuel sera n\u00e9cessaire si l&rsquo;on souhaite pr\u00e9server son aspect. Si aucun entretien n&rsquo;est effectu\u00e9, la terrasse grisera et prendra une jolie couleur naturelle du bois en ext\u00e9rieur.<\/p>\n<p><\/div><\/div>[\/vc_column][\/vc_row][vc_row bg_type=\u00a0\u00bbimage\u00a0\u00bb parallax_style=\u00a0\u00bbvcpb-animated\u00a0\u00bb animation_direction=\u00a0\u00bbtop-animation\u00a0\u00bb css=\u00a0\u00bb.vc_custom_1607503376059{margin-right: 100px !important;margin-left: 100px !important;padding-top: 20px !important;padding-right: 20px !important;padding-left: 20px !important;background-color: #f3f3f3 !important;background-position: 0 0 !important;background-repeat: no-repeat !important;border-radius: 35px !important;}\u00a0\u00bb el_class=\u00a0\u00bbcolonneproduit\u00a0\u00bb][vc_column][vc_row_inner][vc_column_inner width=\u00a0\u00bb2\/3&Prime;]<div id=\"ultimate-heading-420169eee63504b90\" class=\"uvc-heading ult-adjust-bottom-margin ultimate-heading-420169eee63504b90 uvc-4971 accent-border-color\" data-hspacer=\"no_spacer\"  data-halign=\"left\" style=\"text-align:left\"><div class=\"uvc-heading-spacer no_spacer\" style=\"top\"><\/div><div class=\"uvc-sub-heading ult-responsive\"  data-ultimate-target='.uvc-heading.ultimate-heading-420169eee63504b90 .uvc-sub-heading '  data-responsive-json-new='{\"font-size\":\"desktop:50px;\",\"line-height\":\"desktop:60px;\"}'  style=\"font-weight:normal;color:#000000;margin-bottom:25px;\"><\/p>\n<h1><span class=\"lametitre\">Lame terrasse BAMBOU<br \/>\n<\/span><\/h1>\n<h2><span class=\"lameessence\">MOKA<br \/>\n<\/span><\/h2>\n<p><\/div><\/div>[vc_column_text css=\u00a0\u00bb\u00a0\u00bb]\n<table id=\"tablepress-58\" class=\"tablepress tablepress-id-58 tableligne\">\n<tbody>\n<tr class=\"row-1\">\n\t<td class=\"column-1\">Section<\/td><td class=\"column-2\">20 x 137 mm<\/td>\n<\/tr>\n<tr class=\"row-2\">\n\t<td class=\"column-1\">Longueurs<\/td><td class=\"column-2\">1,85 m unique<\/td>\n<\/tr>\n<tr class=\"row-3\">\n\t<td class=\"column-1\">Profil<\/td><td class=\"column-2\">Lisse \/ stri\u00e9e (r\u00e9versible) rainur\u00e9 c\u00f4t\u00e9 pour clips<br \/>\nRainur\u00e9 languette (en bout)<\/td>\n<\/tr>\n<tr class=\"row-4\">\n\t<td class=\"column-1\">Finition<\/td><td class=\"column-2\">Pr\u00e9 huil\u00e9 d'usine<\/td>\n<\/tr>\n<tr class=\"row-5\">\n\t<td class=\"column-1\">Provenance<\/td><td class=\"column-2\">Asie<\/td>\n<\/tr>\n<tr class=\"row-6\">\n\t<td class=\"column-1\">Densit\u00e9<\/td><td class=\"column-2\">1150 kg\/m3<\/td>\n<\/tr>\n<tr class=\"row-7\">\n\t<td class=\"column-1\">Classe d'emploi<\/td><td class=\"column-2\">4<\/td>\n<\/tr>\n<tr class=\"row-8\">\n\t<td class=\"column-1\">Garantie<\/td><td class=\"column-2\">25 ans<\/td>\n<\/tr>\n<\/tbody>\n<\/table>\n<!-- #tablepress-58 from cache -->[\/vc_column_text][\/vc_column_inner][vc_column_inner width=\u00a0\u00bb1\/3&Prime;]<div id=\"ultimate-heading-566569eee635054a8\" class=\"uvc-heading ult-adjust-bottom-margin ultimate-heading-566569eee635054a8 uvc-9607 accent-border-color\" data-hspacer=\"no_spacer\"  data-halign=\"right\" style=\"text-align:right\"><div class=\"uvc-heading-spacer no_spacer\" style=\"top\"><\/div><div class=\"uvc-sub-heading ult-responsive\"  data-ultimate-target='.uvc-heading.ultimate-heading-566569eee635054a8 .uvc-sub-heading '  data-responsive-json-new='{\"font-size\":\"desktop:50px;\",\"line-height\":\"desktop:30px;\"}'  style=\"font-weight:normal;margin-bottom:25px;\"><\/p>\n<h3><span class=\"fichetech\">Fiche<br \/>\nTechnique<\/span><\/h3>\n<p><\/div><\/div>[vc_single_image image=\u00a0\u00bb4064&Prime; img_size=\u00a0\u00bbfull\u00a0\u00bb alignment=\u00a0\u00bbright\u00a0\u00bb onclick=\u00a0\u00bbcustom_link\u00a0\u00bb img_link_target=\u00a0\u00bb_blank\u00a0\u00bb css=\u00a0\u00bb\u00a0\u00bb image_hovers=\u00a0\u00bbfalse\u00a0\u00bb link=\u00a0\u00bbhttps:\/\/www.connexion-bois-direct.fr\/fiche-tech\/bambou.pdf\u00a0\u00bb el_class=\u00a0\u00bbpdf\u00a0\u00bb][\/vc_column_inner][\/vc_row_inner][vc_row_inner content_placement=\u00a0\u00bbmiddle\u00a0\u00bb css=\u00a0\u00bb.vc_custom_1607509328422{margin-right: -150px !important;margin-left: -150px !important;}\u00a0\u00bb el_class=\u00a0\u00bbcolonneproduitbas\u00a0\u00bb][vc_column_inner el_class=\u00a0\u00bbimageproduit\u00a0\u00bb width=\u00a0\u00bb1\/2&Prime; css=\u00a0\u00bb.vc_custom_1607504672436{margin-left: -50px !important;}\u00a0\u00bb][vc_single_image image=\u00a0\u00bb7273&Prime; img_size=\u00a0\u00bbfull\u00a0\u00bb css=\u00a0\u00bb\u00a0\u00bb el_class=\u00a0\u00bbimagelamepage\u00a0\u00bb][\/vc_column_inner][vc_column_inner width=\u00a0\u00bb1\/2&Prime;]<div id=\"ultimate-heading-82869eee635054d7\" class=\"uvc-heading ult-adjust-bottom-margin ultimate-heading-82869eee635054d7 uvc-1555 accent-border-color\" data-hspacer=\"no_spacer\"  data-halign=\"left\" style=\"text-align:left\"><div class=\"uvc-heading-spacer no_spacer\" style=\"top\"><\/div><div class=\"uvc-sub-heading ult-responsive\"  data-ultimate-target='.uvc-heading.ultimate-heading-82869eee635054d7 .uvc-sub-heading '  data-responsive-json-new='{\"font-size\":\"\",\"line-height\":\"\"}'  style=\"font-weight:normal;\"><\/p>\n<h2 style=\"text-align: left;\"><span class=\"apartir\">A PARTIR DE <\/span><\/h2>\n<h2 style=\"text-align: left;\"><span class=\"prix\">59,90 \u20ac HT\/m\u00b2<\/span><\/h2>\n<h2 style=\"text-align: left;\"><span class=\"prixttc\">soit (71,88 \u20ac ttc\/m\u00b2)<\/span><\/h2>\n<p><\/div><\/div>[vc_raw_html css=\u00a0\u00bb\u00a0\u00bb]JTNDYSUyMGhyZWYlM0QlMjIlNUJkZXZpc190ZXJyYXNzZSUyMGVzc2VuY2UlM0QlMjdiYW1ib3UlMjclNUQlMjIlMjBjbGFzcyUzRCUyMmRlZmF1bHQtYnRuLXNob3J0Y29kZSUyMGR0LWJ0biUyMGxpbmstaG92ZXItb2ZmJTIwYm91dG9ucHJvZHVpdCUyMGZ1bGwtd2lkdGgtYnRuJTIwYnRuLWZsYXQlMjB2Y19jdXN0b21fMTYxNDEwNDA2NzMzMSUyMGRldmlzLXV0bSUyMiUyMGlkJTNEJTIyZGVmYXVsdC1idG4tYjk4ZmNjMGY1OWFlMDA0YjI2ZGJhMjA1MjdmNTEwNWIlMjIlMjB0aXRsZSUzRCUyMkRldmlzJTIwVGVycmFzc2UlMjBCQU1CT1UlMjIlM0UlM0NzcGFuJTNFREVWSVMlMjBCQU1CT1UlMjBHUkFUVUlUJTNDJTJGc3BhbiUzRSUzQyUyRmElM0U=[\/vc_raw_html][\/vc_column_inner][\/vc_row_inner][\/vc_column][\/vc_row][vc_row css=\u00a0\u00bb.vc_custom_1727966288626{margin-bottom: 15px !important;padding-bottom: 25px !important;}\u00a0\u00bb el_id=\u00a0\u00bbinspirations\u00a0\u00bb][vc_column css=\u00a0\u00bb.vc_custom_1553087885757{margin-top: -20px !important;}\u00a0\u00bb]<div id=\"ultimate-heading-564869eee635054ff\" class=\"uvc-heading ult-adjust-bottom-margin ultimate-heading-564869eee635054ff uvc-9314 accent-border-color\" data-hspacer=\"no_spacer\"  data-halign=\"center\" style=\"text-align:center\"><div class=\"uvc-heading-spacer no_spacer\" style=\"top\"><\/div><div class=\"uvc-main-heading ult-responsive\"  data-ultimate-target='.uvc-heading.ultimate-heading-564869eee635054ff h2'  data-responsive-json-new='{\"font-size\":\"desktop:70px;\",\"line-height\":\"desktop:80px;\"}' ><h2 style=\"font-weight:bold;color:#000000;margin-top:50px;\">INSPIRATIONS<\/h2><\/div><div class=\"uvc-sub-heading ult-responsive\"  data-ultimate-target='.uvc-heading.ultimate-heading-564869eee635054ff .uvc-sub-heading '  data-responsive-json-new='{\"font-size\":\"desktop:30px;\",\"line-height\":\"desktop:40px;\"}'  style=\"font-weight:normal;color:#000000;\">d\u00e9couvrez les terrasses de nos clients<\/div><\/div>[\/vc_column][\/vc_row][vc_row][vc_column]<style type=\"text\/css\" data-type=\"the7_shortcodes-inline-css\">.gallery-shortcode.gallery-photos-masonry-shortcode-id-e953175043373729fa11491f86790025 figure,\n.gallery-shortcode.gallery-photos-masonry-shortcode-id-e953175043373729fa11491f86790025 .rollover,\n.gallery-shortcode.gallery-photos-masonry-shortcode-id-e953175043373729fa11491f86790025 img,\n.gallery-shortcode.gallery-photos-masonry-shortcode-id-e953175043373729fa11491f86790025 .gallery-rollover {\n  border-radius: 0px;\n}\n.gallery-shortcode.gallery-photos-masonry-shortcode-id-e953175043373729fa11491f86790025.enable-bg-rollover .gallery-rollover {\n  background: -webkit-linear-gradient();\n  background: linear-gradient();\n}\n.gallery-shortcode.gallery-photos-masonry-shortcode-id-e953175043373729fa11491f86790025.enable-bg-rollover.hover-scale .rollover:after {\n  background: -webkit-linear-gradient();\n  background: linear-gradient();\n}\n.gallery-shortcode.gallery-photos-masonry-shortcode-id-e953175043373729fa11491f86790025 .gallery-zoom-ico {\n  width: 44px;\n  height: 44px;\n  line-height: 44px;\n  border-radius: 100px;\n  margin: -22px 0 0 -22px;\n  border-width: 0px;\n}\n.dt-icon-bg-on.gallery-shortcode.gallery-photos-masonry-shortcode-id-e953175043373729fa11491f86790025 .gallery-zoom-ico {\n  background: rgba(255,255,255,0.3);\n  -webkit-box-shadow: none;\n  box-shadow: none;\n}\n.gallery-shortcode.gallery-photos-masonry-shortcode-id-e953175043373729fa11491f86790025 .gallery-zoom-ico:before,\n.gallery-shortcode.gallery-photos-masonry-shortcode-id-e953175043373729fa11491f86790025 .gallery-zoom-ico span {\n  font-size: 32px;\n  line-height: 44px;\n  color: #ffffff;\n}\n.gallery-shortcode.gallery-photos-masonry-shortcode-id-e953175043373729fa11491f86790025:not(.resize-by-browser-width) .dt-css-grid {\n  grid-row-gap: 0px;\n  grid-column-gap: 0px;\n  grid-template-columns: repeat(auto-fill,minmax(,1fr));\n}\n.gallery-shortcode.gallery-photos-masonry-shortcode-id-e953175043373729fa11491f86790025:not(.resize-by-browser-width) .dt-css-grid .double-width {\n  grid-column: span 2;\n}\n.cssgridlegacy.no-cssgrid .gallery-shortcode.gallery-photos-masonry-shortcode-id-e953175043373729fa11491f86790025:not(.resize-by-browser-width) .dt-css-grid,\n.no-cssgridlegacy.no-cssgrid .gallery-shortcode.gallery-photos-masonry-shortcode-id-e953175043373729fa11491f86790025:not(.resize-by-browser-width) .dt-css-grid {\n  display: flex;\n  flex-flow: row wrap;\n  margin: 0px;\n}\n.cssgridlegacy.no-cssgrid .gallery-shortcode.gallery-photos-masonry-shortcode-id-e953175043373729fa11491f86790025:not(.resize-by-browser-width) .dt-css-grid .wf-cell,\n.no-cssgridlegacy.no-cssgrid .gallery-shortcode.gallery-photos-masonry-shortcode-id-e953175043373729fa11491f86790025:not(.resize-by-browser-width) .dt-css-grid .wf-cell {\n  flex: 1 0 ;\n  max-width: 100%;\n  padding: 0px;\n  box-sizing: border-box;\n}\n.gallery-shortcode.gallery-photos-masonry-shortcode-id-e953175043373729fa11491f86790025.resize-by-browser-width .dt-css-grid {\n  grid-template-columns: repeat(4,1fr);\n  grid-template-rows: auto;\n  grid-column-gap: 0px;\n  grid-row-gap: 0px;\n}\n.gallery-shortcode.gallery-photos-masonry-shortcode-id-e953175043373729fa11491f86790025.resize-by-browser-width .dt-css-grid .double-width {\n  grid-column: span 2;\n}\n.cssgridlegacy.no-cssgrid .gallery-shortcode.gallery-photos-masonry-shortcode-id-e953175043373729fa11491f86790025.resize-by-browser-width .dt-css-grid {\n  margin: 0px;\n}\n.cssgridlegacy.no-cssgrid .gallery-shortcode.gallery-photos-masonry-shortcode-id-e953175043373729fa11491f86790025.resize-by-browser-width .dt-css-grid .wf-cell {\n  width: 25%;\n  padding: 0px;\n}\n.cssgridlegacy.no-cssgrid .gallery-shortcode.gallery-photos-masonry-shortcode-id-e953175043373729fa11491f86790025.resize-by-browser-width .dt-css-grid .wf-cell.double-width {\n  width: calc(25%) * 2;\n}\n.gallery-shortcode.gallery-photos-masonry-shortcode-id-e953175043373729fa11491f86790025.resize-by-browser-width:not(.centered-layout-list):not(.content-bg-on) .dt-css-grid {\n  grid-row-gap: 0px - ;\n}\n@media screen and (max-width: 1199px) {\n  .gallery-shortcode.gallery-photos-masonry-shortcode-id-e953175043373729fa11491f86790025.resize-by-browser-width .dt-css-grid {\n    grid-template-columns: repeat(4,1fr);\n  }\n  .cssgridlegacy.no-cssgrid .gallery-shortcode.gallery-photos-masonry-shortcode-id-e953175043373729fa11491f86790025.resize-by-browser-width .dt-css-grid .wf-cell,\n  .no-cssgridlegacy.no-cssgrid .gallery-shortcode.gallery-photos-masonry-shortcode-id-e953175043373729fa11491f86790025.resize-by-browser-width .dt-css-grid .wf-cell {\n    width: 25%;\n  }\n  .cssgridlegacy.no-cssgrid .gallery-shortcode.gallery-photos-masonry-shortcode-id-e953175043373729fa11491f86790025.resize-by-browser-width .dt-css-grid .wf-cell.double-width,\n  .no-cssgridlegacy.no-cssgrid .gallery-shortcode.gallery-photos-masonry-shortcode-id-e953175043373729fa11491f86790025.resize-by-browser-width .dt-css-grid .wf-cell.double-width {\n    width: calc(25%)*2;\n  }\n}\n@media screen and (max-width: 991px) {\n  .gallery-shortcode.gallery-photos-masonry-shortcode-id-e953175043373729fa11491f86790025.resize-by-browser-width .dt-css-grid {\n    grid-template-columns: repeat(4,1fr);\n  }\n  .cssgridlegacy.no-cssgrid .gallery-shortcode.gallery-photos-masonry-shortcode-id-e953175043373729fa11491f86790025.resize-by-browser-width .dt-css-grid .wf-cell,\n  .no-cssgridlegacy.no-cssgrid .gallery-shortcode.gallery-photos-masonry-shortcode-id-e953175043373729fa11491f86790025.resize-by-browser-width .dt-css-grid .wf-cell {\n    width: 25%;\n  }\n  .cssgridlegacy.no-cssgrid .gallery-shortcode.gallery-photos-masonry-shortcode-id-e953175043373729fa11491f86790025.resize-by-browser-width .dt-css-grid .wf-cell.double-width,\n  .no-cssgridlegacy.no-cssgrid .gallery-shortcode.gallery-photos-masonry-shortcode-id-e953175043373729fa11491f86790025.resize-by-browser-width .dt-css-grid .wf-cell.double-width {\n    width: calc(25%)*2;\n  }\n}\n@media screen and (max-width: 767px) {\n  .gallery-shortcode.gallery-photos-masonry-shortcode-id-e953175043373729fa11491f86790025.resize-by-browser-width .dt-css-grid {\n    grid-template-columns: repeat(2,1fr);\n  }\n  .cssgridlegacy.no-cssgrid .gallery-shortcode.gallery-photos-masonry-shortcode-id-e953175043373729fa11491f86790025.resize-by-browser-width .dt-css-grid .wf-cell,\n  .no-cssgridlegacy.no-cssgrid .gallery-shortcode.gallery-photos-masonry-shortcode-id-e953175043373729fa11491f86790025.resize-by-browser-width .dt-css-grid .wf-cell {\n    width: 50%;\n  }\n  .cssgridlegacy.no-cssgrid .gallery-shortcode.gallery-photos-masonry-shortcode-id-e953175043373729fa11491f86790025.resize-by-browser-width .dt-css-grid .wf-cell.double-width,\n  .no-cssgridlegacy.no-cssgrid .gallery-shortcode.gallery-photos-masonry-shortcode-id-e953175043373729fa11491f86790025.resize-by-browser-width .dt-css-grid .wf-cell.double-width {\n    width: calc(50%)*2;\n  }\n}\n<\/style><div class=\"gallery-shortcode album-gallery-shortcode dt-gallery-container gallery-photos-masonry-shortcode-id-e953175043373729fa11491f86790025 mode-grid jquery-filter dt-icon-bg-off quick-scale-img dt-css-grid-wrap enable-bg-rollover resize-by-browser-width  vc_custom_1737459761455 hover-fade loading-effect-scale-up description-on-hover\" data-padding=\"0px\" data-cur-page=\"1\" data-post-limit=\"8\" data-pagination-mode=\"pages\" data-desktop-columns-num=\"4\" data-v-tablet-columns-num=\"4\" data-h-tablet-columns-num=\"4\" data-phone-columns-num=\"2\" data-width=\"0px\" data-columns=\"0\"><div class=\"dt-css-grid\" ><div class=\"visible wf-cell\" data-post-id=\"7235\" data-date=\"2025-01-21T16:13:44+01:00\" data-name=\"Terrasse Bambou\"><article class=\"post visible post-7235 attachment type-attachment status-inherit hentry no-img\"><a href=\"https:\/\/www.connexion-bois-direct.fr\/fr\/wp-content\/uploads\/2025\/01\/IMG_20240711_145949-scaled.jpg\" class=\"rollover-click-target rollover dt-pswp-item layzr-bg\" title=\"Terrasse Bambou\" data-dt-img-description=\"\"  data-large_image_width=\"2560\" data-large_image_height = \"1920\" ><img decoding=\"async\" class=\"preload-me iso-lazy-load aspect\" src=\"data:image\/svg+xml,%3Csvg%20xmlns%3D&#39;http%3A%2F%2Fwww.w3.org%2F2000%2Fsvg&#39;%20viewBox%3D&#39;0%200%20384%20384&#39;%2F%3E\" data-src=\"https:\/\/www.connexion-bois-direct.fr\/fr\/wp-content\/uploads\/2025\/01\/IMG_20240711_145949-scaled-384x384.jpg\" data-srcset=\"https:\/\/www.connexion-bois-direct.fr\/fr\/wp-content\/uploads\/2025\/01\/IMG_20240711_145949-scaled-384x384.jpg 384w, https:\/\/www.connexion-bois-direct.fr\/fr\/wp-content\/uploads\/2025\/01\/IMG_20240711_145949-scaled-576x576.jpg 576w\" loading=\"eager\" style=\"--ratio: 384 \/ 384\" sizes=\"(max-width: 384px) 100vw, 384px\" alt=\"Terrasse Bambou\" width=\"384\" height=\"384\"  \/><span class=\"gallery-rollover\"><span class=\"gallery-zoom-ico icomoon-the7-font-the7-expand-02\"><span><\/span><\/span><\/span><\/a><\/article><\/div><div class=\"visible wf-cell\" data-post-id=\"7236\" data-date=\"2025-01-21T16:13:49+01:00\" data-name=\"Terrasse Bambou\"><article class=\"post visible post-7236 attachment type-attachment status-inherit hentry no-img\"><a href=\"https:\/\/www.connexion-bois-direct.fr\/fr\/wp-content\/uploads\/2025\/01\/IMG_20240711_145954-scaled.jpg\" class=\"rollover-click-target rollover dt-pswp-item layzr-bg\" title=\"Terrasse Bambou\" data-dt-img-description=\"\"  data-large_image_width=\"2560\" data-large_image_height = \"1920\" ><img decoding=\"async\" class=\"preload-me iso-lazy-load aspect\" src=\"data:image\/svg+xml,%3Csvg%20xmlns%3D&#39;http%3A%2F%2Fwww.w3.org%2F2000%2Fsvg&#39;%20viewBox%3D&#39;0%200%20384%20384&#39;%2F%3E\" data-src=\"https:\/\/www.connexion-bois-direct.fr\/fr\/wp-content\/uploads\/2025\/01\/IMG_20240711_145954-scaled-384x384.jpg\" data-srcset=\"https:\/\/www.connexion-bois-direct.fr\/fr\/wp-content\/uploads\/2025\/01\/IMG_20240711_145954-scaled-384x384.jpg 384w, https:\/\/www.connexion-bois-direct.fr\/fr\/wp-content\/uploads\/2025\/01\/IMG_20240711_145954-scaled-576x576.jpg 576w\" loading=\"eager\" style=\"--ratio: 384 \/ 384\" sizes=\"(max-width: 384px) 100vw, 384px\" alt=\"Terrasse Bambou\" width=\"384\" height=\"384\"  \/><span class=\"gallery-rollover\"><span class=\"gallery-zoom-ico icomoon-the7-font-the7-expand-02\"><span><\/span><\/span><\/span><\/a><\/article><\/div><div class=\"visible wf-cell\" data-post-id=\"7237\" data-date=\"2025-01-21T16:13:53+01:00\" data-name=\"Terrasse Bambou\"><article class=\"post visible post-7237 attachment type-attachment status-inherit hentry no-img\"><a href=\"https:\/\/www.connexion-bois-direct.fr\/fr\/wp-content\/uploads\/2025\/01\/IMG_20240711_150003-scaled.jpg\" class=\"rollover-click-target rollover dt-pswp-item layzr-bg\" title=\"Terrasse Bambou\" data-dt-img-description=\"\"  data-large_image_width=\"2560\" data-large_image_height = \"1920\" ><img decoding=\"async\" class=\"preload-me iso-lazy-load aspect\" src=\"data:image\/svg+xml,%3Csvg%20xmlns%3D&#39;http%3A%2F%2Fwww.w3.org%2F2000%2Fsvg&#39;%20viewBox%3D&#39;0%200%20384%20384&#39;%2F%3E\" data-src=\"https:\/\/www.connexion-bois-direct.fr\/fr\/wp-content\/uploads\/2025\/01\/IMG_20240711_150003-scaled-384x384.jpg\" data-srcset=\"https:\/\/www.connexion-bois-direct.fr\/fr\/wp-content\/uploads\/2025\/01\/IMG_20240711_150003-scaled-384x384.jpg 384w, https:\/\/www.connexion-bois-direct.fr\/fr\/wp-content\/uploads\/2025\/01\/IMG_20240711_150003-scaled-576x576.jpg 576w\" loading=\"eager\" style=\"--ratio: 384 \/ 384\" sizes=\"(max-width: 384px) 100vw, 384px\" alt=\"Terrasse Bambou\" width=\"384\" height=\"384\"  \/><span class=\"gallery-rollover\"><span class=\"gallery-zoom-ico icomoon-the7-font-the7-expand-02\"><span><\/span><\/span><\/span><\/a><\/article><\/div><div class=\"visible wf-cell\" data-post-id=\"7238\" data-date=\"2025-01-21T16:13:58+01:00\" data-name=\"Terrasse Bambou\"><article class=\"post visible post-7238 attachment type-attachment status-inherit hentry no-img\"><a href=\"https:\/\/www.connexion-bois-direct.fr\/fr\/wp-content\/uploads\/2025\/01\/IMG-20240703-WA0001.jpg\" class=\"rollover-click-target rollover dt-pswp-item layzr-bg\" title=\"Terrasse Bambou\" data-dt-img-description=\"\"  data-large_image_width=\"1600\" data-large_image_height = \"900\" ><img decoding=\"async\" class=\"preload-me iso-lazy-load aspect\" src=\"data:image\/svg+xml,%3Csvg%20xmlns%3D&#39;http%3A%2F%2Fwww.w3.org%2F2000%2Fsvg&#39;%20viewBox%3D&#39;0%200%20384%20384&#39;%2F%3E\" data-src=\"https:\/\/www.connexion-bois-direct.fr\/fr\/wp-content\/uploads\/2025\/01\/IMG-20240703-WA0001-384x384.jpg\" data-srcset=\"https:\/\/www.connexion-bois-direct.fr\/fr\/wp-content\/uploads\/2025\/01\/IMG-20240703-WA0001-384x384.jpg 384w, https:\/\/www.connexion-bois-direct.fr\/fr\/wp-content\/uploads\/2025\/01\/IMG-20240703-WA0001-576x576.jpg 576w\" loading=\"eager\" style=\"--ratio: 384 \/ 384\" sizes=\"(max-width: 384px) 100vw, 384px\" alt=\"Terrasse Bambou\" width=\"384\" height=\"384\"  \/><span class=\"gallery-rollover\"><span class=\"gallery-zoom-ico icomoon-the7-font-the7-expand-02\"><span><\/span><\/span><\/span><\/a><\/article><\/div><div class=\"visible wf-cell\" data-post-id=\"7239\" data-date=\"2025-01-21T16:14:00+01:00\" data-name=\"Terrasse Bambou\"><article class=\"post visible post-7239 attachment type-attachment status-inherit hentry no-img\"><a href=\"https:\/\/www.connexion-bois-direct.fr\/fr\/wp-content\/uploads\/2025\/01\/IMG-20240703-WA0003.jpg\" class=\"rollover-click-target rollover dt-pswp-item layzr-bg\" title=\"Terrasse Bambou\" data-dt-img-description=\"\"  data-large_image_width=\"1600\" data-large_image_height = \"900\" ><img decoding=\"async\" class=\"preload-me iso-lazy-load aspect\" src=\"data:image\/svg+xml,%3Csvg%20xmlns%3D&#39;http%3A%2F%2Fwww.w3.org%2F2000%2Fsvg&#39;%20viewBox%3D&#39;0%200%20384%20384&#39;%2F%3E\" data-src=\"https:\/\/www.connexion-bois-direct.fr\/fr\/wp-content\/uploads\/2025\/01\/IMG-20240703-WA0003-384x384.jpg\" data-srcset=\"https:\/\/www.connexion-bois-direct.fr\/fr\/wp-content\/uploads\/2025\/01\/IMG-20240703-WA0003-384x384.jpg 384w, https:\/\/www.connexion-bois-direct.fr\/fr\/wp-content\/uploads\/2025\/01\/IMG-20240703-WA0003-576x576.jpg 576w\" loading=\"eager\" style=\"--ratio: 384 \/ 384\" sizes=\"(max-width: 384px) 100vw, 384px\" alt=\"Terrasse Bambou\" width=\"384\" height=\"384\"  \/><span class=\"gallery-rollover\"><span class=\"gallery-zoom-ico icomoon-the7-font-the7-expand-02\"><span><\/span><\/span><\/span><\/a><\/article><\/div><div class=\"visible wf-cell\" data-post-id=\"7240\" data-date=\"2025-01-21T16:14:01+01:00\" data-name=\"Terrasse Bambou\"><article class=\"post visible post-7240 attachment type-attachment status-inherit hentry no-img\"><a href=\"https:\/\/www.connexion-bois-direct.fr\/fr\/wp-content\/uploads\/2025\/01\/IMG-20240703-WA0004.jpeg\" class=\"rollover-click-target rollover dt-pswp-item layzr-bg\" title=\"Terrasse Bambou\" data-dt-img-description=\"\"  data-large_image_width=\"1600\" data-large_image_height = \"900\" ><img decoding=\"async\" class=\"preload-me iso-lazy-load aspect\" src=\"data:image\/svg+xml,%3Csvg%20xmlns%3D&#39;http%3A%2F%2Fwww.w3.org%2F2000%2Fsvg&#39;%20viewBox%3D&#39;0%200%20384%20384&#39;%2F%3E\" data-src=\"https:\/\/www.connexion-bois-direct.fr\/fr\/wp-content\/uploads\/2025\/01\/IMG-20240703-WA0004-384x384.jpeg\" data-srcset=\"https:\/\/www.connexion-bois-direct.fr\/fr\/wp-content\/uploads\/2025\/01\/IMG-20240703-WA0004-384x384.jpeg 384w, https:\/\/www.connexion-bois-direct.fr\/fr\/wp-content\/uploads\/2025\/01\/IMG-20240703-WA0004-576x576.jpeg 576w\" loading=\"eager\" style=\"--ratio: 384 \/ 384\" sizes=\"(max-width: 384px) 100vw, 384px\" alt=\"Terrasse Bambou\" width=\"384\" height=\"384\"  \/><span class=\"gallery-rollover\"><span class=\"gallery-zoom-ico icomoon-the7-font-the7-expand-02\"><span><\/span><\/span><\/span><\/a><\/article><\/div><div class=\"visible wf-cell\" data-post-id=\"7241\" data-date=\"2025-01-21T16:14:03+01:00\" data-name=\"Terrasse Bambou\"><article class=\"post visible post-7241 attachment type-attachment status-inherit hentry no-img\"><a href=\"https:\/\/www.connexion-bois-direct.fr\/fr\/wp-content\/uploads\/2025\/01\/IMG-20240703-WA0005.jpg\" class=\"rollover-click-target rollover dt-pswp-item layzr-bg\" title=\"Terrasse Bambou\" data-dt-img-description=\"\"  data-large_image_width=\"1600\" data-large_image_height = \"900\" ><img decoding=\"async\" class=\"preload-me iso-lazy-load aspect\" src=\"data:image\/svg+xml,%3Csvg%20xmlns%3D&#39;http%3A%2F%2Fwww.w3.org%2F2000%2Fsvg&#39;%20viewBox%3D&#39;0%200%20384%20384&#39;%2F%3E\" data-src=\"https:\/\/www.connexion-bois-direct.fr\/fr\/wp-content\/uploads\/2025\/01\/IMG-20240703-WA0005-384x384.jpg\" data-srcset=\"https:\/\/www.connexion-bois-direct.fr\/fr\/wp-content\/uploads\/2025\/01\/IMG-20240703-WA0005-384x384.jpg 384w, https:\/\/www.connexion-bois-direct.fr\/fr\/wp-content\/uploads\/2025\/01\/IMG-20240703-WA0005-576x576.jpg 576w\" loading=\"eager\" style=\"--ratio: 384 \/ 384\" sizes=\"(max-width: 384px) 100vw, 384px\" alt=\"Terrasse Bambou\" width=\"384\" height=\"384\"  \/><span class=\"gallery-rollover\"><span class=\"gallery-zoom-ico icomoon-the7-font-the7-expand-02\"><span><\/span><\/span><\/span><\/a><\/article><\/div><div class=\"visible wf-cell\" data-post-id=\"7242\" data-date=\"2025-01-21T16:14:05+01:00\" data-name=\"Terrasse Bambou\"><article class=\"post visible post-7242 attachment type-attachment status-inherit hentry no-img\"><a href=\"https:\/\/www.connexion-bois-direct.fr\/fr\/wp-content\/uploads\/2025\/01\/photos-terrasse-ambre-1.jpg\" class=\"rollover-click-target rollover dt-pswp-item layzr-bg\" title=\"Terrasse Bambou\" data-dt-img-description=\"\"  data-large_image_width=\"1000\" data-large_image_height = \"975\" ><img decoding=\"async\" class=\"preload-me iso-lazy-load aspect\" src=\"data:image\/svg+xml,%3Csvg%20xmlns%3D&#39;http%3A%2F%2Fwww.w3.org%2F2000%2Fsvg&#39;%20viewBox%3D&#39;0%200%20384%20384&#39;%2F%3E\" data-src=\"https:\/\/www.connexion-bois-direct.fr\/fr\/wp-content\/uploads\/2025\/01\/photos-terrasse-ambre-1-384x384.jpg\" data-srcset=\"https:\/\/www.connexion-bois-direct.fr\/fr\/wp-content\/uploads\/2025\/01\/photos-terrasse-ambre-1-384x384.jpg 384w, https:\/\/www.connexion-bois-direct.fr\/fr\/wp-content\/uploads\/2025\/01\/photos-terrasse-ambre-1-576x576.jpg 576w\" loading=\"eager\" style=\"--ratio: 384 \/ 384\" sizes=\"(max-width: 384px) 100vw, 384px\" alt=\"Terrasse Bambou\" width=\"384\" height=\"384\"  \/><span class=\"gallery-rollover\"><span class=\"gallery-zoom-ico icomoon-the7-font-the7-expand-02\"><span><\/span><\/span><\/span><\/a><\/article><\/div><div class=\"visible wf-cell\" data-post-id=\"7243\" data-date=\"2025-01-21T16:14:06+01:00\" data-name=\"Terrasse Bambou\"><article class=\"post visible post-7243 attachment type-attachment status-inherit hentry no-img\"><a href=\"https:\/\/www.connexion-bois-direct.fr\/fr\/wp-content\/uploads\/2025\/01\/terrasse-ambre-ame-bambou-2-1.jpg\" class=\"rollover-click-target rollover dt-pswp-item layzr-bg\" title=\"Terrasse Bambou\" data-dt-img-description=\"\"  data-large_image_width=\"600\" data-large_image_height = \"800\" ><img decoding=\"async\" class=\"preload-me iso-lazy-load aspect\" src=\"data:image\/svg+xml,%3Csvg%20xmlns%3D&#39;http%3A%2F%2Fwww.w3.org%2F2000%2Fsvg&#39;%20viewBox%3D&#39;0%200%20384%20384&#39;%2F%3E\" data-src=\"https:\/\/www.connexion-bois-direct.fr\/fr\/wp-content\/uploads\/2025\/01\/terrasse-ambre-ame-bambou-2-1-384x384.jpg\" data-srcset=\"https:\/\/www.connexion-bois-direct.fr\/fr\/wp-content\/uploads\/2025\/01\/terrasse-ambre-ame-bambou-2-1-384x384.jpg 384w, https:\/\/www.connexion-bois-direct.fr\/fr\/wp-content\/uploads\/2025\/01\/terrasse-ambre-ame-bambou-2-1-576x576.jpg 576w\" loading=\"eager\" style=\"--ratio: 384 \/ 384\" sizes=\"(max-width: 384px) 100vw, 384px\" alt=\"Terrasse Bambou\" width=\"384\" height=\"384\"  \/><span class=\"gallery-rollover\"><span class=\"gallery-zoom-ico icomoon-the7-font-the7-expand-02\"><span><\/span><\/span><\/span><\/a><\/article><\/div><div class=\"visible wf-cell\" data-post-id=\"7244\" data-date=\"2025-01-21T16:14:07+01:00\" data-name=\"Terrasse Bambou\"><article class=\"post visible post-7244 attachment type-attachment status-inherit hentry no-img\"><a href=\"https:\/\/www.connexion-bois-direct.fr\/fr\/wp-content\/uploads\/2025\/01\/terrasse-ambre-lame-bambou-9.jpg\" class=\"rollover-click-target rollover dt-pswp-item layzr-bg\" title=\"Terrasse Bambou\" data-dt-img-description=\"\"  data-large_image_width=\"1000\" data-large_image_height = \"667\" ><img decoding=\"async\" class=\"preload-me iso-lazy-load aspect\" src=\"data:image\/svg+xml,%3Csvg%20xmlns%3D&#39;http%3A%2F%2Fwww.w3.org%2F2000%2Fsvg&#39;%20viewBox%3D&#39;0%200%20384%20384&#39;%2F%3E\" data-src=\"https:\/\/www.connexion-bois-direct.fr\/fr\/wp-content\/uploads\/2025\/01\/terrasse-ambre-lame-bambou-9-384x384.jpg\" data-srcset=\"https:\/\/www.connexion-bois-direct.fr\/fr\/wp-content\/uploads\/2025\/01\/terrasse-ambre-lame-bambou-9-384x384.jpg 384w, https:\/\/www.connexion-bois-direct.fr\/fr\/wp-content\/uploads\/2025\/01\/terrasse-ambre-lame-bambou-9-576x576.jpg 576w\" loading=\"eager\" style=\"--ratio: 384 \/ 384\" sizes=\"(max-width: 384px) 100vw, 384px\" alt=\"Terrasse Bambou\" width=\"384\" height=\"384\"  \/><span class=\"gallery-rollover\"><span class=\"gallery-zoom-ico icomoon-the7-font-the7-expand-02\"><span><\/span><\/span><\/span><\/a><\/article><\/div><div class=\"visible wf-cell\" data-post-id=\"7245\" data-date=\"2025-01-21T16:14:49+01:00\" data-name=\"Terrasse Bambou\"><article class=\"post visible post-7245 attachment type-attachment status-inherit hentry no-img\"><a href=\"https:\/\/www.connexion-bois-direct.fr\/fr\/wp-content\/uploads\/2025\/01\/20230920_170243-scaled.jpg\" class=\"rollover-click-target rollover dt-pswp-item layzr-bg\" title=\"Terrasse Bambou\" data-dt-img-description=\"\"  data-large_image_width=\"2560\" data-large_image_height = \"1152\" ><img decoding=\"async\" class=\"preload-me iso-lazy-load aspect\" src=\"data:image\/svg+xml,%3Csvg%20xmlns%3D&#39;http%3A%2F%2Fwww.w3.org%2F2000%2Fsvg&#39;%20viewBox%3D&#39;0%200%20384%20384&#39;%2F%3E\" data-src=\"https:\/\/www.connexion-bois-direct.fr\/fr\/wp-content\/uploads\/2025\/01\/20230920_170243-scaled-384x384.jpg\" data-srcset=\"https:\/\/www.connexion-bois-direct.fr\/fr\/wp-content\/uploads\/2025\/01\/20230920_170243-scaled-384x384.jpg 384w, https:\/\/www.connexion-bois-direct.fr\/fr\/wp-content\/uploads\/2025\/01\/20230920_170243-scaled-576x576.jpg 576w\" loading=\"eager\" style=\"--ratio: 384 \/ 384\" sizes=\"(max-width: 384px) 100vw, 384px\" alt=\"Terrasse Bambou\" width=\"384\" height=\"384\"  \/><span class=\"gallery-rollover\"><span class=\"gallery-zoom-ico icomoon-the7-font-the7-expand-02\"><span><\/span><\/span><\/span><\/a><\/article><\/div><div class=\"visible wf-cell\" data-post-id=\"7246\" data-date=\"2025-01-21T16:14:53+01:00\" data-name=\"Terrasse Bambou\"><article class=\"post visible post-7246 attachment type-attachment status-inherit hentry no-img\"><a href=\"https:\/\/www.connexion-bois-direct.fr\/fr\/wp-content\/uploads\/2025\/01\/20230920_170328-scaled.jpg\" class=\"rollover-click-target rollover dt-pswp-item layzr-bg\" title=\"Terrasse Bambou\" data-dt-img-description=\"\"  data-large_image_width=\"2560\" data-large_image_height = \"1152\" ><img decoding=\"async\" class=\"preload-me iso-lazy-load aspect\" src=\"data:image\/svg+xml,%3Csvg%20xmlns%3D&#39;http%3A%2F%2Fwww.w3.org%2F2000%2Fsvg&#39;%20viewBox%3D&#39;0%200%20384%20384&#39;%2F%3E\" data-src=\"https:\/\/www.connexion-bois-direct.fr\/fr\/wp-content\/uploads\/2025\/01\/20230920_170328-scaled-384x384.jpg\" data-srcset=\"https:\/\/www.connexion-bois-direct.fr\/fr\/wp-content\/uploads\/2025\/01\/20230920_170328-scaled-384x384.jpg 384w, https:\/\/www.connexion-bois-direct.fr\/fr\/wp-content\/uploads\/2025\/01\/20230920_170328-scaled-576x576.jpg 576w\" loading=\"eager\" style=\"--ratio: 384 \/ 384\" sizes=\"(max-width: 384px) 100vw, 384px\" alt=\"Terrasse Bambou\" width=\"384\" height=\"384\"  \/><span class=\"gallery-rollover\"><span class=\"gallery-zoom-ico icomoon-the7-font-the7-expand-02\"><span><\/span><\/span><\/span><\/a><\/article><\/div><div class=\"visible wf-cell\" data-post-id=\"7247\" data-date=\"2025-01-21T16:14:56+01:00\" data-name=\"Terrasse Bambou\"><article class=\"post visible post-7247 attachment type-attachment status-inherit hentry no-img\"><a href=\"https:\/\/www.connexion-bois-direct.fr\/fr\/wp-content\/uploads\/2025\/01\/20230920_170346-scaled.jpg\" class=\"rollover-click-target rollover dt-pswp-item layzr-bg\" title=\"Terrasse Bambou\" data-dt-img-description=\"\"  data-large_image_width=\"2560\" data-large_image_height = \"1154\" ><img decoding=\"async\" class=\"preload-me iso-lazy-load aspect\" src=\"data:image\/svg+xml,%3Csvg%20xmlns%3D&#39;http%3A%2F%2Fwww.w3.org%2F2000%2Fsvg&#39;%20viewBox%3D&#39;0%200%20384%20384&#39;%2F%3E\" data-src=\"https:\/\/www.connexion-bois-direct.fr\/fr\/wp-content\/uploads\/2025\/01\/20230920_170346-scaled-384x384.jpg\" data-srcset=\"https:\/\/www.connexion-bois-direct.fr\/fr\/wp-content\/uploads\/2025\/01\/20230920_170346-scaled-384x384.jpg 384w, https:\/\/www.connexion-bois-direct.fr\/fr\/wp-content\/uploads\/2025\/01\/20230920_170346-scaled-576x576.jpg 576w\" loading=\"eager\" style=\"--ratio: 384 \/ 384\" sizes=\"(max-width: 384px) 100vw, 384px\" alt=\"Terrasse Bambou\" width=\"384\" height=\"384\"  \/><span class=\"gallery-rollover\"><span class=\"gallery-zoom-ico icomoon-the7-font-the7-expand-02\"><span><\/span><\/span><\/span><\/a><\/article><\/div><div class=\"visible wf-cell\" data-post-id=\"7248\" data-date=\"2025-01-21T16:14:59+01:00\" data-name=\"Terrasse Bambou\"><article class=\"post visible post-7248 attachment type-attachment status-inherit hentry no-img\"><a href=\"https:\/\/www.connexion-bois-direct.fr\/fr\/wp-content\/uploads\/2025\/01\/avant-apres.jpg\" class=\"rollover-click-target rollover dt-pswp-item layzr-bg\" title=\"Terrasse Bambou\" data-dt-img-description=\"\"  data-large_image_width=\"1500\" data-large_image_height = \"1000\" ><img decoding=\"async\" class=\"preload-me iso-lazy-load aspect\" src=\"data:image\/svg+xml,%3Csvg%20xmlns%3D&#39;http%3A%2F%2Fwww.w3.org%2F2000%2Fsvg&#39;%20viewBox%3D&#39;0%200%20384%20384&#39;%2F%3E\" data-src=\"https:\/\/www.connexion-bois-direct.fr\/fr\/wp-content\/uploads\/2025\/01\/avant-apres-384x384.jpg\" data-srcset=\"https:\/\/www.connexion-bois-direct.fr\/fr\/wp-content\/uploads\/2025\/01\/avant-apres-384x384.jpg 384w, https:\/\/www.connexion-bois-direct.fr\/fr\/wp-content\/uploads\/2025\/01\/avant-apres-576x576.jpg 576w\" loading=\"eager\" style=\"--ratio: 384 \/ 384\" sizes=\"(max-width: 384px) 100vw, 384px\" alt=\"Terrasse Bambou\" width=\"384\" height=\"384\"  \/><span class=\"gallery-rollover\"><span class=\"gallery-zoom-ico icomoon-the7-font-the7-expand-02\"><span><\/span><\/span><\/span><\/a><\/article><\/div><div class=\"visible wf-cell\" data-post-id=\"7249\" data-date=\"2025-01-21T16:15:02+01:00\" data-name=\"Terrasse Bambou\"><article class=\"post visible post-7249 attachment type-attachment status-inherit hentry no-img\"><a href=\"https:\/\/www.connexion-bois-direct.fr\/fr\/wp-content\/uploads\/2025\/01\/DSC_0027-scaled.jpg\" class=\"rollover-click-target rollover dt-pswp-item layzr-bg\" title=\"Terrasse Bambou\" data-dt-img-description=\"\"  data-large_image_width=\"2560\" data-large_image_height = \"1707\" ><img decoding=\"async\" class=\"preload-me iso-lazy-load aspect\" src=\"data:image\/svg+xml,%3Csvg%20xmlns%3D&#39;http%3A%2F%2Fwww.w3.org%2F2000%2Fsvg&#39;%20viewBox%3D&#39;0%200%20384%20384&#39;%2F%3E\" data-src=\"https:\/\/www.connexion-bois-direct.fr\/fr\/wp-content\/uploads\/2025\/01\/DSC_0027-scaled-384x384.jpg\" data-srcset=\"https:\/\/www.connexion-bois-direct.fr\/fr\/wp-content\/uploads\/2025\/01\/DSC_0027-scaled-384x384.jpg 384w, https:\/\/www.connexion-bois-direct.fr\/fr\/wp-content\/uploads\/2025\/01\/DSC_0027-scaled-576x576.jpg 576w\" loading=\"eager\" style=\"--ratio: 384 \/ 384\" sizes=\"(max-width: 384px) 100vw, 384px\" alt=\"Terrasse Bambou\" width=\"384\" height=\"384\"  \/><span class=\"gallery-rollover\"><span class=\"gallery-zoom-ico icomoon-the7-font-the7-expand-02\"><span><\/span><\/span><\/span><\/a><\/article><\/div><div class=\"visible wf-cell\" data-post-id=\"7250\" data-date=\"2025-01-21T16:15:12+01:00\" data-name=\"Terrasse Bambou\"><article class=\"post visible post-7250 attachment type-attachment status-inherit hentry no-img\"><a href=\"https:\/\/www.connexion-bois-direct.fr\/fr\/wp-content\/uploads\/2025\/01\/DSC_0029-scaled.jpg\" class=\"rollover-click-target rollover dt-pswp-item layzr-bg\" title=\"Terrasse Bambou\" data-dt-img-description=\"\"  data-large_image_width=\"2560\" data-large_image_height = \"1707\" ><img decoding=\"async\" class=\"preload-me iso-lazy-load aspect\" src=\"data:image\/svg+xml,%3Csvg%20xmlns%3D&#39;http%3A%2F%2Fwww.w3.org%2F2000%2Fsvg&#39;%20viewBox%3D&#39;0%200%20384%20384&#39;%2F%3E\" data-src=\"https:\/\/www.connexion-bois-direct.fr\/fr\/wp-content\/uploads\/2025\/01\/DSC_0029-scaled-384x384.jpg\" data-srcset=\"https:\/\/www.connexion-bois-direct.fr\/fr\/wp-content\/uploads\/2025\/01\/DSC_0029-scaled-384x384.jpg 384w, https:\/\/www.connexion-bois-direct.fr\/fr\/wp-content\/uploads\/2025\/01\/DSC_0029-scaled-576x576.jpg 576w\" loading=\"eager\" style=\"--ratio: 384 \/ 384\" sizes=\"(max-width: 384px) 100vw, 384px\" alt=\"Terrasse Bambou\" width=\"384\" height=\"384\"  \/><span class=\"gallery-rollover\"><span class=\"gallery-zoom-ico icomoon-the7-font-the7-expand-02\"><span><\/span><\/span><\/span><\/a><\/article><\/div><div class=\"visible wf-cell\" data-post-id=\"7251\" data-date=\"2025-01-21T16:15:19+01:00\" data-name=\"Terrasse Bambou\"><article class=\"post visible post-7251 attachment type-attachment status-inherit hentry no-img\"><a href=\"https:\/\/www.connexion-bois-direct.fr\/fr\/wp-content\/uploads\/2025\/01\/DSC_1555-scaled.jpg\" class=\"rollover-click-target rollover dt-pswp-item layzr-bg\" title=\"Terrasse Bambou\" data-dt-img-description=\"\"  data-large_image_width=\"2560\" data-large_image_height = \"1709\" ><img decoding=\"async\" class=\"preload-me iso-lazy-load aspect\" src=\"data:image\/svg+xml,%3Csvg%20xmlns%3D&#39;http%3A%2F%2Fwww.w3.org%2F2000%2Fsvg&#39;%20viewBox%3D&#39;0%200%20384%20384&#39;%2F%3E\" data-src=\"https:\/\/www.connexion-bois-direct.fr\/fr\/wp-content\/uploads\/2025\/01\/DSC_1555-scaled-384x384.jpg\" data-srcset=\"https:\/\/www.connexion-bois-direct.fr\/fr\/wp-content\/uploads\/2025\/01\/DSC_1555-scaled-384x384.jpg 384w, https:\/\/www.connexion-bois-direct.fr\/fr\/wp-content\/uploads\/2025\/01\/DSC_1555-scaled-576x576.jpg 576w\" loading=\"eager\" style=\"--ratio: 384 \/ 384\" sizes=\"(max-width: 384px) 100vw, 384px\" alt=\"Terrasse Bambou\" width=\"384\" height=\"384\"  \/><span class=\"gallery-rollover\"><span class=\"gallery-zoom-ico icomoon-the7-font-the7-expand-02\"><span><\/span><\/span><\/span><\/a><\/article><\/div><div class=\"visible wf-cell\" data-post-id=\"7252\" data-date=\"2025-01-21T16:15:28+01:00\" data-name=\"Terrasse Bambou\"><article class=\"post visible post-7252 attachment type-attachment status-inherit hentry no-img\"><a href=\"https:\/\/www.connexion-bois-direct.fr\/fr\/wp-content\/uploads\/2025\/01\/DSC_1561-scaled.jpeg\" class=\"rollover-click-target rollover dt-pswp-item layzr-bg\" title=\"Terrasse Bambou\" data-dt-img-description=\"\"  data-large_image_width=\"2560\" data-large_image_height = \"1709\" ><img decoding=\"async\" class=\"preload-me iso-lazy-load aspect\" src=\"data:image\/svg+xml,%3Csvg%20xmlns%3D&#39;http%3A%2F%2Fwww.w3.org%2F2000%2Fsvg&#39;%20viewBox%3D&#39;0%200%20384%20384&#39;%2F%3E\" data-src=\"https:\/\/www.connexion-bois-direct.fr\/fr\/wp-content\/uploads\/2025\/01\/DSC_1561-scaled-384x384.jpeg\" data-srcset=\"https:\/\/www.connexion-bois-direct.fr\/fr\/wp-content\/uploads\/2025\/01\/DSC_1561-scaled-384x384.jpeg 384w, https:\/\/www.connexion-bois-direct.fr\/fr\/wp-content\/uploads\/2025\/01\/DSC_1561-scaled-576x576.jpeg 576w\" loading=\"eager\" style=\"--ratio: 384 \/ 384\" sizes=\"(max-width: 384px) 100vw, 384px\" alt=\"Terrasse Bambou\" width=\"384\" height=\"384\"  \/><span class=\"gallery-rollover\"><span class=\"gallery-zoom-ico icomoon-the7-font-the7-expand-02\"><span><\/span><\/span><\/span><\/a><\/article><\/div><div class=\"visible wf-cell\" data-post-id=\"7253\" data-date=\"2025-01-21T16:15:36+01:00\" data-name=\"Terrasse Bambou\"><article class=\"post visible post-7253 attachment type-attachment status-inherit hentry no-img\"><a href=\"https:\/\/www.connexion-bois-direct.fr\/fr\/wp-content\/uploads\/2025\/01\/DSC_1569-scaled.jpeg\" class=\"rollover-click-target rollover dt-pswp-item layzr-bg\" title=\"Terrasse Bambou\" data-dt-img-description=\"\"  data-large_image_width=\"2560\" data-large_image_height = \"1709\" ><img decoding=\"async\" class=\"preload-me iso-lazy-load aspect\" src=\"data:image\/svg+xml,%3Csvg%20xmlns%3D&#39;http%3A%2F%2Fwww.w3.org%2F2000%2Fsvg&#39;%20viewBox%3D&#39;0%200%20384%20384&#39;%2F%3E\" data-src=\"https:\/\/www.connexion-bois-direct.fr\/fr\/wp-content\/uploads\/2025\/01\/DSC_1569-scaled-384x384.jpeg\" data-srcset=\"https:\/\/www.connexion-bois-direct.fr\/fr\/wp-content\/uploads\/2025\/01\/DSC_1569-scaled-384x384.jpeg 384w, https:\/\/www.connexion-bois-direct.fr\/fr\/wp-content\/uploads\/2025\/01\/DSC_1569-scaled-576x576.jpeg 576w\" loading=\"eager\" style=\"--ratio: 384 \/ 384\" sizes=\"(max-width: 384px) 100vw, 384px\" alt=\"Terrasse Bambou\" width=\"384\" height=\"384\"  \/><span class=\"gallery-rollover\"><span class=\"gallery-zoom-ico icomoon-the7-font-the7-expand-02\"><span><\/span><\/span><\/span><\/a><\/article><\/div><div class=\"visible wf-cell\" data-post-id=\"7254\" data-date=\"2025-01-21T16:15:45+01:00\" data-name=\"Terrasse Bambou\"><article class=\"post visible post-7254 attachment type-attachment status-inherit hentry no-img\"><a href=\"https:\/\/www.connexion-bois-direct.fr\/fr\/wp-content\/uploads\/2025\/01\/photos-terrasse-moka3-1.jpg\" class=\"rollover-click-target rollover dt-pswp-item layzr-bg\" title=\"Terrasse Bambou\" data-dt-img-description=\"\"  data-large_image_width=\"1000\" data-large_image_height = \"944\" ><img decoding=\"async\" class=\"preload-me iso-lazy-load aspect\" src=\"data:image\/svg+xml,%3Csvg%20xmlns%3D&#39;http%3A%2F%2Fwww.w3.org%2F2000%2Fsvg&#39;%20viewBox%3D&#39;0%200%20384%20384&#39;%2F%3E\" data-src=\"https:\/\/www.connexion-bois-direct.fr\/fr\/wp-content\/uploads\/2025\/01\/photos-terrasse-moka3-1-384x384.jpg\" data-srcset=\"https:\/\/www.connexion-bois-direct.fr\/fr\/wp-content\/uploads\/2025\/01\/photos-terrasse-moka3-1-384x384.jpg 384w, https:\/\/www.connexion-bois-direct.fr\/fr\/wp-content\/uploads\/2025\/01\/photos-terrasse-moka3-1-576x576.jpg 576w\" loading=\"eager\" style=\"--ratio: 384 \/ 384\" sizes=\"(max-width: 384px) 100vw, 384px\" alt=\"Terrasse Bambou\" width=\"384\" height=\"384\"  \/><span class=\"gallery-rollover\"><span class=\"gallery-zoom-ico icomoon-the7-font-the7-expand-02\"><span><\/span><\/span><\/span><\/a><\/article><\/div><div class=\"visible wf-cell\" data-post-id=\"7255\" data-date=\"2025-01-21T16:15:47+01:00\" data-name=\"Terrasse Bambou\"><article class=\"post visible post-7255 attachment type-attachment status-inherit hentry no-img\"><a href=\"https:\/\/www.connexion-bois-direct.fr\/fr\/wp-content\/uploads\/2025\/01\/terrasse-2.jpg\" class=\"rollover-click-target rollover dt-pswp-item layzr-bg\" title=\"Terrasse Bambou\" data-dt-img-description=\"\"  data-large_image_width=\"1500\" data-large_image_height = \"1125\" ><img decoding=\"async\" class=\"preload-me iso-lazy-load aspect\" src=\"data:image\/svg+xml,%3Csvg%20xmlns%3D&#39;http%3A%2F%2Fwww.w3.org%2F2000%2Fsvg&#39;%20viewBox%3D&#39;0%200%20384%20384&#39;%2F%3E\" data-src=\"https:\/\/www.connexion-bois-direct.fr\/fr\/wp-content\/uploads\/2025\/01\/terrasse-2-384x384.jpg\" data-srcset=\"https:\/\/www.connexion-bois-direct.fr\/fr\/wp-content\/uploads\/2025\/01\/terrasse-2-384x384.jpg 384w, https:\/\/www.connexion-bois-direct.fr\/fr\/wp-content\/uploads\/2025\/01\/terrasse-2-576x576.jpg 576w\" loading=\"eager\" style=\"--ratio: 384 \/ 384\" sizes=\"(max-width: 384px) 100vw, 384px\" alt=\"Terrasse Bambou\" width=\"384\" height=\"384\"  \/><span class=\"gallery-rollover\"><span class=\"gallery-zoom-ico icomoon-the7-font-the7-expand-02\"><span><\/span><\/span><\/span><\/a><\/article><\/div><div class=\"visible wf-cell\" data-post-id=\"7256\" data-date=\"2025-01-21T16:15:49+01:00\" data-name=\"Terrasse Bambou\"><article class=\"post visible post-7256 attachment type-attachment status-inherit hentry no-img\"><a href=\"https:\/\/www.connexion-bois-direct.fr\/fr\/wp-content\/uploads\/2025\/01\/terrasse-moka-lame-bambou-1-1.jpg\" class=\"rollover-click-target rollover dt-pswp-item layzr-bg\" title=\"Terrasse Bambou\" data-dt-img-description=\"\"  data-large_image_width=\"1000\" data-large_image_height = \"450\" ><img decoding=\"async\" class=\"preload-me iso-lazy-load aspect\" src=\"data:image\/svg+xml,%3Csvg%20xmlns%3D&#39;http%3A%2F%2Fwww.w3.org%2F2000%2Fsvg&#39;%20viewBox%3D&#39;0%200%20384%20384&#39;%2F%3E\" data-src=\"https:\/\/www.connexion-bois-direct.fr\/fr\/wp-content\/uploads\/2025\/01\/terrasse-moka-lame-bambou-1-1-384x384.jpg\" data-srcset=\"https:\/\/www.connexion-bois-direct.fr\/fr\/wp-content\/uploads\/2025\/01\/terrasse-moka-lame-bambou-1-1-384x384.jpg 384w, https:\/\/www.connexion-bois-direct.fr\/fr\/wp-content\/uploads\/2025\/01\/terrasse-moka-lame-bambou-1-1-450x450.jpg 450w\" loading=\"eager\" style=\"--ratio: 384 \/ 384\" sizes=\"(max-width: 384px) 100vw, 384px\" alt=\"Terrasse Bambou\" width=\"384\" height=\"384\"  \/><span class=\"gallery-rollover\"><span class=\"gallery-zoom-ico icomoon-the7-font-the7-expand-02\"><span><\/span><\/span><\/span><\/a><\/article><\/div><div class=\"visible wf-cell\" data-post-id=\"7257\" data-date=\"2025-01-21T16:15:50+01:00\" data-name=\"Terrasse Bambou\"><article class=\"post visible post-7257 attachment type-attachment status-inherit hentry no-img\"><a href=\"https:\/\/www.connexion-bois-direct.fr\/fr\/wp-content\/uploads\/2025\/01\/terrasse-moka-lame-bambou-2-1.jpg\" class=\"rollover-click-target rollover dt-pswp-item layzr-bg\" title=\"Terrasse Bambou\" data-dt-img-description=\"\"  data-large_image_width=\"640\" data-large_image_height = \"426\" ><img decoding=\"async\" class=\"preload-me iso-lazy-load aspect\" src=\"data:image\/svg+xml,%3Csvg%20xmlns%3D&#39;http%3A%2F%2Fwww.w3.org%2F2000%2Fsvg&#39;%20viewBox%3D&#39;0%200%20384%20384&#39;%2F%3E\" data-src=\"https:\/\/www.connexion-bois-direct.fr\/fr\/wp-content\/uploads\/2025\/01\/terrasse-moka-lame-bambou-2-1-384x384.jpg\" data-srcset=\"https:\/\/www.connexion-bois-direct.fr\/fr\/wp-content\/uploads\/2025\/01\/terrasse-moka-lame-bambou-2-1-384x384.jpg 384w, https:\/\/www.connexion-bois-direct.fr\/fr\/wp-content\/uploads\/2025\/01\/terrasse-moka-lame-bambou-2-1-426x426.jpg 426w\" loading=\"eager\" style=\"--ratio: 384 \/ 384\" sizes=\"(max-width: 384px) 100vw, 384px\" alt=\"Terrasse Bambou\" width=\"384\" height=\"384\"  \/><span class=\"gallery-rollover\"><span class=\"gallery-zoom-ico icomoon-the7-font-the7-expand-02\"><span><\/span><\/span><\/span><\/a><\/article><\/div><div class=\"visible wf-cell\" data-post-id=\"7258\" data-date=\"2025-01-21T16:15:52+01:00\" data-name=\"Terrasse Bambou\"><article class=\"post visible post-7258 attachment type-attachment status-inherit hentry no-img\"><a href=\"https:\/\/www.connexion-bois-direct.fr\/fr\/wp-content\/uploads\/2025\/01\/terrasse-moka-lame-bambou-3-2.jpg\" class=\"rollover-click-target rollover dt-pswp-item layzr-bg\" title=\"Terrasse Bambou\" data-dt-img-description=\"\"  data-large_image_width=\"640\" data-large_image_height = \"426\" ><img decoding=\"async\" class=\"preload-me iso-lazy-load aspect\" src=\"data:image\/svg+xml,%3Csvg%20xmlns%3D&#39;http%3A%2F%2Fwww.w3.org%2F2000%2Fsvg&#39;%20viewBox%3D&#39;0%200%20384%20384&#39;%2F%3E\" data-src=\"https:\/\/www.connexion-bois-direct.fr\/fr\/wp-content\/uploads\/2025\/01\/terrasse-moka-lame-bambou-3-2-384x384.jpg\" data-srcset=\"https:\/\/www.connexion-bois-direct.fr\/fr\/wp-content\/uploads\/2025\/01\/terrasse-moka-lame-bambou-3-2-384x384.jpg 384w, https:\/\/www.connexion-bois-direct.fr\/fr\/wp-content\/uploads\/2025\/01\/terrasse-moka-lame-bambou-3-2-426x426.jpg 426w\" loading=\"eager\" style=\"--ratio: 384 \/ 384\" sizes=\"(max-width: 384px) 100vw, 384px\" alt=\"Terrasse Bambou\" width=\"384\" height=\"384\"  \/><span class=\"gallery-rollover\"><span class=\"gallery-zoom-ico icomoon-the7-font-the7-expand-02\"><span><\/span><\/span><\/span><\/a><\/article><\/div><div class=\"visible wf-cell\" data-post-id=\"7259\" data-date=\"2025-01-21T16:15:54+01:00\" data-name=\"Terrasse Bambou\"><article class=\"post visible post-7259 attachment type-attachment status-inherit hentry no-img\"><a href=\"https:\/\/www.connexion-bois-direct.fr\/fr\/wp-content\/uploads\/2025\/01\/terrasse-moka-lame-bambou-4-1.jpg\" class=\"rollover-click-target rollover dt-pswp-item layzr-bg\" title=\"Terrasse Bambou\" data-dt-img-description=\"\"  data-large_image_width=\"1000\" data-large_image_height = \"709\" ><img decoding=\"async\" class=\"preload-me iso-lazy-load aspect\" src=\"data:image\/svg+xml,%3Csvg%20xmlns%3D&#39;http%3A%2F%2Fwww.w3.org%2F2000%2Fsvg&#39;%20viewBox%3D&#39;0%200%20384%20384&#39;%2F%3E\" data-src=\"https:\/\/www.connexion-bois-direct.fr\/fr\/wp-content\/uploads\/2025\/01\/terrasse-moka-lame-bambou-4-1-384x384.jpg\" data-srcset=\"https:\/\/www.connexion-bois-direct.fr\/fr\/wp-content\/uploads\/2025\/01\/terrasse-moka-lame-bambou-4-1-384x384.jpg 384w, https:\/\/www.connexion-bois-direct.fr\/fr\/wp-content\/uploads\/2025\/01\/terrasse-moka-lame-bambou-4-1-576x576.jpg 576w\" loading=\"eager\" style=\"--ratio: 384 \/ 384\" sizes=\"(max-width: 384px) 100vw, 384px\" alt=\"Terrasse Bambou\" width=\"384\" height=\"384\"  \/><span class=\"gallery-rollover\"><span class=\"gallery-zoom-ico icomoon-the7-font-the7-expand-02\"><span><\/span><\/span><\/span><\/a><\/article><\/div><div class=\"visible wf-cell\" data-post-id=\"7260\" data-date=\"2025-01-21T16:15:55+01:00\" data-name=\"Terrasse Bambou\"><article class=\"post visible post-7260 attachment type-attachment status-inherit hentry no-img\"><a href=\"https:\/\/www.connexion-bois-direct.fr\/fr\/wp-content\/uploads\/2025\/01\/terrasse-moka-lame-bambou-5-1-1.jpg\" class=\"rollover-click-target rollover dt-pswp-item layzr-bg\" title=\"Terrasse Bambou\" data-dt-img-description=\"\"  data-large_image_width=\"750\" data-large_image_height = \"1000\" ><img decoding=\"async\" class=\"preload-me iso-lazy-load aspect\" src=\"data:image\/svg+xml,%3Csvg%20xmlns%3D&#39;http%3A%2F%2Fwww.w3.org%2F2000%2Fsvg&#39;%20viewBox%3D&#39;0%200%20384%20384&#39;%2F%3E\" data-src=\"https:\/\/www.connexion-bois-direct.fr\/fr\/wp-content\/uploads\/2025\/01\/terrasse-moka-lame-bambou-5-1-1-384x384.jpg\" data-srcset=\"https:\/\/www.connexion-bois-direct.fr\/fr\/wp-content\/uploads\/2025\/01\/terrasse-moka-lame-bambou-5-1-1-384x384.jpg 384w, https:\/\/www.connexion-bois-direct.fr\/fr\/wp-content\/uploads\/2025\/01\/terrasse-moka-lame-bambou-5-1-1-576x576.jpg 576w\" loading=\"eager\" style=\"--ratio: 384 \/ 384\" sizes=\"(max-width: 384px) 100vw, 384px\" alt=\"Terrasse Bambou\" width=\"384\" height=\"384\"  \/><span class=\"gallery-rollover\"><span class=\"gallery-zoom-ico icomoon-the7-font-the7-expand-02\"><span><\/span><\/span><\/span><\/a><\/article><\/div><div class=\"visible wf-cell\" data-post-id=\"7261\" data-date=\"2025-01-21T16:15:56+01:00\" data-name=\"Terrasse Bambou\"><article class=\"post visible post-7261 attachment type-attachment status-inherit hentry no-img\"><a href=\"https:\/\/www.connexion-bois-direct.fr\/fr\/wp-content\/uploads\/2025\/01\/terrasse-moka-lame-bambou-7.jpg\" class=\"rollover-click-target rollover dt-pswp-item layzr-bg\" title=\"Terrasse Bambou\" data-dt-img-description=\"\"  data-large_image_width=\"1000\" data-large_image_height = \"667\" ><img decoding=\"async\" class=\"preload-me iso-lazy-load aspect\" src=\"data:image\/svg+xml,%3Csvg%20xmlns%3D&#39;http%3A%2F%2Fwww.w3.org%2F2000%2Fsvg&#39;%20viewBox%3D&#39;0%200%20384%20384&#39;%2F%3E\" data-src=\"https:\/\/www.connexion-bois-direct.fr\/fr\/wp-content\/uploads\/2025\/01\/terrasse-moka-lame-bambou-7-384x384.jpg\" data-srcset=\"https:\/\/www.connexion-bois-direct.fr\/fr\/wp-content\/uploads\/2025\/01\/terrasse-moka-lame-bambou-7-384x384.jpg 384w, https:\/\/www.connexion-bois-direct.fr\/fr\/wp-content\/uploads\/2025\/01\/terrasse-moka-lame-bambou-7-576x576.jpg 576w\" loading=\"eager\" style=\"--ratio: 384 \/ 384\" sizes=\"(max-width: 384px) 100vw, 384px\" alt=\"Terrasse Bambou\" width=\"384\" height=\"384\"  \/><span class=\"gallery-rollover\"><span class=\"gallery-zoom-ico icomoon-the7-font-the7-expand-02\"><span><\/span><\/span><\/span><\/a><\/article><\/div><div class=\"visible wf-cell\" data-post-id=\"7262\" data-date=\"2025-01-21T16:15:58+01:00\" data-name=\"Terrasse Bambou\"><article class=\"post visible post-7262 attachment type-attachment status-inherit hentry no-img\"><a href=\"https:\/\/www.connexion-bois-direct.fr\/fr\/wp-content\/uploads\/2025\/01\/terrasse-moka-lame-bambou-14-1.jpg\" class=\"rollover-click-target rollover dt-pswp-item layzr-bg\" title=\"Terrasse Bambou\" data-dt-img-description=\"\"  data-large_image_width=\"450\" data-large_image_height = \"600\" ><img decoding=\"async\" class=\"preload-me iso-lazy-load aspect\" src=\"data:image\/svg+xml,%3Csvg%20xmlns%3D&#39;http%3A%2F%2Fwww.w3.org%2F2000%2Fsvg&#39;%20viewBox%3D&#39;0%200%20384%20384&#39;%2F%3E\" data-src=\"https:\/\/www.connexion-bois-direct.fr\/fr\/wp-content\/uploads\/2025\/01\/terrasse-moka-lame-bambou-14-1-384x384.jpg\" data-srcset=\"https:\/\/www.connexion-bois-direct.fr\/fr\/wp-content\/uploads\/2025\/01\/terrasse-moka-lame-bambou-14-1-384x384.jpg 384w, https:\/\/www.connexion-bois-direct.fr\/fr\/wp-content\/uploads\/2025\/01\/terrasse-moka-lame-bambou-14-1-450x450.jpg 450w\" loading=\"eager\" style=\"--ratio: 384 \/ 384\" sizes=\"(max-width: 384px) 100vw, 384px\" alt=\"Terrasse Bambou\" width=\"384\" height=\"384\"  \/><span class=\"gallery-rollover\"><span class=\"gallery-zoom-ico icomoon-the7-font-the7-expand-02\"><span><\/span><\/span><\/span><\/a><\/article><\/div><div class=\"visible wf-cell\" data-post-id=\"7263\" data-date=\"2025-01-21T16:16:00+01:00\" data-name=\"Terrasse Bambou\"><article class=\"post visible post-7263 attachment type-attachment status-inherit hentry no-img\"><a href=\"https:\/\/www.connexion-bois-direct.fr\/fr\/wp-content\/uploads\/2025\/01\/terrasse-moka-lame-bambou-20-1.jpg\" class=\"rollover-click-target rollover dt-pswp-item layzr-bg\" title=\"Terrasse Bambou\" data-dt-img-description=\"\"  data-large_image_width=\"1000\" data-large_image_height = \"563\" ><img decoding=\"async\" class=\"preload-me iso-lazy-load aspect\" src=\"data:image\/svg+xml,%3Csvg%20xmlns%3D&#39;http%3A%2F%2Fwww.w3.org%2F2000%2Fsvg&#39;%20viewBox%3D&#39;0%200%20384%20384&#39;%2F%3E\" data-src=\"https:\/\/www.connexion-bois-direct.fr\/fr\/wp-content\/uploads\/2025\/01\/terrasse-moka-lame-bambou-20-1-384x384.jpg\" data-srcset=\"https:\/\/www.connexion-bois-direct.fr\/fr\/wp-content\/uploads\/2025\/01\/terrasse-moka-lame-bambou-20-1-384x384.jpg 384w, https:\/\/www.connexion-bois-direct.fr\/fr\/wp-content\/uploads\/2025\/01\/terrasse-moka-lame-bambou-20-1-563x563.jpg 563w\" loading=\"eager\" style=\"--ratio: 384 \/ 384\" sizes=\"(max-width: 384px) 100vw, 384px\" alt=\"Terrasse Bambou\" width=\"384\" height=\"384\"  \/><span class=\"gallery-rollover\"><span class=\"gallery-zoom-ico icomoon-the7-font-the7-expand-02\"><span><\/span><\/span><\/span><\/a><\/article><\/div><div class=\"visible wf-cell\" data-post-id=\"7264\" data-date=\"2025-01-21T16:16:02+01:00\" data-name=\"Terrasse Bambou\"><article class=\"post visible post-7264 attachment type-attachment status-inherit hentry no-img\"><a href=\"https:\/\/www.connexion-bois-direct.fr\/fr\/wp-content\/uploads\/2025\/01\/terrasse-moka-lame-bambou-22-1.jpg\" class=\"rollover-click-target rollover dt-pswp-item layzr-bg\" title=\"Terrasse Bambou\" data-dt-img-description=\"\"  data-large_image_width=\"1000\" data-large_image_height = \"691\" ><img decoding=\"async\" class=\"preload-me iso-lazy-load aspect\" src=\"data:image\/svg+xml,%3Csvg%20xmlns%3D&#39;http%3A%2F%2Fwww.w3.org%2F2000%2Fsvg&#39;%20viewBox%3D&#39;0%200%20384%20384&#39;%2F%3E\" data-src=\"https:\/\/www.connexion-bois-direct.fr\/fr\/wp-content\/uploads\/2025\/01\/terrasse-moka-lame-bambou-22-1-384x384.jpg\" data-srcset=\"https:\/\/www.connexion-bois-direct.fr\/fr\/wp-content\/uploads\/2025\/01\/terrasse-moka-lame-bambou-22-1-384x384.jpg 384w, https:\/\/www.connexion-bois-direct.fr\/fr\/wp-content\/uploads\/2025\/01\/terrasse-moka-lame-bambou-22-1-576x576.jpg 576w\" loading=\"eager\" style=\"--ratio: 384 \/ 384\" sizes=\"(max-width: 384px) 100vw, 384px\" alt=\"Terrasse Bambou\" width=\"384\" height=\"384\"  \/><span class=\"gallery-rollover\"><span class=\"gallery-zoom-ico icomoon-the7-font-the7-expand-02\"><span><\/span><\/span><\/span><\/a><\/article><\/div><div class=\"visible wf-cell\" data-post-id=\"7265\" data-date=\"2025-01-21T16:16:04+01:00\" data-name=\"Terrasse Bambou\"><article class=\"post visible post-7265 attachment type-attachment status-inherit hentry no-img\"><a href=\"https:\/\/www.connexion-bois-direct.fr\/fr\/wp-content\/uploads\/2025\/01\/terrasse-moka-lame-bambou-23-1.jpg\" class=\"rollover-click-target rollover dt-pswp-item layzr-bg\" title=\"Terrasse Bambou\" data-dt-img-description=\"\"  data-large_image_width=\"666\" data-large_image_height = \"541\" ><img decoding=\"async\" class=\"preload-me iso-lazy-load aspect\" src=\"data:image\/svg+xml,%3Csvg%20xmlns%3D&#39;http%3A%2F%2Fwww.w3.org%2F2000%2Fsvg&#39;%20viewBox%3D&#39;0%200%20384%20384&#39;%2F%3E\" data-src=\"https:\/\/www.connexion-bois-direct.fr\/fr\/wp-content\/uploads\/2025\/01\/terrasse-moka-lame-bambou-23-1-384x384.jpg\" data-srcset=\"https:\/\/www.connexion-bois-direct.fr\/fr\/wp-content\/uploads\/2025\/01\/terrasse-moka-lame-bambou-23-1-384x384.jpg 384w, https:\/\/www.connexion-bois-direct.fr\/fr\/wp-content\/uploads\/2025\/01\/terrasse-moka-lame-bambou-23-1-541x541.jpg 541w\" loading=\"eager\" style=\"--ratio: 384 \/ 384\" sizes=\"(max-width: 384px) 100vw, 384px\" alt=\"Terrasse Bambou\" width=\"384\" height=\"384\"  \/><span class=\"gallery-rollover\"><span class=\"gallery-zoom-ico icomoon-the7-font-the7-expand-02\"><span><\/span><\/span><\/span><\/a><\/article><\/div><\/div><!-- iso-container|iso-grid --><div class=\"paginator\" role=\"navigation\"><\/div><\/div>[\/vc_column][\/vc_row][vc_row bg_type=\u00a0\u00bbimage\u00a0\u00bb parallax_style=\u00a0\u00bbvcpb-vz-jquery\u00a0\u00bb bg_image_new=\u00a0\u00bbid^2685|url^https:\/\/www.connexion-bois-direct.fr\/fr\/wp-content\/uploads\/2020\/12\/fond-home-confiez-1.jpg|caption^null|alt^null|title^fond-home-confiez-1|description^null\u00a0\u00bb bg_image_repeat=\u00a0\u00bbno-repeat\u00a0\u00bb bg_override=\u00a0\u00bbex-full\u00a0\u00bb enable_overlay=\u00a0\u00bbenable_overlay_value\u00a0\u00bb overlay_color=\u00a0\u00bbrgba(0,0,0,0.6)\u00a0\u00bb type=\u00a0\u00bbvc_default\u00a0\u00bb css=\u00a0\u00bb.vc_custom_1608031847416{padding-top: 150px !important;padding-bottom: 150px !important;}\u00a0\u00bb][vc_column]<div id=\"ultimate-heading-349069eee63511ff5\" class=\"uvc-heading ult-adjust-bottom-margin ultimate-heading-349069eee63511ff5 uvc-6172 \" data-hspacer=\"no_spacer\"  data-halign=\"center\" style=\"text-align:center\"><div class=\"uvc-heading-spacer no_spacer\" style=\"top\"><\/div><div class=\"uvc-main-heading ult-responsive\"  data-ultimate-target='.uvc-heading.ultimate-heading-349069eee63511ff5 h2'  data-responsive-json-new='{\"font-size\":\"desktop:48px;\",\"line-height\":\"desktop:58px;\"}' ><h2 style=\"font-weight:bold;color:#ffffff;margin-bottom:20px;\">Confiez-nous votre projet de terrasse bois<\/h2><\/div><div class=\"uvc-sub-heading ult-responsive\"  data-ultimate-target='.uvc-heading.ultimate-heading-349069eee63511ff5 .uvc-sub-heading '  data-responsive-json-new='{\"font-size\":\"desktop:28px;\",\"line-height\":\"desktop:38px;\"}'  style=\"font-weight:normal;color:#ffffff;margin-bottom:30px;\">Une question, un conseil, un devis ? Nous sommes \u00e0 votre \u00e9coute<\/div><\/div>[vc_row_inner][vc_column_inner width=\u00a0\u00bb1\/6&Prime;][\/vc_column_inner][vc_column_inner width=\u00a0\u00bb2\/6&Prime;]<style type=\"text\/css\" data-type=\"the7_shortcodes-inline-css\">#default-btn-cf297b9c730f5df9fa18f4f6458338e5 {\n  border-radius: 1px;\n  font-size: 30px;\n  line-height: 32px;\n}\n.btn-shadow#default-btn-cf297b9c730f5df9fa18f4f6458338e5 {\n  box-shadow: 0 1px 6px rgba(0,0,0,0.12);\n  transition: box-shadow 0.2s ease-out, opacity 0.45s;\n}\n.btn-shadow#default-btn-cf297b9c730f5df9fa18f4f6458338e5:hover {\n  box-shadow: 0 5px 11px 0 rgba(0,0,0,0.18), 0 4px 15px 0 rgba(0,0,0,0.15);\n}\n.btn-flat#default-btn-cf297b9c730f5df9fa18f4f6458338e5 {\n  box-shadow: none;\n}\n.btn-flat#default-btn-cf297b9c730f5df9fa18f4f6458338e5:hover {\n  box-shadow: none;\n}\n#default-btn-cf297b9c730f5df9fa18f4f6458338e5.ico-right-side > i {\n  margin-right: 0px;\n  margin-left: 8px;\n}\n#default-btn-cf297b9c730f5df9fa18f4f6458338e5 > i {\n  margin-right: 8px;\n  font-size: 30px;\n}\n#default-btn-cf297b9c730f5df9fa18f4f6458338e5:not(:hover) {\n  border-width: 0px;\n  padding: 12px 18px 12px 18px;\n}\n#default-btn-cf297b9c730f5df9fa18f4f6458338e5:hover {\n  border-width: 0px;\n  padding: 12px 18px 12px 18px;\n}\n#default-btn-cf297b9c730f5df9fa18f4f6458338e5.ico-right-side > i {\n  margin-right: 0px;\n  margin-left: 8px;\n}\n#default-btn-cf297b9c730f5df9fa18f4f6458338e5 > i {\n  margin-right: 8px;\n}\n<\/style><div class=\"btn-align-center\"><a href=\"Tel:0524545170\" class=\"default-btn-shortcode dt-btn link-hover-off full-width-btn btn-flat  vc_custom_1606996001532\" id=\"default-btn-cf297b9c730f5df9fa18f4f6458338e5\"><i class=\"Defaults-phone\"><\/i><span>05 24 54 51 70<\/span><\/a><\/div>[\/vc_column_inner][vc_column_inner width=\u00a0\u00bb2\/6&Prime;]<style type=\"text\/css\" data-type=\"the7_shortcodes-inline-css\">#default-btn-c2bb25afe2cf838080603236c8a48051 {\n  border-radius: 1px;\n  font-size: 30px;\n  line-height: 32px;\n}\n.btn-shadow#default-btn-c2bb25afe2cf838080603236c8a48051 {\n  box-shadow: 0 1px 6px rgba(0,0,0,0.12);\n  transition: box-shadow 0.2s ease-out, opacity 0.45s;\n}\n.btn-shadow#default-btn-c2bb25afe2cf838080603236c8a48051:hover {\n  box-shadow: 0 5px 11px 0 rgba(0,0,0,0.18), 0 4px 15px 0 rgba(0,0,0,0.15);\n}\n.btn-flat#default-btn-c2bb25afe2cf838080603236c8a48051 {\n  box-shadow: none;\n}\n.btn-flat#default-btn-c2bb25afe2cf838080603236c8a48051:hover {\n  box-shadow: none;\n}\n#default-btn-c2bb25afe2cf838080603236c8a48051.ico-right-side > i {\n  margin-right: 0px;\n  margin-left: 8px;\n}\n#default-btn-c2bb25afe2cf838080603236c8a48051 > i {\n  margin-right: 8px;\n  font-size: 30px;\n}\n#default-btn-c2bb25afe2cf838080603236c8a48051:not(:hover) {\n  border-width: 0px;\n  padding: 12px 18px 12px 18px;\n}\n#default-btn-c2bb25afe2cf838080603236c8a48051:hover {\n  border-width: 0px;\n  padding: 12px 18px 12px 18px;\n}\n#default-btn-c2bb25afe2cf838080603236c8a48051.ico-right-side > i {\n  margin-right: 0px;\n  margin-left: 8px;\n}\n#default-btn-c2bb25afe2cf838080603236c8a48051 > i {\n  margin-right: 8px;\n}\n<\/style><div class=\"btn-align-center\"><a href=\"https:\/\/projet-terrasse.connexion-bois-direct.fr\" class=\"default-btn-shortcode dt-btn link-hover-off full-width-btn btn-flat \" id=\"default-btn-c2bb25afe2cf838080603236c8a48051\"><i class=\"Defaults-calculator\"><\/i><span>DEVIS EN LIGNE<\/span><\/a><\/div>[\/vc_column_inner][vc_column_inner width=\u00a0\u00bb1\/6&Prime;][\/vc_column_inner][\/vc_row_inner][\/vc_column][\/vc_row][vc_row css=\u00a0\u00bb.vc_custom_1608031894772{margin-bottom: 15px !important;padding-top: 100px !important;}\u00a0\u00bb][vc_column css=\u00a0\u00bb.vc_custom_1553087885757{margin-top: -20px !important;}\u00a0\u00bb]<div id=\"ultimate-heading-36669eee635120ed\" class=\"uvc-heading ult-adjust-bottom-margin ultimate-heading-36669eee635120ed uvc-9974 accent-border-color\" data-hspacer=\"no_spacer\"  data-halign=\"center\" style=\"text-align:center\"><div class=\"uvc-heading-spacer no_spacer\" style=\"top\"><\/div><div class=\"uvc-main-heading ult-responsive\"  data-ultimate-target='.uvc-heading.ultimate-heading-36669eee635120ed h2'  data-responsive-json-new='{\"font-size\":\"desktop:70px;\",\"line-height\":\"desktop:80px;\"}' ><h2 style=\"font-weight:bold;color:#000000;\">ACCESSOIRES DE TERRASSE BOIS<\/h2><\/div><div class=\"uvc-sub-heading ult-responsive\"  data-ultimate-target='.uvc-heading.ultimate-heading-36669eee635120ed .uvc-sub-heading '  data-responsive-json-new='{\"font-size\":\"desktop:30px;\",\"line-height\":\"desktop:40px;\"}'  style=\"font-weight:normal;color:#000000;\">pour une pose facile et de qualit\u00e9<\/div><\/div>[vc_column_text el_class=\u00a0\u00bblienspec\u00a0\u00bb]<\/p>\n<p style=\"text-align: center;\"><strong><a href=\"https:\/\/www.connexion-bois-direct.fr\/fr\/les-accessoires-de-terrasses\/\">Voir tous nos accessoires de terrasse<\/a><\/strong><\/p>\n<p>[\/vc_column_text][\/vc_column][\/vc_row][vc_row css=\u00a0\u00bb.vc_custom_1608034765078{padding-bottom: 70px !important;}\u00a0\u00bb][vc_column]<style type=\"text\/css\" data-type=\"the7_shortcodes-inline-css\">.blog-carousel-shortcode.blog-carousel-shortcode-id-96df8beeddd70fd261cca112415de582.dividers-on.classic-layout-list article {\n  padding-top: 0;\n}\n.blog-carousel-shortcode.blog-carousel-shortcode-id-96df8beeddd70fd261cca112415de582.dividers-on.classic-layout-list article:first-of-type {\n  margin-top: 0;\n  padding-top: 0;\n}\n.blog-carousel-shortcode.blog-carousel-shortcode-id-96df8beeddd70fd261cca112415de582.classic-layout-list.mode-list .post-entry-content {\n  width: calc(100% - );\n}\n.blog-carousel-shortcode.blog-carousel-shortcode-id-96df8beeddd70fd261cca112415de582.classic-layout-list.mode-list .no-img .post-entry-content {\n  width: 100%;\n}\n.blog-carousel-shortcode.blog-carousel-shortcode-id-96df8beeddd70fd261cca112415de582 .filter-bg-decoration .filter-categories a.act {\n  color: #fff;\n}\n.blog-carousel-shortcode.blog-carousel-shortcode-id-96df8beeddd70fd261cca112415de582:not(.mode-masonry) article:first-of-type,\n.blog-carousel-shortcode.blog-carousel-shortcode-id-96df8beeddd70fd261cca112415de582:not(.mode-masonry) article.visible.first:not(.product) {\n  margin-top: 0;\n}\n.blog-carousel-shortcode.blog-carousel-shortcode-id-96df8beeddd70fd261cca112415de582.dividers-on:not(.mode-masonry) article {\n  margin-top: 0;\n}\n.blog-carousel-shortcode.blog-carousel-shortcode-id-96df8beeddd70fd261cca112415de582.dividers-on:not(.mode-masonry) article:first-of-type,\n.blog-carousel-shortcode.blog-carousel-shortcode-id-96df8beeddd70fd261cca112415de582.dividers-on:not(.mode-masonry) article.visible.first:not(.product) {\n  margin-top: 0;\n  padding-top: 0;\n}\n.blog-carousel-shortcode.blog-carousel-shortcode-id-96df8beeddd70fd261cca112415de582 .post-thumbnail-wrap {\n  padding: 0px 0px 0px 0px;\n}\n.blog-carousel-shortcode.blog-carousel-shortcode-id-96df8beeddd70fd261cca112415de582.enable-bg-rollover .post-thumbnail-rollover:after {\n  background: -webkit-linear-gradient();\n  background: linear-gradient();\n}\n.blog-carousel-shortcode.blog-carousel-shortcode-id-96df8beeddd70fd261cca112415de582 .gallery-zoom-ico {\n  width: 44px;\n  height: 44px;\n  line-height: 44px;\n  border-radius: 100px;\n  margin: -22px 0 0 -22px;\n  border-width: 0px;\n  color: #ffffff;\n  background: none;\n}\n.bottom-overlap-layout-list.blog-carousel-shortcode.blog-carousel-shortcode-id-96df8beeddd70fd261cca112415de582 .gallery-zoom-ico {\n  margin-top: -72px;\n}\n.gradient-overlay-layout-list.blog-carousel-shortcode.blog-carousel-shortcode-id-96df8beeddd70fd261cca112415de582 .gallery-zoom-ico,\n.content-rollover-layout-list.blog-carousel-shortcode.blog-carousel-shortcode-id-96df8beeddd70fd261cca112415de582 .gallery-zoom-ico {\n  margin: 0 0 10px;\n}\n.content-align-center.gradient-overlay-layout-list.blog-carousel-shortcode.blog-carousel-shortcode-id-96df8beeddd70fd261cca112415de582 .gallery-zoom-ico,\n.content-align-center.content-rollover-layout-list.blog-carousel-shortcode.blog-carousel-shortcode-id-96df8beeddd70fd261cca112415de582 .gallery-zoom-ico {\n  margin: 0 auto 10px;\n}\n.dt-icon-bg-on.blog-carousel-shortcode.blog-carousel-shortcode-id-96df8beeddd70fd261cca112415de582 .gallery-zoom-ico {\n  background: rgba(255,255,255,0.3);\n  box-shadow: none;\n}\n.blog-carousel-shortcode.blog-carousel-shortcode-id-96df8beeddd70fd261cca112415de582 .gallery-zoom-ico > span,\n.blog-carousel-shortcode.blog-carousel-shortcode-id-96df8beeddd70fd261cca112415de582 .gallery-zoom-ico:before {\n  font-size: 32px;\n  line-height: 44px;\n}\n.blog-carousel-shortcode.blog-carousel-shortcode-id-96df8beeddd70fd261cca112415de582 .gallery-zoom-ico > span,\n.blog-carousel-shortcode.blog-carousel-shortcode-id-96df8beeddd70fd261cca112415de582 .gallery-zoom-ico:before {\n  color: #ffffff;\n  background: none;\n}\n.blog-carousel-shortcode.blog-carousel-shortcode-id-96df8beeddd70fd261cca112415de582 .entry-title,\n.blog-carousel-shortcode.blog-carousel-shortcode-id-96df8beeddd70fd261cca112415de582.owl-carousel .entry-title {\n  margin-bottom: 5px;\n  font-size: 15px;\n  font-weight: bold;\n}\n.blog-carousel-shortcode.blog-carousel-shortcode-id-96df8beeddd70fd261cca112415de582 .entry-meta {\n  margin-bottom: 15px;\n}\n.blog-carousel-shortcode.blog-carousel-shortcode-id-96df8beeddd70fd261cca112415de582 .portfolio-categories {\n  margin-bottom: 15px;\n}\n.blog-carousel-shortcode.blog-carousel-shortcode-id-96df8beeddd70fd261cca112415de582 .entry-excerpt {\n  margin-bottom: 5px;\n}\n.blog-carousel-shortcode.blog-carousel-shortcode-id-96df8beeddd70fd261cca112415de582:not(.centered-layout-list) .post-entry-content {\n  padding: 15px 20px 20px 20px;\n}\n.blog-carousel-shortcode.blog-carousel-shortcode-id-96df8beeddd70fd261cca112415de582:not(.centered-layout-list):not(.content-bg-on):not(.mode-list) .no-img .post-entry-content {\n  padding: 0;\n}\n@media screen and (max-width: ) {\n  .blog-carousel-shortcode.blog-carousel-shortcode-id-96df8beeddd70fd261cca112415de582 article {\n    -ms-flex-flow: column nowrap;\n    flex-flow: column nowrap;\n    margin-top: 20px;\n  }\n  .blog-carousel-shortcode.blog-carousel-shortcode-id-96df8beeddd70fd261cca112415de582.dividers-on article {\n    border: none;\n  }\n  .blog-carousel-shortcode.blog-carousel-shortcode-id-96df8beeddd70fd261cca112415de582.content-bg-on.centered-layout-list article {\n    padding: 0;\n  }\n  .blog-carousel-shortcode.blog-carousel-shortcode-id-96df8beeddd70fd261cca112415de582.blog-shortcode.dividers-on article,\n  .blog-carousel-shortcode.blog-carousel-shortcode-id-96df8beeddd70fd261cca112415de582.dividers-on.classic-layout-list article {\n    margin-top: 20px;\n    padding: 0;\n  }\n  .blog-carousel-shortcode.blog-carousel-shortcode-id-96df8beeddd70fd261cca112415de582.blog-shortcode.dividers-on article:first-of-type,\n  .blog-carousel-shortcode.blog-carousel-shortcode-id-96df8beeddd70fd261cca112415de582.dividers-on.classic-layout-list article:first-of-type {\n    padding: 0;\n  }\n  #page .blog-carousel-shortcode.blog-carousel-shortcode-id-96df8beeddd70fd261cca112415de582 .post-thumbnail-wrap,\n  #page .blog-carousel-shortcode.blog-carousel-shortcode-id-96df8beeddd70fd261cca112415de582 .post-entry-content {\n    width: 100%;\n    margin: 0;\n    top: 0;\n  }\n  #page .blog-carousel-shortcode.blog-carousel-shortcode-id-96df8beeddd70fd261cca112415de582 .post-thumbnail-wrap {\n    padding: 0;\n  }\n  #page .blog-carousel-shortcode.blog-carousel-shortcode-id-96df8beeddd70fd261cca112415de582 .post-entry-content:after {\n    display: none;\n  }\n  #page .blog-carousel-shortcode.blog-carousel-shortcode-id-96df8beeddd70fd261cca112415de582 .project-even .post-thumbnail-wrap,\n  #page .blog-carousel-shortcode.blog-carousel-shortcode-id-96df8beeddd70fd261cca112415de582.centered-layout-list .post-thumbnail-wrap {\n    -ms-flex-order: 0;\n    order: 0;\n  }\n  #page .blog-carousel-shortcode.blog-carousel-shortcode-id-96df8beeddd70fd261cca112415de582.centered-layout-list .post-entry-title-content {\n    -ms-flex-order: 1;\n    order: 1;\n    width: 100%;\n    padding: 20px 20px 0;\n  }\n  #page .blog-carousel-shortcode.blog-carousel-shortcode-id-96df8beeddd70fd261cca112415de582.centered-layout-list .post-entry-content {\n    -ms-flex-order: 2;\n    order: 2;\n    padding-top: 0;\n  }\n  #page .blog-carousel-shortcode.blog-carousel-shortcode-id-96df8beeddd70fd261cca112415de582 .fancy-categories {\n    top: 10px;\n    left: 10px;\n    bottom: auto;\n    right: auto;\n  }\n  #page .blog-carousel-shortcode.blog-carousel-shortcode-id-96df8beeddd70fd261cca112415de582 .fancy-date a {\n    top: 10px;\n    right: 10px;\n    left: auto;\n    bottom: auto;\n  }\n  #page .blog-carousel-shortcode.blog-carousel-shortcode-id-96df8beeddd70fd261cca112415de582 .post-entry-content {\n    padding: 20px;\n  }\n  #page .blog-carousel-shortcode.blog-carousel-shortcode-id-96df8beeddd70fd261cca112415de582 .entry-title {\n    margin: 3px 0 5px;\n    font-size: 20px;\n    font-size: 15px;\n    line-height: 26px;\n  }\n  #page .blog-carousel-shortcode.blog-carousel-shortcode-id-96df8beeddd70fd261cca112415de582 .entry-meta {\n    margin: 5px 0 5px;\n  }\n  #page .blog-carousel-shortcode.blog-carousel-shortcode-id-96df8beeddd70fd261cca112415de582 .entry-excerpt {\n    margin: 15px 0 0;\n  }\n  #page .blog-carousel-shortcode.blog-carousel-shortcode-id-96df8beeddd70fd261cca112415de582 .post-details {\n    margin: 5px 0 10px;\n  }\n  #page .blog-carousel-shortcode.blog-carousel-shortcode-id-96df8beeddd70fd261cca112415de582 .post-details.details-type-link {\n    margin-bottom: 2px;\n  }\n}\n.blog-carousel-shortcode.blog-carousel-shortcode-id-96df8beeddd70fd261cca112415de582.owl-carousel .owl-nav div {\n  width: 36px;\n  height: 36px;\n  border-radius: 500px;\n}\n.dt-arrow-border-on.blog-carousel-shortcode.blog-carousel-shortcode-id-96df8beeddd70fd261cca112415de582.owl-carousel .owl-nav div:not(:hover):before {\n  border-width: 0px;\n}\n.dt-arrow-hover-border-on.blog-carousel-shortcode.blog-carousel-shortcode-id-96df8beeddd70fd261cca112415de582.owl-carousel .owl-nav div:hover:after {\n  border-width: 0px;\n}\n.blog-carousel-shortcode.blog-carousel-shortcode-id-96df8beeddd70fd261cca112415de582.owl-carousel .owl-nav div.owl-prev {\n  top: 50%;\n  transform: translateY(calc(-50% + -50px));\n  left: -43px;\n}\n@media all and (-ms-high-contrast: none) {\n  .blog-carousel-shortcode.blog-carousel-shortcode-id-96df8beeddd70fd261cca112415de582.owl-carousel .owl-nav div.owl-prev {\n    transform: translateY(-50%);\n    margin-top: -50px;\n  }\n}\n.blog-carousel-shortcode.blog-carousel-shortcode-id-96df8beeddd70fd261cca112415de582.owl-carousel .owl-nav div.owl-prev i {\n  padding: 0px 0px 0px 0px;\n}\n.blog-carousel-shortcode.blog-carousel-shortcode-id-96df8beeddd70fd261cca112415de582.owl-carousel .owl-nav div.owl-next {\n  top: 50%;\n  transform: translateY(calc(-50% + -50px));\n  right: -43px;\n}\n@media all and (-ms-high-contrast: none) {\n  .blog-carousel-shortcode.blog-carousel-shortcode-id-96df8beeddd70fd261cca112415de582.owl-carousel .owl-nav div.owl-next {\n    transform: translateY(-50%);\n    margin-top: -50px;\n  }\n}\n.blog-carousel-shortcode.blog-carousel-shortcode-id-96df8beeddd70fd261cca112415de582.owl-carousel .owl-nav div.owl-next i {\n  padding: 0px 0px 0px 0px;\n}\n.blog-carousel-shortcode.blog-carousel-shortcode-id-96df8beeddd70fd261cca112415de582.owl-carousel .owl-nav i {\n  font-size: 18px;\n}\n.blog-carousel-shortcode.blog-carousel-shortcode-id-96df8beeddd70fd261cca112415de582.owl-carousel .owl-nav div:not(:hover) i,\n.blog-carousel-shortcode.blog-carousel-shortcode-id-96df8beeddd70fd261cca112415de582.owl-carousel .owl-nav div:not(:hover) i:before {\n  color: #000000;\n  background: none;\n}\n.blog-carousel-shortcode.blog-carousel-shortcode-id-96df8beeddd70fd261cca112415de582.owl-carousel .owl-nav div:hover i,\n.blog-carousel-shortcode.blog-carousel-shortcode-id-96df8beeddd70fd261cca112415de582.owl-carousel .owl-nav div:hover i:before {\n  color: rgba(0,0,0,0.75);\n  background: none;\n}\n.blog-carousel-shortcode.blog-carousel-shortcode-id-96df8beeddd70fd261cca112415de582 .owl-dots {\n  top: calc(100% + 20px);\n  left: 50%;\n  transform: translateX(calc(-50% + 0px));\n}\n@media all and (-ms-high-contrast: none) {\n  .blog-carousel-shortcode.blog-carousel-shortcode-id-96df8beeddd70fd261cca112415de582 .owl-dots {\n    transform: translateX(-50%);\n    margin-left: 0px;\n  }\n}\n.blog-carousel-shortcode.blog-carousel-shortcode-id-96df8beeddd70fd261cca112415de582 .owl-dot {\n  width: 10px;\n  height: 10px;\n  margin: 0 8px;\n}\n@media screen and (max-width: 778px) {\n  .blog-carousel-shortcode.blog-carousel-shortcode-id-96df8beeddd70fd261cca112415de582.hide-arrows .owl-nav a {\n    display: none;\n  }\n}\n@media screen and (max-width: 778px) {\n  .blog-carousel-shortcode.blog-carousel-shortcode-id-96df8beeddd70fd261cca112415de582.reposition-arrows .owl-nav .owl-prev {\n    top: 50%;\n    transform: translateY(calc(-50% + -50px));\n    left: 10px;\n  }\n  .blog-carousel-shortcode.blog-carousel-shortcode-id-96df8beeddd70fd261cca112415de582.reposition-arrows .owl-nav .owl-next {\n    top: 50%;\n    transform: translateY(calc(-50% + -50px));\n    right: 10px;\n  }\n}\n@media screen and (max-width: 778px) and all and (-ms-high-contrast: none) {\n  .blog-carousel-shortcode.blog-carousel-shortcode-id-96df8beeddd70fd261cca112415de582.reposition-arrows .owl-nav .owl-prev {\n    transform: translateY(-50%);\n    margin-top: -50px;\n  }\n}\n@media screen and (max-width: 778px) and all and (-ms-high-contrast: none) {\n  .blog-carousel-shortcode.blog-carousel-shortcode-id-96df8beeddd70fd261cca112415de582.reposition-arrows .owl-nav .owl-next {\n    transform: translateY(-50%);\n    margin-top: -50px;\n  }\n}\n<\/style><div class=\"owl-carousel blog-carousel-shortcode dt-owl-carousel-call blog-carousel-shortcode-id-96df8beeddd70fd261cca112415de582 content-align-center classic-layout-list scale-img dt-icon-bg-off meta-info-off bullets-small-dot-stroke reposition-arrows arrows-bg-off disable-arrows-hover-bg arrows-hover-bg-off  \" data-scroll-mode=\"1\" data-col-num=\"3\" data-wide-col-num=\"4\" data-laptop-col=\"3\" data-h-tablet-columns-num=\"3\" data-v-tablet-columns-num=\"2\" data-phone-columns-num=\"1\" data-auto-height=\"true\" data-col-gap=\"30\" data-stage-padding=\"0\" data-speed=\"600\" data-autoplay=\"true\" data-autoplay_speed=\"6000\" data-arrows=\"true\" data-bullet=\"false\" data-next-icon=\"icon-ar-017-r\" data-prev-icon=\"icon-ar-017-l\"><article class=\"post post-4774 type-post status-publish format-standard has-post-thumbnail hentry category-accessoires-de-terrasses category-pose category-33 category-57 description-off\" data-name=\"Espaceurs\" data-date=\"2022-02-04T12:42:12+01:00\">\n\n<div class=\"post-thumbnail-wrap\">\n\t<div class=\"post-thumbnail\">\n\t\t\n\t\t\n\t\t<a href=\"https:\/\/www.connexion-bois-direct.fr\/fr\/espaceurs\/\" class=\"post-thumbnail-rollover layzr-bg\" ><img decoding=\"async\" class=\"preload-me owl-lazy-load aspect\" src=\"data:image\/svg+xml,%3Csvg%20xmlns%3D&#39;http%3A%2F%2Fwww.w3.org%2F2000%2Fsvg&#39;%20viewBox%3D&#39;0%200%20768%20768&#39;%2F%3E\" data-src=\"https:\/\/www.connexion-bois-direct.fr\/fr\/wp-content\/uploads\/2022\/02\/Noovlek_GAP-MX-12-01-1-768x768.jpg\" data-srcset=\"https:\/\/www.connexion-bois-direct.fr\/fr\/wp-content\/uploads\/2022\/02\/Noovlek_GAP-MX-12-01-1-768x768.jpg 768w, https:\/\/www.connexion-bois-direct.fr\/fr\/wp-content\/uploads\/2022\/02\/Noovlek_GAP-MX-12-01-1-894x894.jpg 894w\" loading=\"eager\" style=\"--ratio: 768 \/ 768\" sizes=\"(max-width: 768px) 100vw, 768px\" alt=\"\" title=\"Noovlek_GAP-MX-12-01-1\" width=\"768\" height=\"768\"  \/><\/a>\t<\/div>\n<\/div>\n\n\n<div class=\"post-entry-content\">\n\n\t<h3 class=\"entry-title\">\n\t\t<a href=\"https:\/\/www.connexion-bois-direct.fr\/fr\/espaceurs\/\" title=\"Espaceurs\" rel=\"bookmark\">Espaceurs<\/a>\n\t<\/h3>\n\n\t\n\t\n\t\n<a href=\"https:\/\/www.connexion-bois-direct.fr\/fr\/espaceurs\/\" class=\"post-details details-type-link\" aria-label=\"Read more about Espaceurs\">Voir le produit<i class=\"dt-icon-the7-arrow-03\" aria-hidden=\"true\"><\/i><\/a>\n\n<\/div><\/article><article class=\"post post-1508 type-post status-publish format-standard has-post-thumbnail hentry category-accessoires-de-terrasses category-fixations category-33 category-49 description-off\" data-name=\"Vis inox 5&#215;50 A2 SPAX D\" data-date=\"2021-02-10T09:00:32+01:00\">\n\n<div class=\"post-thumbnail-wrap\">\n\t<div class=\"post-thumbnail\">\n\t\t\n\t\t\n\t\t<a href=\"https:\/\/www.connexion-bois-direct.fr\/fr\/vis-inox-5x50-a2-spax-t25\/\" class=\"post-thumbnail-rollover layzr-bg\" ><img decoding=\"async\" class=\"preload-me owl-lazy-load aspect\" src=\"data:image\/svg+xml,%3Csvg%20xmlns%3D&#39;http%3A%2F%2Fwww.w3.org%2F2000%2Fsvg&#39;%20viewBox%3D&#39;0%200%20486%20486&#39;%2F%3E\" data-src=\"https:\/\/www.connexion-bois-direct.fr\/fr\/wp-content\/uploads\/2019\/06\/vis-inox-5x40-Aa2-spax-t25-486x486.png\" data-srcset=\"https:\/\/www.connexion-bois-direct.fr\/fr\/wp-content\/uploads\/2019\/06\/vis-inox-5x40-Aa2-spax-t25-486x486.png 486w\" loading=\"eager\" style=\"--ratio: 486 \/ 486\" sizes=\"(max-width: 486px) 100vw, 486px\" alt=\"vis pour terrasse en bois exotique\" title=\"vis pour terrasse en bois exotique\" width=\"486\" height=\"486\"  \/><\/a>\t<\/div>\n<\/div>\n\n\n<div class=\"post-entry-content\">\n\n\t<h3 class=\"entry-title\">\n\t\t<a href=\"https:\/\/www.connexion-bois-direct.fr\/fr\/vis-inox-5x50-a2-spax-t25\/\" title=\"Vis inox 5&#215;50 A2 SPAX D\" rel=\"bookmark\">Vis inox 5&#215;50 A2 SPAX D<\/a>\n\t<\/h3>\n\n\t\n\t\n\t\n<a href=\"https:\/\/www.connexion-bois-direct.fr\/fr\/vis-inox-5x50-a2-spax-t25\/\" class=\"post-details details-type-link\" aria-label=\"Read more about Vis inox 5&#215;50 A2 SPAX D\">Voir le produit<i class=\"dt-icon-the7-arrow-03\" aria-hidden=\"true\"><\/i><\/a>\n\n<\/div><\/article><article class=\"post post-2524 type-post status-publish format-standard has-post-thumbnail hentry category-accessoires-de-terrasses category-pose category-33 category-57 description-off\" data-name=\"Bande bitumineuse N\u00d6VLEK\u00ae\" data-date=\"2021-02-08T09:00:55+01:00\">\n\n<div class=\"post-thumbnail-wrap\">\n\t<div class=\"post-thumbnail\">\n\t\t\n\t\t\n\t\t<a href=\"https:\/\/www.connexion-bois-direct.fr\/fr\/bande-bitumineuse-novlek\/\" class=\"post-thumbnail-rollover layzr-bg\" ><img decoding=\"async\" class=\"preload-me owl-lazy-load aspect\" src=\"data:image\/svg+xml,%3Csvg%20xmlns%3D&#39;http%3A%2F%2Fwww.w3.org%2F2000%2Fsvg&#39;%20viewBox%3D&#39;0%200%20486%20486&#39;%2F%3E\" data-src=\"https:\/\/www.connexion-bois-direct.fr\/fr\/wp-content\/uploads\/2020\/06\/BANDE-BITUMINEUSE-NOVLEK-486x486.png\" data-srcset=\"https:\/\/www.connexion-bois-direct.fr\/fr\/wp-content\/uploads\/2020\/06\/BANDE-BITUMINEUSE-NOVLEK-486x486.png 486w\" loading=\"eager\" style=\"--ratio: 486 \/ 486\" sizes=\"(max-width: 486px) 100vw, 486px\" alt=\"\" title=\"BANDE-BITUMINEUSE-NOVLEK\" width=\"486\" height=\"486\"  \/><\/a>\t<\/div>\n<\/div>\n\n\n<div class=\"post-entry-content\">\n\n\t<h3 class=\"entry-title\">\n\t\t<a href=\"https:\/\/www.connexion-bois-direct.fr\/fr\/bande-bitumineuse-novlek\/\" title=\"Bande bitumineuse N\u00d6VLEK\u00ae\" rel=\"bookmark\">Bande bitumineuse N\u00d6VLEK\u00ae<\/a>\n\t<\/h3>\n\n\t\n\t\n\t\n<a href=\"https:\/\/www.connexion-bois-direct.fr\/fr\/bande-bitumineuse-novlek\/\" class=\"post-details details-type-link\" aria-label=\"Read more about Bande bitumineuse N\u00d6VLEK\u00ae\">Voir le produit<i class=\"dt-icon-the7-arrow-03\" aria-hidden=\"true\"><\/i><\/a>\n\n<\/div><\/article><article class=\"post post-2590 type-post status-publish format-standard has-post-thumbnail hentry category-accessoires-de-terrasses category-plots-et-cales category-33 category-51 description-off\" data-name=\"Plots r\u00e9glables \u2013 60 \u00e0 115 mm Connexion Bois Direct\" data-date=\"2021-02-07T18:00:59+01:00\">\n\n<div class=\"post-thumbnail-wrap\">\n\t<div class=\"post-thumbnail\">\n\t\t\n\t\t\n\t\t<a href=\"https:\/\/www.connexion-bois-direct.fr\/fr\/plots-reglables-60-a-115-mm-connexion-bois-direct\/\" class=\"post-thumbnail-rollover layzr-bg\" ><img decoding=\"async\" class=\"preload-me owl-lazy-load aspect\" src=\"data:image\/svg+xml,%3Csvg%20xmlns%3D&#39;http%3A%2F%2Fwww.w3.org%2F2000%2Fsvg&#39;%20viewBox%3D&#39;0%200%20486%20486&#39;%2F%3E\" data-src=\"https:\/\/www.connexion-bois-direct.fr\/fr\/wp-content\/uploads\/2020\/08\/CAL-PLOT-LAMB-60-115-CBD-486x486.png\" data-srcset=\"https:\/\/www.connexion-bois-direct.fr\/fr\/wp-content\/uploads\/2020\/08\/CAL-PLOT-LAMB-60-115-CBD-486x486.png 486w\" loading=\"eager\" style=\"--ratio: 486 \/ 486\" sizes=\"(max-width: 486px) 100vw, 486px\" alt=\"\" title=\"CAL-PLOT-LAMB-60-115-CBD\" width=\"486\" height=\"486\"  \/><\/a>\t<\/div>\n<\/div>\n\n\n<div class=\"post-entry-content\">\n\n\t<h3 class=\"entry-title\">\n\t\t<a href=\"https:\/\/www.connexion-bois-direct.fr\/fr\/plots-reglables-60-a-115-mm-connexion-bois-direct\/\" title=\"Plots r\u00e9glables \u2013 60 \u00e0 115 mm Connexion Bois Direct\" rel=\"bookmark\">Plots r\u00e9glables \u2013 60 \u00e0 115 mm Connexion Bois Direct<\/a>\n\t<\/h3>\n\n\t\n\t\n\t\n<a href=\"https:\/\/www.connexion-bois-direct.fr\/fr\/plots-reglables-60-a-115-mm-connexion-bois-direct\/\" class=\"post-details details-type-link\" aria-label=\"Read more about Plots r\u00e9glables \u2013 60 \u00e0 115 mm Connexion Bois Direct\">Voir le produit<i class=\"dt-icon-the7-arrow-03\" aria-hidden=\"true\"><\/i><\/a>\n\n<\/div><\/article><article class=\"post post-2504 type-post status-publish format-standard has-post-thumbnail hentry category-accessoires-de-terrasses category-plots-et-cales category-33 category-51 description-off\" data-name=\"Cale d&rsquo;isolation 10mm N\u00d6VLEK\u00ae\" data-date=\"2021-02-06T09:00:59+01:00\">\n\n<div class=\"post-thumbnail-wrap\">\n\t<div class=\"post-thumbnail\">\n\t\t\n\t\t\n\t\t<a href=\"https:\/\/www.connexion-bois-direct.fr\/fr\/cale-disolation-10mm-novlek\/\" class=\"post-thumbnail-rollover layzr-bg\" ><img decoding=\"async\" class=\"preload-me owl-lazy-load aspect\" src=\"data:image\/svg+xml,%3Csvg%20xmlns%3D&#39;http%3A%2F%2Fwww.w3.org%2F2000%2Fsvg&#39;%20viewBox%3D&#39;0%200%20486%20486&#39;%2F%3E\" data-src=\"https:\/\/www.connexion-bois-direct.fr\/fr\/wp-content\/uploads\/2020\/06\/Cale-d-isolation-6mm-Novlek-486x486.png\" data-srcset=\"https:\/\/www.connexion-bois-direct.fr\/fr\/wp-content\/uploads\/2020\/06\/Cale-d-isolation-6mm-Novlek-486x486.png 486w\" loading=\"eager\" style=\"--ratio: 486 \/ 486\" sizes=\"(max-width: 486px) 100vw, 486px\" alt=\"\" title=\"Cale-d-isolation-6mm-Novlek\" width=\"486\" height=\"486\"  \/><\/a>\t<\/div>\n<\/div>\n\n\n<div class=\"post-entry-content\">\n\n\t<h3 class=\"entry-title\">\n\t\t<a href=\"https:\/\/www.connexion-bois-direct.fr\/fr\/cale-disolation-10mm-novlek\/\" title=\"Cale d&rsquo;isolation 10mm N\u00d6VLEK\u00ae\" rel=\"bookmark\">Cale d&rsquo;isolation 10mm N\u00d6VLEK\u00ae<\/a>\n\t<\/h3>\n\n\t\n\t\n\t\n<a href=\"https:\/\/www.connexion-bois-direct.fr\/fr\/cale-disolation-10mm-novlek\/\" class=\"post-details details-type-link\" aria-label=\"Read more about Cale d&rsquo;isolation 10mm N\u00d6VLEK\u00ae\">Voir le produit<i class=\"dt-icon-the7-arrow-03\" aria-hidden=\"true\"><\/i><\/a>\n\n<\/div><\/article><article class=\"post post-1517 type-post status-publish format-standard has-post-thumbnail hentry category-accessoires-de-terrasses category-pose category-33 category-57 description-off\" data-name=\"Serre lames KA\u00cfMAN SPAX\" data-date=\"2021-02-05T09:00:06+01:00\">\n\n<div class=\"post-thumbnail-wrap\">\n\t<div class=\"post-thumbnail\">\n\t\t\n\t\t\n\t\t<a href=\"https:\/\/www.connexion-bois-direct.fr\/fr\/kit-de-pose-kaiman-master-7\/\" class=\"post-thumbnail-rollover layzr-bg\" ><img decoding=\"async\" class=\"preload-me owl-lazy-load aspect\" src=\"data:image\/svg+xml,%3Csvg%20xmlns%3D&#39;http%3A%2F%2Fwww.w3.org%2F2000%2Fsvg&#39;%20viewBox%3D&#39;0%200%20486%20486&#39;%2F%3E\" data-src=\"https:\/\/www.connexion-bois-direct.fr\/fr\/wp-content\/uploads\/2019\/06\/kaiman-pro-486x486.png\" data-srcset=\"https:\/\/www.connexion-bois-direct.fr\/fr\/wp-content\/uploads\/2019\/06\/kaiman-pro-486x486.png 486w\" loading=\"eager\" style=\"--ratio: 486 \/ 486\" sizes=\"(max-width: 486px) 100vw, 486px\" alt=\"\" title=\"kaiman-pro\" width=\"486\" height=\"486\"  \/><\/a>\t<\/div>\n<\/div>\n\n\n<div class=\"post-entry-content\">\n\n\t<h3 class=\"entry-title\">\n\t\t<a href=\"https:\/\/www.connexion-bois-direct.fr\/fr\/kit-de-pose-kaiman-master-7\/\" title=\"Serre lames KA\u00cfMAN SPAX\" rel=\"bookmark\">Serre lames KA\u00cfMAN SPAX<\/a>\n\t<\/h3>\n\n\t\n\t\n\t\n<a href=\"https:\/\/www.connexion-bois-direct.fr\/fr\/kit-de-pose-kaiman-master-7\/\" class=\"post-details details-type-link\" aria-label=\"Read more about Serre lames KA\u00cfMAN SPAX\">Voir le produit<i class=\"dt-icon-the7-arrow-03\" aria-hidden=\"true\"><\/i><\/a>\n\n<\/div><\/article><article class=\"post post-1417 type-post status-publish format-standard has-post-thumbnail hentry category-accessoires-de-terrasses category-33 description-off\" data-name=\"Lambourdes en bois exotiques 42 X 65\/70 mm\" data-date=\"2019-11-26T09:27:30+01:00\">\n\n<div class=\"post-thumbnail-wrap\">\n\t<div class=\"post-thumbnail\">\n\t\t\n\t\t\n\t\t<a href=\"https:\/\/www.connexion-bois-direct.fr\/fr\/lambourdes-en-bois-exotiques-42-x-65-70-mm\/\" class=\"post-thumbnail-rollover layzr-bg\" ><img decoding=\"async\" class=\"preload-me owl-lazy-load aspect\" src=\"data:image\/svg+xml,%3Csvg%20xmlns%3D&#39;http%3A%2F%2Fwww.w3.org%2F2000%2Fsvg&#39;%20viewBox%3D&#39;0%200%20486%20486&#39;%2F%3E\" data-src=\"https:\/\/www.connexion-bois-direct.fr\/fr\/wp-content\/uploads\/2019\/06\/lambourdes-1-486x486.png\" data-srcset=\"https:\/\/www.connexion-bois-direct.fr\/fr\/wp-content\/uploads\/2019\/06\/lambourdes-1-486x486.png 486w\" loading=\"eager\" style=\"--ratio: 486 \/ 486\" sizes=\"(max-width: 486px) 100vw, 486px\" alt=\"\" title=\"lambourdes\" width=\"486\" height=\"486\"  \/><\/a>\t<\/div>\n<\/div>\n\n\n<div class=\"post-entry-content\">\n\n\t<h3 class=\"entry-title\">\n\t\t<a href=\"https:\/\/www.connexion-bois-direct.fr\/fr\/lambourdes-en-bois-exotiques-42-x-65-70-mm\/\" title=\"Lambourdes en bois exotiques 42 X 65\/70 mm\" rel=\"bookmark\">Lambourdes en bois exotiques 42 X 65\/70 mm<\/a>\n\t<\/h3>\n\n\t\n\t\n\t\n<a href=\"https:\/\/www.connexion-bois-direct.fr\/fr\/lambourdes-en-bois-exotiques-42-x-65-70-mm\/\" class=\"post-details details-type-link\" aria-label=\"Read more about Lambourdes en bois exotiques 42 X 65\/70 mm\">Voir le produit<i class=\"dt-icon-the7-arrow-03\" aria-hidden=\"true\"><\/i><\/a>\n\n<\/div><\/article><article class=\"post post-1403 type-post status-publish format-standard has-post-thumbnail hentry category-accessoires-de-terrasses category-33 description-off\" data-name=\"Lambourdes fines en bois exotiques 21 x 65 mm\" data-date=\"2019-11-25T15:07:22+01:00\">\n\n<div class=\"post-thumbnail-wrap\">\n\t<div class=\"post-thumbnail\">\n\t\t\n\t\t\n\t\t<a href=\"https:\/\/www.connexion-bois-direct.fr\/fr\/lambourdes-en-bois-exotiques-21-x-65-mm\/\" class=\"post-thumbnail-rollover layzr-bg\" ><img decoding=\"async\" class=\"preload-me owl-lazy-load aspect\" src=\"data:image\/svg+xml,%3Csvg%20xmlns%3D&#39;http%3A%2F%2Fwww.w3.org%2F2000%2Fsvg&#39;%20viewBox%3D&#39;0%200%20486%20486&#39;%2F%3E\" data-src=\"https:\/\/www.connexion-bois-direct.fr\/fr\/wp-content\/uploads\/2019\/06\/lambourdes-1-486x486.png\" data-srcset=\"https:\/\/www.connexion-bois-direct.fr\/fr\/wp-content\/uploads\/2019\/06\/lambourdes-1-486x486.png 486w\" loading=\"eager\" style=\"--ratio: 486 \/ 486\" sizes=\"(max-width: 486px) 100vw, 486px\" alt=\"\" title=\"lambourdes\" width=\"486\" height=\"486\"  \/><\/a>\t<\/div>\n<\/div>\n\n\n<div class=\"post-entry-content\">\n\n\t<h3 class=\"entry-title\">\n\t\t<a href=\"https:\/\/www.connexion-bois-direct.fr\/fr\/lambourdes-en-bois-exotiques-21-x-65-mm\/\" title=\"Lambourdes fines en bois exotiques 21 x 65 mm\" rel=\"bookmark\">Lambourdes fines en bois exotiques 21 x 65 mm<\/a>\n\t<\/h3>\n\n\t\n\t\n\t\n<a href=\"https:\/\/www.connexion-bois-direct.fr\/fr\/lambourdes-en-bois-exotiques-21-x-65-mm\/\" class=\"post-details details-type-link\" aria-label=\"Read more about Lambourdes fines en bois exotiques 21 x 65 mm\">Voir le produit<i class=\"dt-icon-the7-arrow-03\" aria-hidden=\"true\"><\/i><\/a>\n\n<\/div><\/article><article class=\"post post-1511 type-post status-publish format-standard has-post-thumbnail hentry category-accessoires-de-terrasses category-fixations category-33 category-49 description-off\" data-name=\"Vis inox 6&#215;50 A4 SPAX D\" data-date=\"2019-11-23T17:13:51+01:00\">\n\n<div class=\"post-thumbnail-wrap\">\n\t<div class=\"post-thumbnail\">\n\t\t\n\t\t\n\t\t<a href=\"https:\/\/www.connexion-bois-direct.fr\/fr\/vis-inox-6x50-a4-spax\/\" class=\"post-thumbnail-rollover layzr-bg\" ><img decoding=\"async\" class=\"preload-me owl-lazy-load aspect\" src=\"data:image\/svg+xml,%3Csvg%20xmlns%3D&#39;http%3A%2F%2Fwww.w3.org%2F2000%2Fsvg&#39;%20viewBox%3D&#39;0%200%20486%20486&#39;%2F%3E\" data-src=\"https:\/\/www.connexion-bois-direct.fr\/fr\/wp-content\/uploads\/2019\/06\/vis-inox-5x40-Aa2-spax-t25-486x486.png\" data-srcset=\"https:\/\/www.connexion-bois-direct.fr\/fr\/wp-content\/uploads\/2019\/06\/vis-inox-5x40-Aa2-spax-t25-486x486.png 486w\" loading=\"eager\" style=\"--ratio: 486 \/ 486\" sizes=\"(max-width: 486px) 100vw, 486px\" alt=\"vis pour terrasse en bois exotique\" title=\"vis pour terrasse en bois exotique\" width=\"486\" height=\"486\"  \/><\/a>\t<\/div>\n<\/div>\n\n\n<div class=\"post-entry-content\">\n\n\t<h3 class=\"entry-title\">\n\t\t<a href=\"https:\/\/www.connexion-bois-direct.fr\/fr\/vis-inox-6x50-a4-spax\/\" title=\"Vis inox 6&#215;50 A4 SPAX D\" rel=\"bookmark\">Vis inox 6&#215;50 A4 SPAX D<\/a>\n\t<\/h3>\n\n\t\n\t\n\t\n<a href=\"https:\/\/www.connexion-bois-direct.fr\/fr\/vis-inox-6x50-a4-spax\/\" class=\"post-details details-type-link\" aria-label=\"Read more about Vis inox 6&#215;50 A4 SPAX D\">Voir le produit<i class=\"dt-icon-the7-arrow-03\" aria-hidden=\"true\"><\/i><\/a>\n\n<\/div><\/article><article class=\"post post-1513 type-post status-publish format-standard has-post-thumbnail hentry category-accessoires-de-terrasses category-fixations category-33 category-49 description-off\" data-name=\"Vis inox antic 5&#215;50 A2 SPAX D\" data-date=\"2019-11-22T17:21:30+01:00\">\n\n<div class=\"post-thumbnail-wrap\">\n\t<div class=\"post-thumbnail\">\n\t\t\n\t\t\n\t\t<a href=\"https:\/\/www.connexion-bois-direct.fr\/fr\/vis-inox-antic-5x50-a2-spax\/\" class=\"post-thumbnail-rollover layzr-bg\" ><img decoding=\"async\" class=\"preload-me owl-lazy-load aspect\" src=\"data:image\/svg+xml,%3Csvg%20xmlns%3D&#39;http%3A%2F%2Fwww.w3.org%2F2000%2Fsvg&#39;%20viewBox%3D&#39;0%200%20486%20486&#39;%2F%3E\" data-src=\"https:\/\/www.connexion-bois-direct.fr\/fr\/wp-content\/uploads\/2019\/06\/vis-inox-antic-5x50-a2-spax-486x486.png\" data-srcset=\"https:\/\/www.connexion-bois-direct.fr\/fr\/wp-content\/uploads\/2019\/06\/vis-inox-antic-5x50-a2-spax-486x486.png 486w\" loading=\"eager\" style=\"--ratio: 486 \/ 486\" sizes=\"(max-width: 486px) 100vw, 486px\" alt=\"\" title=\"vis-inox-antic-5&#215;50-a2-spax\" width=\"486\" height=\"486\"  \/><\/a>\t<\/div>\n<\/div>\n\n\n<div class=\"post-entry-content\">\n\n\t<h3 class=\"entry-title\">\n\t\t<a href=\"https:\/\/www.connexion-bois-direct.fr\/fr\/vis-inox-antic-5x50-a2-spax\/\" title=\"Vis inox antic 5&#215;50 A2 SPAX D\" rel=\"bookmark\">Vis inox antic 5&#215;50 A2 SPAX D<\/a>\n\t<\/h3>\n\n\t\n\t\n\t\n<a href=\"https:\/\/www.connexion-bois-direct.fr\/fr\/vis-inox-antic-5x50-a2-spax\/\" class=\"post-details details-type-link\" aria-label=\"Read more about Vis inox antic 5&#215;50 A2 SPAX D\">Voir le produit<i class=\"dt-icon-the7-arrow-03\" aria-hidden=\"true\"><\/i><\/a>\n\n<\/div><\/article><article class=\"post post-1501 type-post status-publish format-standard has-post-thumbnail hentry category-accessoires-de-terrasses category-fixations category-33 category-49 description-off\" data-name=\"Vis inox 5&#215;40 A2 SPAX D\" data-date=\"2019-11-20T16:57:17+01:00\">\n\n<div class=\"post-thumbnail-wrap\">\n\t<div class=\"post-thumbnail\">\n\t\t\n\t\t\n\t\t<a href=\"https:\/\/www.connexion-bois-direct.fr\/fr\/vis-inox-5x40-a2-spax-t25\/\" class=\"post-thumbnail-rollover layzr-bg\" ><img decoding=\"async\" class=\"preload-me owl-lazy-load aspect\" src=\"data:image\/svg+xml,%3Csvg%20xmlns%3D&#39;http%3A%2F%2Fwww.w3.org%2F2000%2Fsvg&#39;%20viewBox%3D&#39;0%200%20486%20486&#39;%2F%3E\" data-src=\"https:\/\/www.connexion-bois-direct.fr\/fr\/wp-content\/uploads\/2019\/06\/vis-inox-5x40-Aa2-spax-t25-486x486.png\" data-srcset=\"https:\/\/www.connexion-bois-direct.fr\/fr\/wp-content\/uploads\/2019\/06\/vis-inox-5x40-Aa2-spax-t25-486x486.png 486w\" loading=\"eager\" style=\"--ratio: 486 \/ 486\" sizes=\"(max-width: 486px) 100vw, 486px\" alt=\"vis pour terrasse en bois exotique\" title=\"vis pour terrasse en bois exotique\" width=\"486\" height=\"486\"  \/><\/a>\t<\/div>\n<\/div>\n\n\n<div class=\"post-entry-content\">\n\n\t<h3 class=\"entry-title\">\n\t\t<a href=\"https:\/\/www.connexion-bois-direct.fr\/fr\/vis-inox-5x40-a2-spax-t25\/\" title=\"Vis inox 5&#215;40 A2 SPAX D\" rel=\"bookmark\">Vis inox 5&#215;40 A2 SPAX D<\/a>\n\t<\/h3>\n\n\t\n\t\n\t\n<a href=\"https:\/\/www.connexion-bois-direct.fr\/fr\/vis-inox-5x40-a2-spax-t25\/\" class=\"post-details details-type-link\" aria-label=\"Read more about Vis inox 5&#215;40 A2 SPAX D\">Voir le produit<i class=\"dt-icon-the7-arrow-03\" aria-hidden=\"true\"><\/i><\/a>\n\n<\/div><\/article><article class=\"post post-2416 type-post status-publish format-standard has-post-thumbnail hentry category-accessoires-de-terrasses category-fixations category-33 category-49 description-off\" data-name=\"Vis inox 8&#215;120 SPAX D A4 &#8211; Passerelle\" data-date=\"2019-11-20T15:00:27+01:00\">\n\n<div class=\"post-thumbnail-wrap\">\n\t<div class=\"post-thumbnail\">\n\t\t\n\t\t\n\t\t<a href=\"https:\/\/www.connexion-bois-direct.fr\/fr\/vis-8x120-spax-d-a4-passerelle\/\" class=\"post-thumbnail-rollover layzr-bg\" ><img decoding=\"async\" class=\"preload-me owl-lazy-load aspect\" src=\"data:image\/svg+xml,%3Csvg%20xmlns%3D&#39;http%3A%2F%2Fwww.w3.org%2F2000%2Fsvg&#39;%20viewBox%3D&#39;0%200%20486%20486&#39;%2F%3E\" data-src=\"https:\/\/www.connexion-bois-direct.fr\/fr\/wp-content\/uploads\/2020\/06\/vis-8x120-SPAX-D-A4-passerelle-486x486.png\" data-srcset=\"https:\/\/www.connexion-bois-direct.fr\/fr\/wp-content\/uploads\/2020\/06\/vis-8x120-SPAX-D-A4-passerelle-486x486.png 486w\" loading=\"eager\" style=\"--ratio: 486 \/ 486\" sizes=\"(max-width: 486px) 100vw, 486px\" alt=\"\" title=\"vis-8&#215;120-SPAX-D-A4-passerelle\" width=\"486\" height=\"486\"  \/><\/a>\t<\/div>\n<\/div>\n\n\n<div class=\"post-entry-content\">\n\n\t<h3 class=\"entry-title\">\n\t\t<a href=\"https:\/\/www.connexion-bois-direct.fr\/fr\/vis-8x120-spax-d-a4-passerelle\/\" title=\"Vis inox 8&#215;120 SPAX D A4 &#8211; Passerelle\" rel=\"bookmark\">Vis inox 8&#215;120 SPAX D A4 &#8211; Passerelle<\/a>\n\t<\/h3>\n\n\t\n\t\n\t\n<a href=\"https:\/\/www.connexion-bois-direct.fr\/fr\/vis-8x120-spax-d-a4-passerelle\/\" class=\"post-details details-type-link\" aria-label=\"Read more about Vis inox 8&#215;120 SPAX D A4 &#8211; Passerelle\">Voir le produit<i class=\"dt-icon-the7-arrow-03\" aria-hidden=\"true\"><\/i><\/a>\n\n<\/div><\/article><article class=\"post post-2420 type-post status-publish format-standard has-post-thumbnail hentry category-accessoires-de-terrasses category-fixations category-33 category-49 description-off\" data-name=\"Vis inox 6&#215;60 SPAX D A4\" data-date=\"2019-11-20T14:00:46+01:00\">\n\n<div class=\"post-thumbnail-wrap\">\n\t<div class=\"post-thumbnail\">\n\t\t\n\t\t\n\t\t<a href=\"https:\/\/www.connexion-bois-direct.fr\/fr\/vis-6x60-spax-d-a4\/\" class=\"post-thumbnail-rollover layzr-bg\" ><img decoding=\"async\" class=\"preload-me owl-lazy-load aspect\" src=\"data:image\/svg+xml,%3Csvg%20xmlns%3D&#39;http%3A%2F%2Fwww.w3.org%2F2000%2Fsvg&#39;%20viewBox%3D&#39;0%200%20486%20486&#39;%2F%3E\" data-src=\"https:\/\/www.connexion-bois-direct.fr\/fr\/wp-content\/uploads\/2020\/06\/vis-6x60-SPAX-D-A4-486x486.png\" data-srcset=\"https:\/\/www.connexion-bois-direct.fr\/fr\/wp-content\/uploads\/2020\/06\/vis-6x60-SPAX-D-A4-486x486.png 486w\" loading=\"eager\" style=\"--ratio: 486 \/ 486\" sizes=\"(max-width: 486px) 100vw, 486px\" alt=\"\" title=\"vis-6&#215;60-SPAX-D-A4\" width=\"486\" height=\"486\"  \/><\/a>\t<\/div>\n<\/div>\n\n\n<div class=\"post-entry-content\">\n\n\t<h3 class=\"entry-title\">\n\t\t<a href=\"https:\/\/www.connexion-bois-direct.fr\/fr\/vis-6x60-spax-d-a4\/\" title=\"Vis inox 6&#215;60 SPAX D A4\" rel=\"bookmark\">Vis inox 6&#215;60 SPAX D A4<\/a>\n\t<\/h3>\n\n\t\n\t\n\t\n<a href=\"https:\/\/www.connexion-bois-direct.fr\/fr\/vis-6x60-spax-d-a4\/\" class=\"post-details details-type-link\" aria-label=\"Read more about Vis inox 6&#215;60 SPAX D A4\">Voir le produit<i class=\"dt-icon-the7-arrow-03\" aria-hidden=\"true\"><\/i><\/a>\n\n<\/div><\/article><article class=\"post post-2426 type-post status-publish format-standard has-post-thumbnail hentry category-accessoires-de-terrasses category-fixations category-33 category-49 description-off\" data-name=\"Vis inox 5&#215;60 SPAX D A2\" data-date=\"2019-11-20T13:00:17+01:00\">\n\n<div class=\"post-thumbnail-wrap\">\n\t<div class=\"post-thumbnail\">\n\t\t\n\t\t\n\t\t<a href=\"https:\/\/www.connexion-bois-direct.fr\/fr\/vis-5x60-spax-d-a2\/\" class=\"post-thumbnail-rollover layzr-bg\" ><img decoding=\"async\" class=\"preload-me owl-lazy-load aspect\" src=\"data:image\/svg+xml,%3Csvg%20xmlns%3D&#39;http%3A%2F%2Fwww.w3.org%2F2000%2Fsvg&#39;%20viewBox%3D&#39;0%200%20486%20486&#39;%2F%3E\" data-src=\"https:\/\/www.connexion-bois-direct.fr\/fr\/wp-content\/uploads\/2020\/06\/vis-5x60-SPAX-D-A2-486x486.png\" data-srcset=\"https:\/\/www.connexion-bois-direct.fr\/fr\/wp-content\/uploads\/2020\/06\/vis-5x60-SPAX-D-A2-486x486.png 486w\" loading=\"eager\" style=\"--ratio: 486 \/ 486\" sizes=\"(max-width: 486px) 100vw, 486px\" alt=\"\" title=\"vis-5&#215;60-SPAX-D-A2\" width=\"486\" height=\"486\"  \/><\/a>\t<\/div>\n<\/div>\n\n\n<div class=\"post-entry-content\">\n\n\t<h3 class=\"entry-title\">\n\t\t<a href=\"https:\/\/www.connexion-bois-direct.fr\/fr\/vis-5x60-spax-d-a2\/\" title=\"Vis inox 5&#215;60 SPAX D A2\" rel=\"bookmark\">Vis inox 5&#215;60 SPAX D A2<\/a>\n\t<\/h3>\n\n\t\n\t\n\t\n<a href=\"https:\/\/www.connexion-bois-direct.fr\/fr\/vis-5x60-spax-d-a2\/\" class=\"post-details details-type-link\" aria-label=\"Read more about Vis inox 5&#215;60 SPAX D A2\">Voir le produit<i class=\"dt-icon-the7-arrow-03\" aria-hidden=\"true\"><\/i><\/a>\n\n<\/div><\/article><article class=\"post post-2430 type-post status-publish format-standard has-post-thumbnail hentry category-accessoires-de-terrasses category-fixations category-33 category-49 description-off\" data-name=\"Vis inox 5&#215;48 SPAX D A2 &#8211; Autoforante\" data-date=\"2019-11-20T12:00:31+01:00\">\n\n<div class=\"post-thumbnail-wrap\">\n\t<div class=\"post-thumbnail\">\n\t\t\n\t\t\n\t\t<a href=\"https:\/\/www.connexion-bois-direct.fr\/fr\/vis-5x48-spax-d-a2-autoforante\/\" class=\"post-thumbnail-rollover layzr-bg\" ><img decoding=\"async\" class=\"preload-me owl-lazy-load aspect\" src=\"data:image\/svg+xml,%3Csvg%20xmlns%3D&#39;http%3A%2F%2Fwww.w3.org%2F2000%2Fsvg&#39;%20viewBox%3D&#39;0%200%20486%20486&#39;%2F%3E\" data-src=\"https:\/\/www.connexion-bois-direct.fr\/fr\/wp-content\/uploads\/2020\/06\/vis-5x48-SPAX-D-A2-autoforante-486x486.png\" data-srcset=\"https:\/\/www.connexion-bois-direct.fr\/fr\/wp-content\/uploads\/2020\/06\/vis-5x48-SPAX-D-A2-autoforante-486x486.png 486w\" loading=\"eager\" style=\"--ratio: 486 \/ 486\" sizes=\"(max-width: 486px) 100vw, 486px\" alt=\"\" title=\"vis-5&#215;48-SPAX-D-A2-autoforante\" width=\"486\" height=\"486\"  \/><\/a>\t<\/div>\n<\/div>\n\n\n<div class=\"post-entry-content\">\n\n\t<h3 class=\"entry-title\">\n\t\t<a href=\"https:\/\/www.connexion-bois-direct.fr\/fr\/vis-5x48-spax-d-a2-autoforante\/\" title=\"Vis inox 5&#215;48 SPAX D A2 &#8211; Autoforante\" rel=\"bookmark\">Vis inox 5&#215;48 SPAX D A2 &#8211; Autoforante<\/a>\n\t<\/h3>\n\n\t\n\t\n\t\n<a href=\"https:\/\/www.connexion-bois-direct.fr\/fr\/vis-5x48-spax-d-a2-autoforante\/\" class=\"post-details details-type-link\" aria-label=\"Read more about Vis inox 5&#215;48 SPAX D A2 &#8211; Autoforante\">Voir le produit<i class=\"dt-icon-the7-arrow-03\" aria-hidden=\"true\"><\/i><\/a>\n\n<\/div><\/article><article class=\"post post-2436 type-post status-publish format-standard has-post-thumbnail hentry category-accessoires-de-terrasses category-fixations category-33 category-49 description-off\" data-name=\"Vis PFS double filet 5&#215;70 A4\" data-date=\"2019-11-20T11:00:32+01:00\">\n\n<div class=\"post-thumbnail-wrap\">\n\t<div class=\"post-thumbnail\">\n\t\t\n\t\t\n\t\t<a href=\"https:\/\/www.connexion-bois-direct.fr\/fr\/vis-pfs-double-filet-5x70-a4\/\" class=\"post-thumbnail-rollover layzr-bg\" ><img decoding=\"async\" class=\"preload-me owl-lazy-load aspect\" src=\"data:image\/svg+xml,%3Csvg%20xmlns%3D&#39;http%3A%2F%2Fwww.w3.org%2F2000%2Fsvg&#39;%20viewBox%3D&#39;0%200%20486%20486&#39;%2F%3E\" data-src=\"https:\/\/www.connexion-bois-direct.fr\/fr\/wp-content\/uploads\/2020\/06\/vis-PFS-double-filet-5x70-A4-486x486.png\" data-srcset=\"https:\/\/www.connexion-bois-direct.fr\/fr\/wp-content\/uploads\/2020\/06\/vis-PFS-double-filet-5x70-A4-486x486.png 486w\" loading=\"eager\" style=\"--ratio: 486 \/ 486\" sizes=\"(max-width: 486px) 100vw, 486px\" alt=\"\" title=\"vis-PFS-double-filet-5&#215;70-A4\" width=\"486\" height=\"486\"  \/><\/a>\t<\/div>\n<\/div>\n\n\n<div class=\"post-entry-content\">\n\n\t<h3 class=\"entry-title\">\n\t\t<a href=\"https:\/\/www.connexion-bois-direct.fr\/fr\/vis-pfs-double-filet-5x70-a4\/\" title=\"Vis PFS double filet 5&#215;70 A4\" rel=\"bookmark\">Vis PFS double filet 5&#215;70 A4<\/a>\n\t<\/h3>\n\n\t\n\t\n\t\n<a href=\"https:\/\/www.connexion-bois-direct.fr\/fr\/vis-pfs-double-filet-5x70-a4\/\" class=\"post-details details-type-link\" aria-label=\"Read more about Vis PFS double filet 5&#215;70 A4\">Voir le produit<i class=\"dt-icon-the7-arrow-03\" aria-hidden=\"true\"><\/i><\/a>\n\n<\/div><\/article><article class=\"post post-2440 type-post status-publish format-standard has-post-thumbnail hentry category-accessoires-de-terrasses category-fixations category-33 category-49 description-off\" data-name=\"Vis PFS double filet 5&#215;50 A4\" data-date=\"2019-11-20T10:50:26+01:00\">\n\n<div class=\"post-thumbnail-wrap\">\n\t<div class=\"post-thumbnail\">\n\t\t\n\t\t\n\t\t<a href=\"https:\/\/www.connexion-bois-direct.fr\/fr\/vis-pfs-double-filet-5x50-a4\/\" class=\"post-thumbnail-rollover layzr-bg\" ><img decoding=\"async\" class=\"preload-me owl-lazy-load aspect\" src=\"data:image\/svg+xml,%3Csvg%20xmlns%3D&#39;http%3A%2F%2Fwww.w3.org%2F2000%2Fsvg&#39;%20viewBox%3D&#39;0%200%20486%20486&#39;%2F%3E\" data-src=\"https:\/\/www.connexion-bois-direct.fr\/fr\/wp-content\/uploads\/2020\/06\/vis-PFS-double-filet-5x70-A4-486x486.png\" data-srcset=\"https:\/\/www.connexion-bois-direct.fr\/fr\/wp-content\/uploads\/2020\/06\/vis-PFS-double-filet-5x70-A4-486x486.png 486w\" loading=\"eager\" style=\"--ratio: 486 \/ 486\" sizes=\"(max-width: 486px) 100vw, 486px\" alt=\"\" title=\"vis-PFS-double-filet-5&#215;70-A4\" width=\"486\" height=\"486\"  \/><\/a>\t<\/div>\n<\/div>\n\n\n<div class=\"post-entry-content\">\n\n\t<h3 class=\"entry-title\">\n\t\t<a href=\"https:\/\/www.connexion-bois-direct.fr\/fr\/vis-pfs-double-filet-5x50-a4\/\" title=\"Vis PFS double filet 5&#215;50 A4\" rel=\"bookmark\">Vis PFS double filet 5&#215;50 A4<\/a>\n\t<\/h3>\n\n\t\n\t\n\t\n<a href=\"https:\/\/www.connexion-bois-direct.fr\/fr\/vis-pfs-double-filet-5x50-a4\/\" class=\"post-details details-type-link\" aria-label=\"Read more about Vis PFS double filet 5&#215;50 A4\">Voir le produit<i class=\"dt-icon-the7-arrow-03\" aria-hidden=\"true\"><\/i><\/a>\n\n<\/div><\/article><article class=\"post post-2442 type-post status-publish format-standard has-post-thumbnail hentry category-accessoires-de-terrasses category-fixations category-33 category-49 description-off\" data-name=\"Vis PFS double filet 5&#215;50 A2\" data-date=\"2019-11-20T10:45:41+01:00\">\n\n<div class=\"post-thumbnail-wrap\">\n\t<div class=\"post-thumbnail\">\n\t\t\n\t\t\n\t\t<a href=\"https:\/\/www.connexion-bois-direct.fr\/fr\/vis-pfs-double-filet-5x50-a2\/\" class=\"post-thumbnail-rollover layzr-bg\" ><img decoding=\"async\" class=\"preload-me owl-lazy-load aspect\" src=\"data:image\/svg+xml,%3Csvg%20xmlns%3D&#39;http%3A%2F%2Fwww.w3.org%2F2000%2Fsvg&#39;%20viewBox%3D&#39;0%200%20486%20486&#39;%2F%3E\" data-src=\"https:\/\/www.connexion-bois-direct.fr\/fr\/wp-content\/uploads\/2020\/06\/vis-PFS-double-filet-5x70-A4-486x486.png\" data-srcset=\"https:\/\/www.connexion-bois-direct.fr\/fr\/wp-content\/uploads\/2020\/06\/vis-PFS-double-filet-5x70-A4-486x486.png 486w\" loading=\"eager\" style=\"--ratio: 486 \/ 486\" sizes=\"(max-width: 486px) 100vw, 486px\" alt=\"\" title=\"vis-PFS-double-filet-5&#215;70-A4\" width=\"486\" height=\"486\"  \/><\/a>\t<\/div>\n<\/div>\n\n\n<div class=\"post-entry-content\">\n\n\t<h3 class=\"entry-title\">\n\t\t<a href=\"https:\/\/www.connexion-bois-direct.fr\/fr\/vis-pfs-double-filet-5x50-a2\/\" title=\"Vis PFS double filet 5&#215;50 A2\" rel=\"bookmark\">Vis PFS double filet 5&#215;50 A2<\/a>\n\t<\/h3>\n\n\t\n\t\n\t\n<a href=\"https:\/\/www.connexion-bois-direct.fr\/fr\/vis-pfs-double-filet-5x50-a2\/\" class=\"post-details details-type-link\" aria-label=\"Read more about Vis PFS double filet 5&#215;50 A2\">Voir le produit<i class=\"dt-icon-the7-arrow-03\" aria-hidden=\"true\"><\/i><\/a>\n\n<\/div><\/article><article class=\"post post-2459 type-post status-publish format-standard has-post-thumbnail hentry category-accessoires-de-terrasses category-fixations category-33 category-49 description-off\" data-name=\"Vis Fischer ST 6&#215;120 A2\" data-date=\"2019-11-20T09:00:00+01:00\">\n\n<div class=\"post-thumbnail-wrap\">\n\t<div class=\"post-thumbnail\">\n\t\t\n\t\t\n\t\t<a href=\"https:\/\/www.connexion-bois-direct.fr\/fr\/vis-fischer-st-6x120-a2\/\" class=\"post-thumbnail-rollover layzr-bg\" ><img decoding=\"async\" class=\"preload-me owl-lazy-load aspect\" src=\"data:image\/svg+xml,%3Csvg%20xmlns%3D&#39;http%3A%2F%2Fwww.w3.org%2F2000%2Fsvg&#39;%20viewBox%3D&#39;0%200%20486%20486&#39;%2F%3E\" data-src=\"https:\/\/www.connexion-bois-direct.fr\/fr\/wp-content\/uploads\/2020\/06\/Vis-Fischer-ST-6x120-A2-486x486.png\" data-srcset=\"https:\/\/www.connexion-bois-direct.fr\/fr\/wp-content\/uploads\/2020\/06\/Vis-Fischer-ST-6x120-A2-486x486.png 486w\" loading=\"eager\" style=\"--ratio: 486 \/ 486\" sizes=\"(max-width: 486px) 100vw, 486px\" alt=\"\" title=\"Vis-Fischer-ST-6&#215;120-A2\" width=\"486\" height=\"486\"  \/><\/a>\t<\/div>\n<\/div>\n\n\n<div class=\"post-entry-content\">\n\n\t<h3 class=\"entry-title\">\n\t\t<a href=\"https:\/\/www.connexion-bois-direct.fr\/fr\/vis-fischer-st-6x120-a2\/\" title=\"Vis Fischer ST 6&#215;120 A2\" rel=\"bookmark\">Vis Fischer ST 6&#215;120 A2<\/a>\n\t<\/h3>\n\n\t\n\t\n\t\n<a href=\"https:\/\/www.connexion-bois-direct.fr\/fr\/vis-fischer-st-6x120-a2\/\" class=\"post-details details-type-link\" aria-label=\"Read more about Vis Fischer ST 6&#215;120 A2\">Voir le produit<i class=\"dt-icon-the7-arrow-03\" aria-hidden=\"true\"><\/i><\/a>\n\n<\/div><\/article><article class=\"post post-2462 type-post status-publish format-standard has-post-thumbnail hentry category-accessoires-de-terrasses category-fixations category-33 category-49 description-off\" data-name=\"Vis Fischer ST 5&#215;80 A2\" data-date=\"2019-11-20T08:45:58+01:00\">\n\n<div class=\"post-thumbnail-wrap\">\n\t<div class=\"post-thumbnail\">\n\t\t\n\t\t\n\t\t<a href=\"https:\/\/www.connexion-bois-direct.fr\/fr\/vis-fischer-st-5x80-a2\/\" class=\"post-thumbnail-rollover layzr-bg\" ><img decoding=\"async\" class=\"preload-me owl-lazy-load aspect\" src=\"data:image\/svg+xml,%3Csvg%20xmlns%3D&#39;http%3A%2F%2Fwww.w3.org%2F2000%2Fsvg&#39;%20viewBox%3D&#39;0%200%20486%20486&#39;%2F%3E\" data-src=\"https:\/\/www.connexion-bois-direct.fr\/fr\/wp-content\/uploads\/2020\/06\/Vis-Fischer-ST-6x120-A2-486x486.png\" data-srcset=\"https:\/\/www.connexion-bois-direct.fr\/fr\/wp-content\/uploads\/2020\/06\/Vis-Fischer-ST-6x120-A2-486x486.png 486w\" loading=\"eager\" style=\"--ratio: 486 \/ 486\" sizes=\"(max-width: 486px) 100vw, 486px\" alt=\"\" title=\"Vis-Fischer-ST-6&#215;120-A2\" width=\"486\" height=\"486\"  \/><\/a>\t<\/div>\n<\/div>\n\n\n<div class=\"post-entry-content\">\n\n\t<h3 class=\"entry-title\">\n\t\t<a href=\"https:\/\/www.connexion-bois-direct.fr\/fr\/vis-fischer-st-5x80-a2\/\" title=\"Vis Fischer ST 5&#215;80 A2\" rel=\"bookmark\">Vis Fischer ST 5&#215;80 A2<\/a>\n\t<\/h3>\n\n\t\n\t\n\t\n<a href=\"https:\/\/www.connexion-bois-direct.fr\/fr\/vis-fischer-st-5x80-a2\/\" class=\"post-details details-type-link\" aria-label=\"Read more about Vis Fischer ST 5&#215;80 A2\">Voir le produit<i class=\"dt-icon-the7-arrow-03\" aria-hidden=\"true\"><\/i><\/a>\n\n<\/div><\/article><article class=\"post post-2466 type-post status-publish format-standard has-post-thumbnail hentry category-accessoires-de-terrasses category-fixations category-33 category-49 description-off\" data-name=\"Vis Fischer PT 5&#215;30 ZPF\" data-date=\"2019-11-20T08:30:52+01:00\">\n\n<div class=\"post-thumbnail-wrap\">\n\t<div class=\"post-thumbnail\">\n\t\t\n\t\t\n\t\t<a href=\"https:\/\/www.connexion-bois-direct.fr\/fr\/vis-fischer-pt-5x30-zpf\/\" class=\"post-thumbnail-rollover layzr-bg\" ><img decoding=\"async\" class=\"preload-me owl-lazy-load aspect\" src=\"data:image\/svg+xml,%3Csvg%20xmlns%3D&#39;http%3A%2F%2Fwww.w3.org%2F2000%2Fsvg&#39;%20viewBox%3D&#39;0%200%20486%20486&#39;%2F%3E\" data-src=\"https:\/\/www.connexion-bois-direct.fr\/fr\/wp-content\/uploads\/2020\/06\/Vis-Fischer-PT-5x30-ZPF-486x486.png\" data-srcset=\"https:\/\/www.connexion-bois-direct.fr\/fr\/wp-content\/uploads\/2020\/06\/Vis-Fischer-PT-5x30-ZPF-486x486.png 486w\" loading=\"eager\" style=\"--ratio: 486 \/ 486\" sizes=\"(max-width: 486px) 100vw, 486px\" alt=\"\" title=\"Vis-Fischer-PT-5&#215;30-ZPF\" width=\"486\" height=\"486\"  \/><\/a>\t<\/div>\n<\/div>\n\n\n<div class=\"post-entry-content\">\n\n\t<h3 class=\"entry-title\">\n\t\t<a href=\"https:\/\/www.connexion-bois-direct.fr\/fr\/vis-fischer-pt-5x30-zpf\/\" title=\"Vis Fischer PT 5&#215;30 ZPF\" rel=\"bookmark\">Vis Fischer PT 5&#215;30 ZPF<\/a>\n\t<\/h3>\n\n\t\n\t\n\t\n<a href=\"https:\/\/www.connexion-bois-direct.fr\/fr\/vis-fischer-pt-5x30-zpf\/\" class=\"post-details details-type-link\" aria-label=\"Read more about Vis Fischer PT 5&#215;30 ZPF\">Voir le produit<i class=\"dt-icon-the7-arrow-03\" aria-hidden=\"true\"><\/i><\/a>\n\n<\/div><\/article><article class=\"post post-1476 type-post status-publish format-standard has-post-thumbnail hentry category-accessoires-de-terrasses category-pose category-33 category-57 description-off\" data-name=\"Foret \u00e9tag\u00e9 SPAX\" data-date=\"2019-11-19T15:51:23+01:00\">\n\n<div class=\"post-thumbnail-wrap\">\n\t<div class=\"post-thumbnail\">\n\t\t\n\t\t\n\t\t<a href=\"https:\/\/www.connexion-bois-direct.fr\/fr\/foret-etage-spax\/\" class=\"post-thumbnail-rollover layzr-bg\" ><img decoding=\"async\" class=\"preload-me owl-lazy-load aspect\" src=\"data:image\/svg+xml,%3Csvg%20xmlns%3D&#39;http%3A%2F%2Fwww.w3.org%2F2000%2Fsvg&#39;%20viewBox%3D&#39;0%200%20486%20486&#39;%2F%3E\" data-src=\"https:\/\/www.connexion-bois-direct.fr\/fr\/wp-content\/uploads\/2019\/06\/Foret-etage-SPAX-486x486.png\" data-srcset=\"https:\/\/www.connexion-bois-direct.fr\/fr\/wp-content\/uploads\/2019\/06\/Foret-etage-SPAX-486x486.png 486w\" loading=\"eager\" style=\"--ratio: 486 \/ 486\" sizes=\"(max-width: 486px) 100vw, 486px\" alt=\"\" title=\"Foret-etage-SPAX\" width=\"486\" height=\"486\"  \/><\/a>\t<\/div>\n<\/div>\n\n\n<div class=\"post-entry-content\">\n\n\t<h3 class=\"entry-title\">\n\t\t<a href=\"https:\/\/www.connexion-bois-direct.fr\/fr\/foret-etage-spax\/\" title=\"Foret \u00e9tag\u00e9 SPAX\" rel=\"bookmark\">Foret \u00e9tag\u00e9 SPAX<\/a>\n\t<\/h3>\n\n\t\n\t\n\t\n<a href=\"https:\/\/www.connexion-bois-direct.fr\/fr\/foret-etage-spax\/\" class=\"post-details details-type-link\" aria-label=\"Read more about Foret \u00e9tag\u00e9 SPAX\">Voir le produit<i class=\"dt-icon-the7-arrow-03\" aria-hidden=\"true\"><\/i><\/a>\n\n<\/div><\/article><article class=\"post post-2095 type-post status-publish format-standard has-post-thumbnail hentry category-accessoires-de-terrasses category-fixations category-33 category-49 description-off\" data-name=\"Green Box Deck R\u00e9sineux vis 4,5&#215;70 A2 SPAX\" data-date=\"2019-11-18T19:54:18+01:00\">\n\n<div class=\"post-thumbnail-wrap\">\n\t<div class=\"post-thumbnail\">\n\t\t\n\t\t\n\t\t<a href=\"https:\/\/www.connexion-bois-direct.fr\/fr\/green-box-deck-spax-resineux-vis-spax-d-45x70-a2-24m%c2%b2\/\" class=\"post-thumbnail-rollover layzr-bg\" ><img decoding=\"async\" class=\"preload-me owl-lazy-load aspect\" src=\"data:image\/svg+xml,%3Csvg%20xmlns%3D&#39;http%3A%2F%2Fwww.w3.org%2F2000%2Fsvg&#39;%20viewBox%3D&#39;0%200%20486%20486&#39;%2F%3E\" data-src=\"https:\/\/www.connexion-bois-direct.fr\/fr\/wp-content\/uploads\/2020\/01\/green-box-deck-spax-resineux-24m2-4570-486x486.png\" data-srcset=\"https:\/\/www.connexion-bois-direct.fr\/fr\/wp-content\/uploads\/2020\/01\/green-box-deck-spax-resineux-24m2-4570-486x486.png 486w\" loading=\"eager\" style=\"--ratio: 486 \/ 486\" sizes=\"(max-width: 486px) 100vw, 486px\" alt=\"\" title=\"green-box-deck-spax-resineux-24m2-4570\" width=\"486\" height=\"486\"  \/><\/a>\t<\/div>\n<\/div>\n\n\n<div class=\"post-entry-content\">\n\n\t<h3 class=\"entry-title\">\n\t\t<a href=\"https:\/\/www.connexion-bois-direct.fr\/fr\/green-box-deck-spax-resineux-vis-spax-d-45x70-a2-24m%c2%b2\/\" title=\"Green Box Deck R\u00e9sineux vis 4,5&#215;70 A2 SPAX\" rel=\"bookmark\">Green Box Deck R\u00e9sineux vis 4,5&#215;70 A2 SPAX<\/a>\n\t<\/h3>\n\n\t\n\t\n\t\n<a href=\"https:\/\/www.connexion-bois-direct.fr\/fr\/green-box-deck-spax-resineux-vis-spax-d-45x70-a2-24m%c2%b2\/\" class=\"post-details details-type-link\" aria-label=\"Read more about Green Box Deck R\u00e9sineux vis 4,5&#215;70 A2 SPAX\">Voir le produit<i class=\"dt-icon-the7-arrow-03\" aria-hidden=\"true\"><\/i><\/a>\n\n<\/div><\/article><article class=\"post post-2090 type-post status-publish format-standard has-post-thumbnail hentry category-accessoires-de-terrasses category-fixations category-33 category-49 description-off\" data-name=\"Green Box Deck R\u00e9sineux vis 4,5&#215;60 A2 SPAX\" data-date=\"2019-11-18T18:50:35+01:00\">\n\n<div class=\"post-thumbnail-wrap\">\n\t<div class=\"post-thumbnail\">\n\t\t\n\t\t\n\t\t<a href=\"https:\/\/www.connexion-bois-direct.fr\/fr\/green-box-deck-spax-resineux-vis-spax-d-45x60-a2-24m%c2%b2\/\" class=\"post-thumbnail-rollover layzr-bg\" ><img decoding=\"async\" class=\"preload-me owl-lazy-load aspect\" src=\"data:image\/svg+xml,%3Csvg%20xmlns%3D&#39;http%3A%2F%2Fwww.w3.org%2F2000%2Fsvg&#39;%20viewBox%3D&#39;0%200%20486%20486&#39;%2F%3E\" data-src=\"https:\/\/www.connexion-bois-direct.fr\/fr\/wp-content\/uploads\/2020\/01\/green-box-deck-spax-resineux-24m2-4560-486x486.png\" data-srcset=\"https:\/\/www.connexion-bois-direct.fr\/fr\/wp-content\/uploads\/2020\/01\/green-box-deck-spax-resineux-24m2-4560-486x486.png 486w\" loading=\"eager\" style=\"--ratio: 486 \/ 486\" sizes=\"(max-width: 486px) 100vw, 486px\" alt=\"\" title=\"green-box-deck-spax-resineux-24m2-4560\" width=\"486\" height=\"486\"  \/><\/a>\t<\/div>\n<\/div>\n\n\n<div class=\"post-entry-content\">\n\n\t<h3 class=\"entry-title\">\n\t\t<a href=\"https:\/\/www.connexion-bois-direct.fr\/fr\/green-box-deck-spax-resineux-vis-spax-d-45x60-a2-24m%c2%b2\/\" title=\"Green Box Deck R\u00e9sineux vis 4,5&#215;60 A2 SPAX\" rel=\"bookmark\">Green Box Deck R\u00e9sineux vis 4,5&#215;60 A2 SPAX<\/a>\n\t<\/h3>\n\n\t\n\t\n\t\n<a href=\"https:\/\/www.connexion-bois-direct.fr\/fr\/green-box-deck-spax-resineux-vis-spax-d-45x60-a2-24m%c2%b2\/\" class=\"post-details details-type-link\" aria-label=\"Read more about Green Box Deck R\u00e9sineux vis 4,5&#215;60 A2 SPAX\">Voir le produit<i class=\"dt-icon-the7-arrow-03\" aria-hidden=\"true\"><\/i><\/a>\n\n<\/div><\/article><article class=\"post post-1522 type-post status-publish format-standard has-post-thumbnail hentry category-accessoires-de-terrasses category-fixations category-33 category-49 description-off\" data-name=\"Green Box Deck Exotique 5&#215;50 SPAX\" data-date=\"2019-11-18T17:41:32+01:00\">\n\n<div class=\"post-thumbnail-wrap\">\n\t<div class=\"post-thumbnail\">\n\t\t\n\t\t\n\t\t<a href=\"https:\/\/www.connexion-bois-direct.fr\/fr\/green-box-deck-spax-exotique-25m%c2%b2\/\" class=\"post-thumbnail-rollover layzr-bg\" ><img decoding=\"async\" class=\"preload-me owl-lazy-load aspect\" src=\"data:image\/svg+xml,%3Csvg%20xmlns%3D&#39;http%3A%2F%2Fwww.w3.org%2F2000%2Fsvg&#39;%20viewBox%3D&#39;0%200%20486%20486&#39;%2F%3E\" data-src=\"https:\/\/www.connexion-bois-direct.fr\/fr\/wp-content\/uploads\/2019\/06\/green-box-deck-spax-exotique-25m2-486x486.png\" data-srcset=\"https:\/\/www.connexion-bois-direct.fr\/fr\/wp-content\/uploads\/2019\/06\/green-box-deck-spax-exotique-25m2-486x486.png 486w\" loading=\"eager\" style=\"--ratio: 486 \/ 486\" sizes=\"(max-width: 486px) 100vw, 486px\" alt=\"\" title=\"green-box-deck-spax-exotique-25m2\" width=\"486\" height=\"486\"  \/><\/a>\t<\/div>\n<\/div>\n\n\n<div class=\"post-entry-content\">\n\n\t<h3 class=\"entry-title\">\n\t\t<a href=\"https:\/\/www.connexion-bois-direct.fr\/fr\/green-box-deck-spax-exotique-25m%c2%b2\/\" title=\"Green Box Deck Exotique 5&#215;50 SPAX\" rel=\"bookmark\">Green Box Deck Exotique 5&#215;50 SPAX<\/a>\n\t<\/h3>\n\n\t\n\t\n\t\n<a href=\"https:\/\/www.connexion-bois-direct.fr\/fr\/green-box-deck-spax-exotique-25m%c2%b2\/\" class=\"post-details details-type-link\" aria-label=\"Read more about Green Box Deck Exotique 5&#215;50 SPAX\">Voir le produit<i class=\"dt-icon-the7-arrow-03\" aria-hidden=\"true\"><\/i><\/a>\n\n<\/div><\/article><article class=\"post post-2453 type-post status-publish format-standard has-post-thumbnail hentry category-accessoires-de-terrasses category-fixations category-33 category-49 description-off\" data-name=\"Greenbox Spax Exotique 5&#215;60\" data-date=\"2019-11-18T16:30:07+01:00\">\n\n<div class=\"post-thumbnail-wrap\">\n\t<div class=\"post-thumbnail\">\n\t\t\n\t\t\n\t\t<a href=\"https:\/\/www.connexion-bois-direct.fr\/fr\/greenbox-spax-exotique-5x60\/\" class=\"post-thumbnail-rollover layzr-bg\" ><img decoding=\"async\" class=\"preload-me owl-lazy-load aspect\" src=\"data:image\/svg+xml,%3Csvg%20xmlns%3D&#39;http%3A%2F%2Fwww.w3.org%2F2000%2Fsvg&#39;%20viewBox%3D&#39;0%200%20486%20486&#39;%2F%3E\" data-src=\"https:\/\/www.connexion-bois-direct.fr\/fr\/wp-content\/uploads\/2020\/06\/Greenbox-Spax-Exotique-5x60-1-486x486.png\" data-srcset=\"https:\/\/www.connexion-bois-direct.fr\/fr\/wp-content\/uploads\/2020\/06\/Greenbox-Spax-Exotique-5x60-1-486x486.png 486w\" loading=\"eager\" style=\"--ratio: 486 \/ 486\" sizes=\"(max-width: 486px) 100vw, 486px\" alt=\"\" title=\"Greenbox-Spax-Exotique-5&#215;60\" width=\"486\" height=\"486\"  \/><\/a>\t<\/div>\n<\/div>\n\n\n<div class=\"post-entry-content\">\n\n\t<h3 class=\"entry-title\">\n\t\t<a href=\"https:\/\/www.connexion-bois-direct.fr\/fr\/greenbox-spax-exotique-5x60\/\" title=\"Greenbox Spax Exotique 5&#215;60\" rel=\"bookmark\">Greenbox Spax Exotique 5&#215;60<\/a>\n\t<\/h3>\n\n\t\n\t\n\t\n<a href=\"https:\/\/www.connexion-bois-direct.fr\/fr\/greenbox-spax-exotique-5x60\/\" class=\"post-details details-type-link\" aria-label=\"Read more about Greenbox Spax Exotique 5&#215;60\">Voir le produit<i class=\"dt-icon-the7-arrow-03\" aria-hidden=\"true\"><\/i><\/a>\n\n<\/div><\/article><article class=\"post post-2450 type-post status-publish format-standard has-post-thumbnail hentry category-accessoires-de-terrasses category-fixations category-33 category-49 description-off\" data-name=\"Greenbox Spax Exotique 6&#215;60 A4\" data-date=\"2019-11-18T16:20:07+01:00\">\n\n<div class=\"post-thumbnail-wrap\">\n\t<div class=\"post-thumbnail\">\n\t\t\n\t\t\n\t\t<a href=\"https:\/\/www.connexion-bois-direct.fr\/fr\/greenbox-spax-exotique-6x60-a4\/\" class=\"post-thumbnail-rollover layzr-bg\" ><img decoding=\"async\" class=\"preload-me owl-lazy-load aspect\" src=\"data:image\/svg+xml,%3Csvg%20xmlns%3D&#39;http%3A%2F%2Fwww.w3.org%2F2000%2Fsvg&#39;%20viewBox%3D&#39;0%200%20486%20486&#39;%2F%3E\" data-src=\"https:\/\/www.connexion-bois-direct.fr\/fr\/wp-content\/uploads\/2020\/06\/Greenbox-Spax-Exotique-6x60-A4-486x486.png\" data-srcset=\"https:\/\/www.connexion-bois-direct.fr\/fr\/wp-content\/uploads\/2020\/06\/Greenbox-Spax-Exotique-6x60-A4-486x486.png 486w\" loading=\"eager\" style=\"--ratio: 486 \/ 486\" sizes=\"(max-width: 486px) 100vw, 486px\" alt=\"\" title=\"Greenbox-Spax-Exotique-6&#215;60-A4\" width=\"486\" height=\"486\"  \/><\/a>\t<\/div>\n<\/div>\n\n\n<div class=\"post-entry-content\">\n\n\t<h3 class=\"entry-title\">\n\t\t<a href=\"https:\/\/www.connexion-bois-direct.fr\/fr\/greenbox-spax-exotique-6x60-a4\/\" title=\"Greenbox Spax Exotique 6&#215;60 A4\" rel=\"bookmark\">Greenbox Spax Exotique 6&#215;60 A4<\/a>\n\t<\/h3>\n\n\t\n\t\n\t\n<a href=\"https:\/\/www.connexion-bois-direct.fr\/fr\/greenbox-spax-exotique-6x60-a4\/\" class=\"post-details details-type-link\" aria-label=\"Read more about Greenbox Spax Exotique 6&#215;60 A4\">Voir le produit<i class=\"dt-icon-the7-arrow-03\" aria-hidden=\"true\"><\/i><\/a>\n\n<\/div><\/article><article class=\"post post-1494 type-post status-publish format-standard has-post-thumbnail hentry category-accessoires-de-terrasses category-pose category-33 category-57 description-off\" data-name=\"Embout T25 SPAX\" data-date=\"2019-11-18T16:16:01+01:00\">\n\n<div class=\"post-thumbnail-wrap\">\n\t<div class=\"post-thumbnail\">\n\t\t\n\t\t\n\t\t<a href=\"https:\/\/www.connexion-bois-direct.fr\/fr\/embout-t25-spax\/\" class=\"post-thumbnail-rollover layzr-bg\" ><img decoding=\"async\" class=\"preload-me owl-lazy-load aspect\" src=\"data:image\/svg+xml,%3Csvg%20xmlns%3D&#39;http%3A%2F%2Fwww.w3.org%2F2000%2Fsvg&#39;%20viewBox%3D&#39;0%200%20486%20486&#39;%2F%3E\" data-src=\"https:\/\/www.connexion-bois-direct.fr\/fr\/wp-content\/uploads\/2019\/06\/embout-t25-spax-486x486.png\" data-srcset=\"https:\/\/www.connexion-bois-direct.fr\/fr\/wp-content\/uploads\/2019\/06\/embout-t25-spax-486x486.png 486w\" loading=\"eager\" style=\"--ratio: 486 \/ 486\" sizes=\"(max-width: 486px) 100vw, 486px\" alt=\"\" title=\"embout-t25-spax\" width=\"486\" height=\"486\"  \/><\/a>\t<\/div>\n<\/div>\n\n\n<div class=\"post-entry-content\">\n\n\t<h3 class=\"entry-title\">\n\t\t<a href=\"https:\/\/www.connexion-bois-direct.fr\/fr\/embout-t25-spax\/\" title=\"Embout T25 SPAX\" rel=\"bookmark\">Embout T25 SPAX<\/a>\n\t<\/h3>\n\n\t\n\t\n\t\n<a href=\"https:\/\/www.connexion-bois-direct.fr\/fr\/embout-t25-spax\/\" class=\"post-details details-type-link\" aria-label=\"Read more about Embout T25 SPAX\">Voir le produit<i class=\"dt-icon-the7-arrow-03\" aria-hidden=\"true\"><\/i><\/a>\n\n<\/div><\/article><article class=\"post post-1491 type-post status-publish format-standard has-post-thumbnail hentry category-accessoires-de-terrasses category-pose category-33 category-57 description-off\" data-name=\"Bandes d&rsquo;\u00e9tanch\u00e9it\u00e9 SPAX\" data-date=\"2019-11-17T17:35:24+01:00\">\n\n<div class=\"post-thumbnail-wrap\">\n\t<div class=\"post-thumbnail\">\n\t\t\n\t\t\n\t\t<a href=\"https:\/\/www.connexion-bois-direct.fr\/fr\/spax-bandes-detancheite\/\" class=\"post-thumbnail-rollover layzr-bg\" ><img decoding=\"async\" class=\"preload-me owl-lazy-load aspect\" src=\"data:image\/svg+xml,%3Csvg%20xmlns%3D&#39;http%3A%2F%2Fwww.w3.org%2F2000%2Fsvg&#39;%20viewBox%3D&#39;0%200%20486%20486&#39;%2F%3E\" data-src=\"https:\/\/www.connexion-bois-direct.fr\/fr\/wp-content\/uploads\/2019\/06\/spax-bandes-etancheite-486x486.png\" data-srcset=\"https:\/\/www.connexion-bois-direct.fr\/fr\/wp-content\/uploads\/2019\/06\/spax-bandes-etancheite-486x486.png 486w\" loading=\"eager\" style=\"--ratio: 486 \/ 486\" sizes=\"(max-width: 486px) 100vw, 486px\" alt=\"\" title=\"spax-bandes-etancheite\" width=\"486\" height=\"486\"  \/><\/a>\t<\/div>\n<\/div>\n\n\n<div class=\"post-entry-content\">\n\n\t<h3 class=\"entry-title\">\n\t\t<a href=\"https:\/\/www.connexion-bois-direct.fr\/fr\/spax-bandes-detancheite\/\" title=\"Bandes d&rsquo;\u00e9tanch\u00e9it\u00e9 SPAX\" rel=\"bookmark\">Bandes d&rsquo;\u00e9tanch\u00e9it\u00e9 SPAX<\/a>\n\t<\/h3>\n\n\t\n\t\n\t\n<a href=\"https:\/\/www.connexion-bois-direct.fr\/fr\/spax-bandes-detancheite\/\" class=\"post-details details-type-link\" aria-label=\"Read more about Bandes d&rsquo;\u00e9tanch\u00e9it\u00e9 SPAX\">Voir le produit<i class=\"dt-icon-the7-arrow-03\" aria-hidden=\"true\"><\/i><\/a>\n\n<\/div><\/article><article class=\"post post-1473 type-post status-publish format-standard has-post-thumbnail hentry category-accessoires-de-terrasses category-pose category-33 category-57 description-off\" data-name=\"Espaceurs de lames SPAX\" data-date=\"2019-11-16T15:44:19+01:00\">\n\n<div class=\"post-thumbnail-wrap\">\n\t<div class=\"post-thumbnail\">\n\t\t\n\t\t\n\t\t<a href=\"https:\/\/www.connexion-bois-direct.fr\/fr\/espaceurs-de-lames-spax\/\" class=\"post-thumbnail-rollover layzr-bg\" ><img decoding=\"async\" class=\"preload-me owl-lazy-load aspect\" src=\"data:image\/svg+xml,%3Csvg%20xmlns%3D&#39;http%3A%2F%2Fwww.w3.org%2F2000%2Fsvg&#39;%20viewBox%3D&#39;0%200%20486%20486&#39;%2F%3E\" data-src=\"https:\/\/www.connexion-bois-direct.fr\/fr\/wp-content\/uploads\/2019\/06\/espaceurs-de-lames-SPAX-486x486.png\" data-srcset=\"https:\/\/www.connexion-bois-direct.fr\/fr\/wp-content\/uploads\/2019\/06\/espaceurs-de-lames-SPAX-486x486.png 486w\" loading=\"eager\" style=\"--ratio: 486 \/ 486\" sizes=\"(max-width: 486px) 100vw, 486px\" alt=\"\" title=\"espaceurs-de-lames-SPAX\" width=\"486\" height=\"486\"  \/><\/a>\t<\/div>\n<\/div>\n\n\n<div class=\"post-entry-content\">\n\n\t<h3 class=\"entry-title\">\n\t\t<a href=\"https:\/\/www.connexion-bois-direct.fr\/fr\/espaceurs-de-lames-spax\/\" title=\"Espaceurs de lames SPAX\" rel=\"bookmark\">Espaceurs de lames SPAX<\/a>\n\t<\/h3>\n\n\t\n\t\n\t\n<a href=\"https:\/\/www.connexion-bois-direct.fr\/fr\/espaceurs-de-lames-spax\/\" class=\"post-details details-type-link\" aria-label=\"Read more about Espaceurs de lames SPAX\">Voir le produit<i class=\"dt-icon-the7-arrow-03\" aria-hidden=\"true\"><\/i><\/a>\n\n<\/div><\/article><article class=\"post post-1497 type-post status-publish format-standard has-post-thumbnail hentry category-accessoires-de-terrasses category-pose category-33 category-57 description-off\" data-name=\"But\u00e9e de profondeur SPAX\" data-date=\"2019-11-15T16:28:33+01:00\">\n\n<div class=\"post-thumbnail-wrap\">\n\t<div class=\"post-thumbnail\">\n\t\t\n\t\t\n\t\t<a href=\"https:\/\/www.connexion-bois-direct.fr\/fr\/butee-de-profondeur-spax\/\" class=\"post-thumbnail-rollover layzr-bg\" ><img decoding=\"async\" class=\"preload-me owl-lazy-load aspect\" src=\"data:image\/svg+xml,%3Csvg%20xmlns%3D&#39;http%3A%2F%2Fwww.w3.org%2F2000%2Fsvg&#39;%20viewBox%3D&#39;0%200%20486%20486&#39;%2F%3E\" data-src=\"https:\/\/www.connexion-bois-direct.fr\/fr\/wp-content\/uploads\/2019\/06\/butee-de-profondeur-spax-486x486.png\" data-srcset=\"https:\/\/www.connexion-bois-direct.fr\/fr\/wp-content\/uploads\/2019\/06\/butee-de-profondeur-spax-486x486.png 486w\" loading=\"eager\" style=\"--ratio: 486 \/ 486\" sizes=\"(max-width: 486px) 100vw, 486px\" alt=\"\" title=\"butee-de-profondeur-spax\" width=\"486\" height=\"486\"  \/><\/a>\t<\/div>\n<\/div>\n\n\n<div class=\"post-entry-content\">\n\n\t<h3 class=\"entry-title\">\n\t\t<a href=\"https:\/\/www.connexion-bois-direct.fr\/fr\/butee-de-profondeur-spax\/\" title=\"But\u00e9e de profondeur SPAX\" rel=\"bookmark\">But\u00e9e de profondeur SPAX<\/a>\n\t<\/h3>\n\n\t\n\t\n\t\n<a href=\"https:\/\/www.connexion-bois-direct.fr\/fr\/butee-de-profondeur-spax\/\" class=\"post-details details-type-link\" aria-label=\"Read more about But\u00e9e de profondeur SPAX\">Voir le produit<i class=\"dt-icon-the7-arrow-03\" aria-hidden=\"true\"><\/i><\/a>\n\n<\/div><\/article><article class=\"post post-1489 type-post status-publish format-standard has-post-thumbnail hentry category-accessoires-de-terrasses category-pose category-33 category-57 description-off\" data-name=\"Toile G\u00e9otextile OPSIAL\u00ae\" data-date=\"2019-11-13T16:44:22+01:00\">\n\n<div class=\"post-thumbnail-wrap\">\n\t<div class=\"post-thumbnail\">\n\t\t\n\t\t\n\t\t<a href=\"https:\/\/www.connexion-bois-direct.fr\/fr\/toile-geotextile-opsial-1mx25m\/\" class=\"post-thumbnail-rollover layzr-bg\" ><img decoding=\"async\" class=\"preload-me owl-lazy-load aspect\" src=\"data:image\/svg+xml,%3Csvg%20xmlns%3D&#39;http%3A%2F%2Fwww.w3.org%2F2000%2Fsvg&#39;%20viewBox%3D&#39;0%200%20486%20486&#39;%2F%3E\" data-src=\"https:\/\/www.connexion-bois-direct.fr\/fr\/wp-content\/uploads\/2019\/06\/toile-geotextile-opsial-2m-25m-486x486.png\" data-srcset=\"https:\/\/www.connexion-bois-direct.fr\/fr\/wp-content\/uploads\/2019\/06\/toile-geotextile-opsial-2m-25m-486x486.png 486w\" loading=\"eager\" style=\"--ratio: 486 \/ 486\" sizes=\"(max-width: 486px) 100vw, 486px\" alt=\"\" title=\"toile-geotextile-opsial-2m-25m\" width=\"486\" height=\"486\"  \/><\/a>\t<\/div>\n<\/div>\n\n\n<div class=\"post-entry-content\">\n\n\t<h3 class=\"entry-title\">\n\t\t<a href=\"https:\/\/www.connexion-bois-direct.fr\/fr\/toile-geotextile-opsial-1mx25m\/\" title=\"Toile G\u00e9otextile OPSIAL\u00ae\" rel=\"bookmark\">Toile G\u00e9otextile OPSIAL\u00ae<\/a>\n\t<\/h3>\n\n\t\n\t\n\t\n<a href=\"https:\/\/www.connexion-bois-direct.fr\/fr\/toile-geotextile-opsial-1mx25m\/\" class=\"post-details details-type-link\" aria-label=\"Read more about Toile G\u00e9otextile OPSIAL\u00ae\">Voir le produit<i class=\"dt-icon-the7-arrow-03\" aria-hidden=\"true\"><\/i><\/a>\n\n<\/div><\/article><article class=\"post post-2528 type-post status-publish format-standard has-post-thumbnail hentry category-accessoires-de-terrasses category-pose category-33 category-57 description-off\" data-name=\"Bouchon bois Cumaru N\u00d6VLEK\u00ae\" data-date=\"2019-11-12T14:00:13+01:00\">\n\n<div class=\"post-thumbnail-wrap\">\n\t<div class=\"post-thumbnail\">\n\t\t\n\t\t\n\t\t<a href=\"https:\/\/www.connexion-bois-direct.fr\/fr\/bouchon-bois-cumaru-novlek\/\" class=\"post-thumbnail-rollover layzr-bg\" ><img decoding=\"async\" class=\"preload-me owl-lazy-load aspect\" src=\"data:image\/svg+xml,%3Csvg%20xmlns%3D&#39;http%3A%2F%2Fwww.w3.org%2F2000%2Fsvg&#39;%20viewBox%3D&#39;0%200%20486%20486&#39;%2F%3E\" data-src=\"https:\/\/www.connexion-bois-direct.fr\/fr\/wp-content\/uploads\/2020\/06\/Bouchon-bois-cumaru-novlek-486x486.png\" data-srcset=\"https:\/\/www.connexion-bois-direct.fr\/fr\/wp-content\/uploads\/2020\/06\/Bouchon-bois-cumaru-novlek-486x486.png 486w\" loading=\"eager\" style=\"--ratio: 486 \/ 486\" sizes=\"(max-width: 486px) 100vw, 486px\" alt=\"\" title=\"Bouchon-bois-cumaru-novlek\" width=\"486\" height=\"486\"  \/><\/a>\t<\/div>\n<\/div>\n\n\n<div class=\"post-entry-content\">\n\n\t<h3 class=\"entry-title\">\n\t\t<a href=\"https:\/\/www.connexion-bois-direct.fr\/fr\/bouchon-bois-cumaru-novlek\/\" title=\"Bouchon bois Cumaru N\u00d6VLEK\u00ae\" rel=\"bookmark\">Bouchon bois Cumaru N\u00d6VLEK\u00ae<\/a>\n\t<\/h3>\n\n\t\n\t\n\t\n<a href=\"https:\/\/www.connexion-bois-direct.fr\/fr\/bouchon-bois-cumaru-novlek\/\" class=\"post-details details-type-link\" aria-label=\"Read more about Bouchon bois Cumaru N\u00d6VLEK\u00ae\">Voir le produit<i class=\"dt-icon-the7-arrow-03\" aria-hidden=\"true\"><\/i><\/a>\n\n<\/div><\/article><article class=\"post post-2532 type-post status-publish format-standard has-post-thumbnail hentry category-accessoires-de-terrasses category-pose category-33 category-57 description-off\" data-name=\"Bouchon bois Garapa N\u00d6VLEK\u00ae\" data-date=\"2019-11-12T13:30:12+01:00\">\n\n<div class=\"post-thumbnail-wrap\">\n\t<div class=\"post-thumbnail\">\n\t\t\n\t\t\n\t\t<a href=\"https:\/\/www.connexion-bois-direct.fr\/fr\/bouchon-bois-garapa-novlek\/\" class=\"post-thumbnail-rollover layzr-bg\" ><img decoding=\"async\" class=\"preload-me owl-lazy-load aspect\" src=\"data:image\/svg+xml,%3Csvg%20xmlns%3D&#39;http%3A%2F%2Fwww.w3.org%2F2000%2Fsvg&#39;%20viewBox%3D&#39;0%200%20486%20486&#39;%2F%3E\" data-src=\"https:\/\/www.connexion-bois-direct.fr\/fr\/wp-content\/uploads\/2020\/06\/Bouchon-bois-garapa-novlek-486x486.png\" data-srcset=\"https:\/\/www.connexion-bois-direct.fr\/fr\/wp-content\/uploads\/2020\/06\/Bouchon-bois-garapa-novlek-486x486.png 486w\" loading=\"eager\" style=\"--ratio: 486 \/ 486\" sizes=\"(max-width: 486px) 100vw, 486px\" alt=\"\" title=\"Bouchon-bois-garapa-novlek\" width=\"486\" height=\"486\"  \/><\/a>\t<\/div>\n<\/div>\n\n\n<div class=\"post-entry-content\">\n\n\t<h3 class=\"entry-title\">\n\t\t<a href=\"https:\/\/www.connexion-bois-direct.fr\/fr\/bouchon-bois-garapa-novlek\/\" title=\"Bouchon bois Garapa N\u00d6VLEK\u00ae\" rel=\"bookmark\">Bouchon bois Garapa N\u00d6VLEK\u00ae<\/a>\n\t<\/h3>\n\n\t\n\t\n\t\n<a href=\"https:\/\/www.connexion-bois-direct.fr\/fr\/bouchon-bois-garapa-novlek\/\" class=\"post-details details-type-link\" aria-label=\"Read more about Bouchon bois Garapa N\u00d6VLEK\u00ae\">Voir le produit<i class=\"dt-icon-the7-arrow-03\" aria-hidden=\"true\"><\/i><\/a>\n\n<\/div><\/article><article class=\"post post-2536 type-post status-publish format-standard has-post-thumbnail hentry category-accessoires-de-terrasses category-pose category-33 category-57 description-off\" data-name=\"Bouchon bois IPE N\u00d6VLEK\u00ae\" data-date=\"2019-11-12T13:00:00+01:00\">\n\n<div class=\"post-thumbnail-wrap\">\n\t<div class=\"post-thumbnail\">\n\t\t\n\t\t\n\t\t<a href=\"https:\/\/www.connexion-bois-direct.fr\/fr\/bouchon-bois-ipe-novlek\/\" class=\"post-thumbnail-rollover layzr-bg\" ><img decoding=\"async\" class=\"preload-me owl-lazy-load aspect\" src=\"data:image\/svg+xml,%3Csvg%20xmlns%3D&#39;http%3A%2F%2Fwww.w3.org%2F2000%2Fsvg&#39;%20viewBox%3D&#39;0%200%20486%20486&#39;%2F%3E\" data-src=\"https:\/\/www.connexion-bois-direct.fr\/fr\/wp-content\/uploads\/2020\/06\/Bouchon-bois-IPE-novlek-486x486.png\" data-srcset=\"https:\/\/www.connexion-bois-direct.fr\/fr\/wp-content\/uploads\/2020\/06\/Bouchon-bois-IPE-novlek-486x486.png 486w\" loading=\"eager\" style=\"--ratio: 486 \/ 486\" sizes=\"(max-width: 486px) 100vw, 486px\" alt=\"\" title=\"Bouchon-bois-IPE-novlek\" width=\"486\" height=\"486\"  \/><\/a>\t<\/div>\n<\/div>\n\n\n<div class=\"post-entry-content\">\n\n\t<h3 class=\"entry-title\">\n\t\t<a href=\"https:\/\/www.connexion-bois-direct.fr\/fr\/bouchon-bois-ipe-novlek\/\" title=\"Bouchon bois IPE N\u00d6VLEK\u00ae\" rel=\"bookmark\">Bouchon bois IPE N\u00d6VLEK\u00ae<\/a>\n\t<\/h3>\n\n\t\n\t\n\t\n<a href=\"https:\/\/www.connexion-bois-direct.fr\/fr\/bouchon-bois-ipe-novlek\/\" class=\"post-details details-type-link\" aria-label=\"Read more about Bouchon bois IPE N\u00d6VLEK\u00ae\">Voir le produit<i class=\"dt-icon-the7-arrow-03\" aria-hidden=\"true\"><\/i><\/a>\n\n<\/div><\/article><article class=\"post post-2539 type-post status-publish format-standard has-post-thumbnail hentry category-accessoires-de-terrasses category-pose category-33 category-57 description-off\" data-name=\"Bouchon bois M\u00e9l\u00e8ze N\u00d6VLEK\u00ae\" data-date=\"2019-11-12T12:30:54+01:00\">\n\n<div class=\"post-thumbnail-wrap\">\n\t<div class=\"post-thumbnail\">\n\t\t\n\t\t\n\t\t<a href=\"https:\/\/www.connexion-bois-direct.fr\/fr\/bouchon-bois-meleze-novlek\/\" class=\"post-thumbnail-rollover layzr-bg\" ><img decoding=\"async\" class=\"preload-me owl-lazy-load aspect\" src=\"data:image\/svg+xml,%3Csvg%20xmlns%3D&#39;http%3A%2F%2Fwww.w3.org%2F2000%2Fsvg&#39;%20viewBox%3D&#39;0%200%20486%20486&#39;%2F%3E\" data-src=\"https:\/\/www.connexion-bois-direct.fr\/fr\/wp-content\/uploads\/2020\/06\/Bouchon-bois-Meleze-novlek-486x486.png\" data-srcset=\"https:\/\/www.connexion-bois-direct.fr\/fr\/wp-content\/uploads\/2020\/06\/Bouchon-bois-Meleze-novlek-486x486.png 486w\" loading=\"eager\" style=\"--ratio: 486 \/ 486\" sizes=\"(max-width: 486px) 100vw, 486px\" alt=\"\" title=\"Bouchon-bois-Meleze-novlek\" width=\"486\" height=\"486\"  \/><\/a>\t<\/div>\n<\/div>\n\n\n<div class=\"post-entry-content\">\n\n\t<h3 class=\"entry-title\">\n\t\t<a href=\"https:\/\/www.connexion-bois-direct.fr\/fr\/bouchon-bois-meleze-novlek\/\" title=\"Bouchon bois M\u00e9l\u00e8ze N\u00d6VLEK\u00ae\" rel=\"bookmark\">Bouchon bois M\u00e9l\u00e8ze N\u00d6VLEK\u00ae<\/a>\n\t<\/h3>\n\n\t\n\t\n\t\n<a href=\"https:\/\/www.connexion-bois-direct.fr\/fr\/bouchon-bois-meleze-novlek\/\" class=\"post-details details-type-link\" aria-label=\"Read more about Bouchon bois M\u00e9l\u00e8ze N\u00d6VLEK\u00ae\">Voir le produit<i class=\"dt-icon-the7-arrow-03\" aria-hidden=\"true\"><\/i><\/a>\n\n<\/div><\/article><article class=\"post post-2542 type-post status-publish format-standard has-post-thumbnail hentry category-accessoires-de-terrasses category-pose category-33 category-57 description-off\" data-name=\"Bouchon bois Padouk N\u00d6VLEK\u00ae\" data-date=\"2019-11-12T12:00:52+01:00\">\n\n<div class=\"post-thumbnail-wrap\">\n\t<div class=\"post-thumbnail\">\n\t\t\n\t\t\n\t\t<a href=\"https:\/\/www.connexion-bois-direct.fr\/fr\/bouchon-bois-padouk-novlek\/\" class=\"post-thumbnail-rollover layzr-bg\" ><img decoding=\"async\" class=\"preload-me owl-lazy-load aspect\" src=\"data:image\/svg+xml,%3Csvg%20xmlns%3D&#39;http%3A%2F%2Fwww.w3.org%2F2000%2Fsvg&#39;%20viewBox%3D&#39;0%200%20486%20486&#39;%2F%3E\" data-src=\"https:\/\/www.connexion-bois-direct.fr\/fr\/wp-content\/uploads\/2020\/06\/Bouchon-bois-Padouk-novlek-486x486.png\" data-srcset=\"https:\/\/www.connexion-bois-direct.fr\/fr\/wp-content\/uploads\/2020\/06\/Bouchon-bois-Padouk-novlek-486x486.png 486w\" loading=\"eager\" style=\"--ratio: 486 \/ 486\" sizes=\"(max-width: 486px) 100vw, 486px\" alt=\"\" title=\"Bouchon-bois-Padouk-novlek\" width=\"486\" height=\"486\"  \/><\/a>\t<\/div>\n<\/div>\n\n\n<div class=\"post-entry-content\">\n\n\t<h3 class=\"entry-title\">\n\t\t<a href=\"https:\/\/www.connexion-bois-direct.fr\/fr\/bouchon-bois-padouk-novlek\/\" title=\"Bouchon bois Padouk N\u00d6VLEK\u00ae\" rel=\"bookmark\">Bouchon bois Padouk N\u00d6VLEK\u00ae<\/a>\n\t<\/h3>\n\n\t\n\t\n\t\n<a href=\"https:\/\/www.connexion-bois-direct.fr\/fr\/bouchon-bois-padouk-novlek\/\" class=\"post-details details-type-link\" aria-label=\"Read more about Bouchon bois Padouk N\u00d6VLEK\u00ae\">Voir le produit<i class=\"dt-icon-the7-arrow-03\" aria-hidden=\"true\"><\/i><\/a>\n\n<\/div><\/article><article class=\"post post-2545 type-post status-publish format-standard has-post-thumbnail hentry category-accessoires-de-terrasses category-pose category-33 category-57 description-off\" data-name=\"Foret bouchon 3 mm N\u00d6VLEK\u00ae\" data-date=\"2019-11-12T11:00:26+01:00\">\n\n<div class=\"post-thumbnail-wrap\">\n\t<div class=\"post-thumbnail\">\n\t\t\n\t\t\n\t\t<a href=\"https:\/\/www.connexion-bois-direct.fr\/fr\/foret-bouchon-3-mm-novlek\/\" class=\"post-thumbnail-rollover layzr-bg\" ><img decoding=\"async\" class=\"preload-me owl-lazy-load aspect\" src=\"data:image\/svg+xml,%3Csvg%20xmlns%3D&#39;http%3A%2F%2Fwww.w3.org%2F2000%2Fsvg&#39;%20viewBox%3D&#39;0%200%20486%20486&#39;%2F%3E\" data-src=\"https:\/\/www.connexion-bois-direct.fr\/fr\/wp-content\/uploads\/2019\/11\/No\u0308vlek_Foret-bouchons_4_10mm-486x486.png\" data-srcset=\"https:\/\/www.connexion-bois-direct.fr\/fr\/wp-content\/uploads\/2019\/11\/No\u0308vlek_Foret-bouchons_4_10mm-486x486.png 486w\" loading=\"eager\" style=\"--ratio: 486 \/ 486\" sizes=\"(max-width: 486px) 100vw, 486px\" alt=\"\" title=\"No\u0308vlek_Foret-bouchons_4_10mm\" width=\"486\" height=\"486\"  \/><\/a>\t<\/div>\n<\/div>\n\n\n<div class=\"post-entry-content\">\n\n\t<h3 class=\"entry-title\">\n\t\t<a href=\"https:\/\/www.connexion-bois-direct.fr\/fr\/foret-bouchon-3-mm-novlek\/\" title=\"Foret bouchon 3 mm N\u00d6VLEK\u00ae\" rel=\"bookmark\">Foret bouchon 3 mm N\u00d6VLEK\u00ae<\/a>\n\t<\/h3>\n\n\t\n\t\n\t\n<a href=\"https:\/\/www.connexion-bois-direct.fr\/fr\/foret-bouchon-3-mm-novlek\/\" class=\"post-details details-type-link\" aria-label=\"Read more about Foret bouchon 3 mm N\u00d6VLEK\u00ae\">Voir le produit<i class=\"dt-icon-the7-arrow-03\" aria-hidden=\"true\"><\/i><\/a>\n\n<\/div><\/article><article class=\"post post-2548 type-post status-publish format-standard has-post-thumbnail hentry category-accessoires-de-terrasses category-pose category-33 category-57 description-off\" data-name=\"Foret bouchon 4 mm N\u00d6VLEK\u00ae\" data-date=\"2019-11-12T10:30:26+01:00\">\n\n<div class=\"post-thumbnail-wrap\">\n\t<div class=\"post-thumbnail\">\n\t\t\n\t\t\n\t\t<a href=\"https:\/\/www.connexion-bois-direct.fr\/fr\/foret-bouchon-4-mm-novlek\/\" class=\"post-thumbnail-rollover layzr-bg\" ><img decoding=\"async\" class=\"preload-me owl-lazy-load aspect\" src=\"data:image\/svg+xml,%3Csvg%20xmlns%3D&#39;http%3A%2F%2Fwww.w3.org%2F2000%2Fsvg&#39;%20viewBox%3D&#39;0%200%20486%20486&#39;%2F%3E\" data-src=\"https:\/\/www.connexion-bois-direct.fr\/fr\/wp-content\/uploads\/2019\/11\/No\u0308vlek_Foret-bouchons_4_10mm-486x486.png\" data-srcset=\"https:\/\/www.connexion-bois-direct.fr\/fr\/wp-content\/uploads\/2019\/11\/No\u0308vlek_Foret-bouchons_4_10mm-486x486.png 486w\" loading=\"eager\" style=\"--ratio: 486 \/ 486\" sizes=\"(max-width: 486px) 100vw, 486px\" alt=\"\" title=\"No\u0308vlek_Foret-bouchons_4_10mm\" width=\"486\" height=\"486\"  \/><\/a>\t<\/div>\n<\/div>\n\n\n<div class=\"post-entry-content\">\n\n\t<h3 class=\"entry-title\">\n\t\t<a href=\"https:\/\/www.connexion-bois-direct.fr\/fr\/foret-bouchon-4-mm-novlek\/\" title=\"Foret bouchon 4 mm N\u00d6VLEK\u00ae\" rel=\"bookmark\">Foret bouchon 4 mm N\u00d6VLEK\u00ae<\/a>\n\t<\/h3>\n\n\t\n\t\n\t\n<a href=\"https:\/\/www.connexion-bois-direct.fr\/fr\/foret-bouchon-4-mm-novlek\/\" class=\"post-details details-type-link\" aria-label=\"Read more about Foret bouchon 4 mm N\u00d6VLEK\u00ae\">Voir le produit<i class=\"dt-icon-the7-arrow-03\" aria-hidden=\"true\"><\/i><\/a>\n\n<\/div><\/article><article class=\"post post-1483 type-post status-publish format-standard has-post-thumbnail hentry category-accessoires-de-terrasses category-fixations category-33 category-49 description-off\" data-name=\"Chevilles \u00e0 frapper 8&#215;100\" data-date=\"2019-11-11T16:19:55+01:00\">\n\n<div class=\"post-thumbnail-wrap\">\n\t<div class=\"post-thumbnail\">\n\t\t\n\t\t\n\t\t<a href=\"https:\/\/www.connexion-bois-direct.fr\/fr\/chevilles-a-frapper\/\" class=\"post-thumbnail-rollover layzr-bg\" ><img decoding=\"async\" class=\"preload-me owl-lazy-load aspect\" src=\"data:image\/svg+xml,%3Csvg%20xmlns%3D&#39;http%3A%2F%2Fwww.w3.org%2F2000%2Fsvg&#39;%20viewBox%3D&#39;0%200%20486%20486&#39;%2F%3E\" data-src=\"https:\/\/www.connexion-bois-direct.fr\/fr\/wp-content\/uploads\/2019\/06\/chevilles-a-frapper-486x486.png\" data-srcset=\"https:\/\/www.connexion-bois-direct.fr\/fr\/wp-content\/uploads\/2019\/06\/chevilles-a-frapper-486x486.png 486w\" loading=\"eager\" style=\"--ratio: 486 \/ 486\" sizes=\"(max-width: 486px) 100vw, 486px\" alt=\"\" title=\"chevilles-a-frapper\" width=\"486\" height=\"486\"  \/><\/a>\t<\/div>\n<\/div>\n\n\n<div class=\"post-entry-content\">\n\n\t<h3 class=\"entry-title\">\n\t\t<a href=\"https:\/\/www.connexion-bois-direct.fr\/fr\/chevilles-a-frapper\/\" title=\"Chevilles \u00e0 frapper 8&#215;100\" rel=\"bookmark\">Chevilles \u00e0 frapper 8&#215;100<\/a>\n\t<\/h3>\n\n\t\n\t\n\t\n<a href=\"https:\/\/www.connexion-bois-direct.fr\/fr\/chevilles-a-frapper\/\" class=\"post-details details-type-link\" aria-label=\"Read more about Chevilles \u00e0 frapper 8&#215;100\">Voir le produit<i class=\"dt-icon-the7-arrow-03\" aria-hidden=\"true\"><\/i><\/a>\n\n<\/div><\/article><article class=\"post post-2470 type-post status-publish format-standard has-post-thumbnail hentry category-accessoires-de-terrasses category-fixations category-33 category-49 description-off\" data-name=\"Cheville \u00e0 frapper &#8211; 6x40mm Fischer\" data-date=\"2019-11-11T15:45:19+01:00\">\n\n<div class=\"post-thumbnail-wrap\">\n\t<div class=\"post-thumbnail\">\n\t\t\n\t\t\n\t\t<a href=\"https:\/\/www.connexion-bois-direct.fr\/fr\/cheville-a-frapper-6x40mm-fischer\/\" class=\"post-thumbnail-rollover layzr-bg\" ><img decoding=\"async\" class=\"preload-me owl-lazy-load aspect\" src=\"data:image\/svg+xml,%3Csvg%20xmlns%3D&#39;http%3A%2F%2Fwww.w3.org%2F2000%2Fsvg&#39;%20viewBox%3D&#39;0%200%20486%20486&#39;%2F%3E\" data-src=\"https:\/\/www.connexion-bois-direct.fr\/fr\/wp-content\/uploads\/2020\/06\/Cheville-a-frapper-6x40mm-Fischer-486x486.png\" data-srcset=\"https:\/\/www.connexion-bois-direct.fr\/fr\/wp-content\/uploads\/2020\/06\/Cheville-a-frapper-6x40mm-Fischer-486x486.png 486w\" loading=\"eager\" style=\"--ratio: 486 \/ 486\" sizes=\"(max-width: 486px) 100vw, 486px\" alt=\"\" title=\"Cheville-a-frapper-6x40mm-Fischer\" width=\"486\" height=\"486\"  \/><\/a>\t<\/div>\n<\/div>\n\n\n<div class=\"post-entry-content\">\n\n\t<h3 class=\"entry-title\">\n\t\t<a href=\"https:\/\/www.connexion-bois-direct.fr\/fr\/cheville-a-frapper-6x40mm-fischer\/\" title=\"Cheville \u00e0 frapper &#8211; 6x40mm Fischer\" rel=\"bookmark\">Cheville \u00e0 frapper &#8211; 6x40mm Fischer<\/a>\n\t<\/h3>\n\n\t\n\t\n\t\n<a href=\"https:\/\/www.connexion-bois-direct.fr\/fr\/cheville-a-frapper-6x40mm-fischer\/\" class=\"post-details details-type-link\" aria-label=\"Read more about Cheville \u00e0 frapper &#8211; 6x40mm Fischer\">Voir le produit<i class=\"dt-icon-the7-arrow-03\" aria-hidden=\"true\"><\/i><\/a>\n\n<\/div><\/article><article class=\"post post-2414 type-post status-publish format-standard has-post-thumbnail hentry category-accessoires-de-terrasses category-pose category-33 category-57 description-off\" data-name=\"Foret b\u00e9ton \u00f8 6 mm FISCHER\" data-date=\"2019-11-11T15:30:05+01:00\">\n\n<div class=\"post-thumbnail-wrap\">\n\t<div class=\"post-thumbnail\">\n\t\t\n\t\t\n\t\t<a href=\"https:\/\/www.connexion-bois-direct.fr\/fr\/foret-beton-o-6-mm-fischer\/\" class=\"post-thumbnail-rollover layzr-bg\" ><img decoding=\"async\" class=\"preload-me owl-lazy-load aspect\" src=\"data:image\/svg+xml,%3Csvg%20xmlns%3D&#39;http%3A%2F%2Fwww.w3.org%2F2000%2Fsvg&#39;%20viewBox%3D&#39;0%200%20486%20486&#39;%2F%3E\" data-src=\"https:\/\/www.connexion-bois-direct.fr\/fr\/wp-content\/uploads\/2020\/06\/foret-beton-8-mm-486x486.png\" data-srcset=\"https:\/\/www.connexion-bois-direct.fr\/fr\/wp-content\/uploads\/2020\/06\/foret-beton-8-mm-486x486.png 486w\" loading=\"eager\" style=\"--ratio: 486 \/ 486\" sizes=\"(max-width: 486px) 100vw, 486px\" alt=\"\" title=\"foret-beton-8-mm\" width=\"486\" height=\"486\"  \/><\/a>\t<\/div>\n<\/div>\n\n\n<div class=\"post-entry-content\">\n\n\t<h3 class=\"entry-title\">\n\t\t<a href=\"https:\/\/www.connexion-bois-direct.fr\/fr\/foret-beton-o-6-mm-fischer\/\" title=\"Foret b\u00e9ton \u00f8 6 mm FISCHER\" rel=\"bookmark\">Foret b\u00e9ton \u00f8 6 mm FISCHER<\/a>\n\t<\/h3>\n\n\t\n\t\n\t\n<a href=\"https:\/\/www.connexion-bois-direct.fr\/fr\/foret-beton-o-6-mm-fischer\/\" class=\"post-details details-type-link\" aria-label=\"Read more about Foret b\u00e9ton \u00f8 6 mm FISCHER\">Voir le produit<i class=\"dt-icon-the7-arrow-03\" aria-hidden=\"true\"><\/i><\/a>\n\n<\/div><\/article><article class=\"post post-2411 type-post status-publish format-standard has-post-thumbnail hentry category-accessoires-de-terrasses category-pose category-33 category-57 description-off\" data-name=\"Foret b\u00e9ton \u00f8 8 mm FISCHER\" data-date=\"2019-11-11T15:00:31+01:00\">\n\n<div class=\"post-thumbnail-wrap\">\n\t<div class=\"post-thumbnail\">\n\t\t\n\t\t\n\t\t<a href=\"https:\/\/www.connexion-bois-direct.fr\/fr\/foret-beton-o-8-mm-fischer\/\" class=\"post-thumbnail-rollover layzr-bg\" ><img decoding=\"async\" class=\"preload-me owl-lazy-load aspect\" src=\"data:image\/svg+xml,%3Csvg%20xmlns%3D&#39;http%3A%2F%2Fwww.w3.org%2F2000%2Fsvg&#39;%20viewBox%3D&#39;0%200%20486%20486&#39;%2F%3E\" data-src=\"https:\/\/www.connexion-bois-direct.fr\/fr\/wp-content\/uploads\/2020\/06\/foret-beton-8-mm-486x486.png\" data-srcset=\"https:\/\/www.connexion-bois-direct.fr\/fr\/wp-content\/uploads\/2020\/06\/foret-beton-8-mm-486x486.png 486w\" loading=\"eager\" style=\"--ratio: 486 \/ 486\" sizes=\"(max-width: 486px) 100vw, 486px\" alt=\"\" title=\"foret-beton-8-mm\" width=\"486\" height=\"486\"  \/><\/a>\t<\/div>\n<\/div>\n\n\n<div class=\"post-entry-content\">\n\n\t<h3 class=\"entry-title\">\n\t\t<a href=\"https:\/\/www.connexion-bois-direct.fr\/fr\/foret-beton-o-8-mm-fischer\/\" title=\"Foret b\u00e9ton \u00f8 8 mm FISCHER\" rel=\"bookmark\">Foret b\u00e9ton \u00f8 8 mm FISCHER<\/a>\n\t<\/h3>\n\n\t\n\t\n\t\n<a href=\"https:\/\/www.connexion-bois-direct.fr\/fr\/foret-beton-o-8-mm-fischer\/\" class=\"post-details details-type-link\" aria-label=\"Read more about Foret b\u00e9ton \u00f8 8 mm FISCHER\">Voir le produit<i class=\"dt-icon-the7-arrow-03\" aria-hidden=\"true\"><\/i><\/a>\n\n<\/div><\/article><article class=\"post post-1480 type-post status-publish format-standard has-post-thumbnail hentry category-accessoires-de-terrasses category-pose category-33 category-57 description-off\" data-name=\"Foret Fraisoir\" data-date=\"2019-11-10T16:15:16+01:00\">\n\n<div class=\"post-thumbnail-wrap\">\n\t<div class=\"post-thumbnail\">\n\t\t\n\t\t\n\t\t<a href=\"https:\/\/www.connexion-bois-direct.fr\/fr\/fraise-a-foret\/\" class=\"post-thumbnail-rollover layzr-bg\" ><img decoding=\"async\" class=\"preload-me owl-lazy-load aspect\" src=\"data:image\/svg+xml,%3Csvg%20xmlns%3D&#39;http%3A%2F%2Fwww.w3.org%2F2000%2Fsvg&#39;%20viewBox%3D&#39;0%200%20486%20486&#39;%2F%3E\" data-src=\"https:\/\/www.connexion-bois-direct.fr\/fr\/wp-content\/uploads\/2019\/06\/fraise-486x486.png\" data-srcset=\"https:\/\/www.connexion-bois-direct.fr\/fr\/wp-content\/uploads\/2019\/06\/fraise-486x486.png 486w\" loading=\"eager\" style=\"--ratio: 486 \/ 486\" sizes=\"(max-width: 486px) 100vw, 486px\" alt=\"\" title=\"fraise\" width=\"486\" height=\"486\"  \/><\/a>\t<\/div>\n<\/div>\n\n\n<div class=\"post-entry-content\">\n\n\t<h3 class=\"entry-title\">\n\t\t<a href=\"https:\/\/www.connexion-bois-direct.fr\/fr\/fraise-a-foret\/\" title=\"Foret Fraisoir\" rel=\"bookmark\">Foret Fraisoir<\/a>\n\t<\/h3>\n\n\t\n\t\n\t\n<a href=\"https:\/\/www.connexion-bois-direct.fr\/fr\/fraise-a-foret\/\" class=\"post-details details-type-link\" aria-label=\"Read more about Foret Fraisoir\">Voir le produit<i class=\"dt-icon-the7-arrow-03\" aria-hidden=\"true\"><\/i><\/a>\n\n<\/div><\/article><article class=\"post post-4932 type-post status-publish format-standard has-post-thumbnail hentry category-accessoires-de-terrasses category-fixations category-33 category-49 description-off\" data-name=\"ROOTS N\u00d6VLEK\" data-date=\"2019-11-10T15:30:48+01:00\">\n\n<div class=\"post-thumbnail-wrap\">\n\t<div class=\"post-thumbnail\">\n\t\t\n\t\t\n\t\t<a href=\"https:\/\/www.connexion-bois-direct.fr\/fr\/roots-novlek\/\" class=\"post-thumbnail-rollover layzr-bg\" ><img decoding=\"async\" class=\"preload-me owl-lazy-load aspect\" src=\"data:image\/svg+xml,%3Csvg%20xmlns%3D&#39;http%3A%2F%2Fwww.w3.org%2F2000%2Fsvg&#39;%20viewBox%3D&#39;0%200%20600%20600&#39;%2F%3E\" data-src=\"https:\/\/www.connexion-bois-direct.fr\/fr\/wp-content\/uploads\/2022\/02\/roots-600x600.jpg\" data-srcset=\"https:\/\/www.connexion-bois-direct.fr\/fr\/wp-content\/uploads\/2022\/02\/roots-600x600.jpg 600w\" loading=\"eager\" style=\"--ratio: 600 \/ 600\" sizes=\"(max-width: 600px) 100vw, 600px\" alt=\"\" title=\"roots\" width=\"600\" height=\"600\"  \/><\/a>\t<\/div>\n<\/div>\n\n\n<div class=\"post-entry-content\">\n\n\t<h3 class=\"entry-title\">\n\t\t<a href=\"https:\/\/www.connexion-bois-direct.fr\/fr\/roots-novlek\/\" title=\"ROOTS N\u00d6VLEK\" rel=\"bookmark\">ROOTS N\u00d6VLEK<\/a>\n\t<\/h3>\n\n\t\n\t\n\t\n<a href=\"https:\/\/www.connexion-bois-direct.fr\/fr\/roots-novlek\/\" class=\"post-details details-type-link\" aria-label=\"Read more about ROOTS N\u00d6VLEK\">Voir le produit<i class=\"dt-icon-the7-arrow-03\" aria-hidden=\"true\"><\/i><\/a>\n\n<\/div><\/article><article class=\"post post-1448 type-post status-publish format-standard has-post-thumbnail hentry category-accessoires-de-terrasses category-fixations category-33 category-49 description-off\" data-name=\"Fixations invisible HARDWOOD CLIP NO\u0308VLEK\" data-date=\"2019-11-09T17:07:40+01:00\">\n\n<div class=\"post-thumbnail-wrap\">\n\t<div class=\"post-thumbnail\">\n\t\t\n\t\t\n\t\t<a href=\"https:\/\/www.connexion-bois-direct.fr\/fr\/fixations-hardwood-clip\/\" class=\"post-thumbnail-rollover layzr-bg\" ><img decoding=\"async\" class=\"preload-me owl-lazy-load aspect\" src=\"data:image\/svg+xml,%3Csvg%20xmlns%3D&#39;http%3A%2F%2Fwww.w3.org%2F2000%2Fsvg&#39;%20viewBox%3D&#39;0%200%20486%20486&#39;%2F%3E\" data-src=\"https:\/\/www.connexion-bois-direct.fr\/fr\/wp-content\/uploads\/2019\/06\/Fixations-HARDWOOD-CLIP-486x486.png\" data-srcset=\"https:\/\/www.connexion-bois-direct.fr\/fr\/wp-content\/uploads\/2019\/06\/Fixations-HARDWOOD-CLIP-486x486.png 486w\" loading=\"eager\" style=\"--ratio: 486 \/ 486\" sizes=\"(max-width: 486px) 100vw, 486px\" alt=\"\" title=\"Fixations-HARDWOOD-CLIP\" width=\"486\" height=\"486\"  \/><\/a>\t<\/div>\n<\/div>\n\n\n<div class=\"post-entry-content\">\n\n\t<h3 class=\"entry-title\">\n\t\t<a href=\"https:\/\/www.connexion-bois-direct.fr\/fr\/fixations-hardwood-clip\/\" title=\"Fixations invisible HARDWOOD CLIP NO\u0308VLEK\" rel=\"bookmark\">Fixations invisible HARDWOOD CLIP NO\u0308VLEK<\/a>\n\t<\/h3>\n\n\t\n\t\n\t\n<a href=\"https:\/\/www.connexion-bois-direct.fr\/fr\/fixations-hardwood-clip\/\" class=\"post-details details-type-link\" aria-label=\"Read more about Fixations invisible HARDWOOD CLIP NO\u0308VLEK\">Voir le produit<i class=\"dt-icon-the7-arrow-03\" aria-hidden=\"true\"><\/i><\/a>\n\n<\/div><\/article><article class=\"post post-1443 type-post status-publish format-standard has-post-thumbnail hentry category-accessoires-de-terrasses category-fixations category-33 category-49 description-off\" data-name=\"Fixations invisibles &#8211; \u00a9 Happax Fixing Pro\" data-date=\"2019-11-08T16:56:35+01:00\">\n\n<div class=\"post-thumbnail-wrap\">\n\t<div class=\"post-thumbnail\">\n\t\t\n\t\t\n\t\t<a href=\"https:\/\/www.connexion-bois-direct.fr\/fr\/fixations-invisibles-happax-fixing-pro\/\" class=\"post-thumbnail-rollover layzr-bg\" ><img decoding=\"async\" class=\"preload-me owl-lazy-load aspect\" src=\"data:image\/svg+xml,%3Csvg%20xmlns%3D&#39;http%3A%2F%2Fwww.w3.org%2F2000%2Fsvg&#39;%20viewBox%3D&#39;0%200%20667%20667&#39;%2F%3E\" data-src=\"https:\/\/www.connexion-bois-direct.fr\/fr\/wp-content\/uploads\/2019\/11\/fixations-invisibles-vis-pour-lames-en-bois-happax-fixing-pro-667x667.jpg\" data-srcset=\"https:\/\/www.connexion-bois-direct.fr\/fr\/wp-content\/uploads\/2019\/11\/fixations-invisibles-vis-pour-lames-en-bois-happax-fixing-pro-667x667.jpg 667w\" loading=\"eager\" style=\"--ratio: 667 \/ 667\" sizes=\"(max-width: 667px) 100vw, 667px\" alt=\"\" title=\"fixations-invisibles-vis-pour-lames-en-bois-happax-fixing-pro\" width=\"667\" height=\"667\"  \/><\/a>\t<\/div>\n<\/div>\n\n\n<div class=\"post-entry-content\">\n\n\t<h3 class=\"entry-title\">\n\t\t<a href=\"https:\/\/www.connexion-bois-direct.fr\/fr\/fixations-invisibles-happax-fixing-pro\/\" title=\"Fixations invisibles &#8211; \u00a9 Happax Fixing Pro\" rel=\"bookmark\">Fixations invisibles &#8211; \u00a9 Happax Fixing Pro<\/a>\n\t<\/h3>\n\n\t\n\t\n\t\n<a href=\"https:\/\/www.connexion-bois-direct.fr\/fr\/fixations-invisibles-happax-fixing-pro\/\" class=\"post-details details-type-link\" aria-label=\"Read more about Fixations invisibles &#8211; \u00a9 Happax Fixing Pro\">Voir le produit<i class=\"dt-icon-the7-arrow-03\" aria-hidden=\"true\"><\/i><\/a>\n\n<\/div><\/article><article class=\"post post-2499 type-post status-publish format-standard has-post-thumbnail hentry category-accessoires-de-terrasses category-plots-et-cales category-33 category-51 description-off\" data-name=\"Cale d&rsquo;isolation 6mm N\u00d6VLEK\u00ae\" data-date=\"2019-11-08T15:15:22+01:00\">\n\n<div class=\"post-thumbnail-wrap\">\n\t<div class=\"post-thumbnail\">\n\t\t\n\t\t\n\t\t<a href=\"https:\/\/www.connexion-bois-direct.fr\/fr\/cale-disolation-6mm-novlek\/\" class=\"post-thumbnail-rollover layzr-bg\" ><img decoding=\"async\" class=\"preload-me owl-lazy-load aspect\" src=\"data:image\/svg+xml,%3Csvg%20xmlns%3D&#39;http%3A%2F%2Fwww.w3.org%2F2000%2Fsvg&#39;%20viewBox%3D&#39;0%200%20486%20486&#39;%2F%3E\" data-src=\"https:\/\/www.connexion-bois-direct.fr\/fr\/wp-content\/uploads\/2020\/06\/Cale-d-isolation-6mm-Novlek-486x486.png\" data-srcset=\"https:\/\/www.connexion-bois-direct.fr\/fr\/wp-content\/uploads\/2020\/06\/Cale-d-isolation-6mm-Novlek-486x486.png 486w\" loading=\"eager\" style=\"--ratio: 486 \/ 486\" sizes=\"(max-width: 486px) 100vw, 486px\" alt=\"\" title=\"Cale-d-isolation-6mm-Novlek\" width=\"486\" height=\"486\"  \/><\/a>\t<\/div>\n<\/div>\n\n\n<div class=\"post-entry-content\">\n\n\t<h3 class=\"entry-title\">\n\t\t<a href=\"https:\/\/www.connexion-bois-direct.fr\/fr\/cale-disolation-6mm-novlek\/\" title=\"Cale d&rsquo;isolation 6mm N\u00d6VLEK\u00ae\" rel=\"bookmark\">Cale d&rsquo;isolation 6mm N\u00d6VLEK\u00ae<\/a>\n\t<\/h3>\n\n\t\n\t\n\t\n<a href=\"https:\/\/www.connexion-bois-direct.fr\/fr\/cale-disolation-6mm-novlek\/\" class=\"post-details details-type-link\" aria-label=\"Read more about Cale d&rsquo;isolation 6mm N\u00d6VLEK\u00ae\">Voir le produit<i class=\"dt-icon-the7-arrow-03\" aria-hidden=\"true\"><\/i><\/a>\n\n<\/div><\/article><article class=\"post post-2476 type-post status-publish format-standard has-post-thumbnail hentry category-accessoires-de-terrasses category-plots-et-cales category-33 category-51 description-off\" data-name=\"Cales de ventilation N\u00d6VLEK\u00ae\" data-date=\"2019-11-08T15:00:21+01:00\">\n\n<div class=\"post-thumbnail-wrap\">\n\t<div class=\"post-thumbnail\">\n\t\t\n\t\t\n\t\t<a href=\"https:\/\/www.connexion-bois-direct.fr\/fr\/cales-de-ventilation-novlek\/\" class=\"post-thumbnail-rollover layzr-bg\" ><img decoding=\"async\" class=\"preload-me owl-lazy-load aspect\" src=\"data:image\/svg+xml,%3Csvg%20xmlns%3D&#39;http%3A%2F%2Fwww.w3.org%2F2000%2Fsvg&#39;%20viewBox%3D&#39;0%200%20486%20486&#39;%2F%3E\" data-src=\"https:\/\/www.connexion-bois-direct.fr\/fr\/wp-content\/uploads\/2020\/06\/Cales-de-ventilation-NOVLEK-486x486.png\" data-srcset=\"https:\/\/www.connexion-bois-direct.fr\/fr\/wp-content\/uploads\/2020\/06\/Cales-de-ventilation-NOVLEK-486x486.png 486w\" loading=\"eager\" style=\"--ratio: 486 \/ 486\" sizes=\"(max-width: 486px) 100vw, 486px\" alt=\"\" title=\"Cales-de-ventilation-NOVLEK\" width=\"486\" height=\"486\"  \/><\/a>\t<\/div>\n<\/div>\n\n\n<div class=\"post-entry-content\">\n\n\t<h3 class=\"entry-title\">\n\t\t<a href=\"https:\/\/www.connexion-bois-direct.fr\/fr\/cales-de-ventilation-novlek\/\" title=\"Cales de ventilation N\u00d6VLEK\u00ae\" rel=\"bookmark\">Cales de ventilation N\u00d6VLEK\u00ae<\/a>\n\t<\/h3>\n\n\t\n\t\n\t\n<a href=\"https:\/\/www.connexion-bois-direct.fr\/fr\/cales-de-ventilation-novlek\/\" class=\"post-details details-type-link\" aria-label=\"Read more about Cales de ventilation N\u00d6VLEK\u00ae\">Voir le produit<i class=\"dt-icon-the7-arrow-03\" aria-hidden=\"true\"><\/i><\/a>\n\n<\/div><\/article><article class=\"post post-2446 type-post status-publish format-standard has-post-thumbnail hentry category-accessoires-de-terrasses category-plots-et-cales category-33 category-51 description-off\" data-name=\"Cale d&rsquo;interface Spax Air 4.5\" data-date=\"2019-11-08T14:00:04+01:00\">\n\n<div class=\"post-thumbnail-wrap\">\n\t<div class=\"post-thumbnail\">\n\t\t\n\t\t\n\t\t<a href=\"https:\/\/www.connexion-bois-direct.fr\/fr\/cale-dinterface-spax-air-4-5\/\" class=\"post-thumbnail-rollover layzr-bg\" ><img decoding=\"async\" class=\"preload-me owl-lazy-load aspect\" src=\"data:image\/svg+xml,%3Csvg%20xmlns%3D&#39;http%3A%2F%2Fwww.w3.org%2F2000%2Fsvg&#39;%20viewBox%3D&#39;0%200%20486%20486&#39;%2F%3E\" data-src=\"https:\/\/www.connexion-bois-direct.fr\/fr\/wp-content\/uploads\/2020\/06\/cale-d-interface-Spax-Air-4-5-486x486.png\" data-srcset=\"https:\/\/www.connexion-bois-direct.fr\/fr\/wp-content\/uploads\/2020\/06\/cale-d-interface-Spax-Air-4-5-486x486.png 486w\" loading=\"eager\" style=\"--ratio: 486 \/ 486\" sizes=\"(max-width: 486px) 100vw, 486px\" alt=\"\" title=\"cale-d-interface-Spax-Air-4-5\" width=\"486\" height=\"486\"  \/><\/a>\t<\/div>\n<\/div>\n\n\n<div class=\"post-entry-content\">\n\n\t<h3 class=\"entry-title\">\n\t\t<a href=\"https:\/\/www.connexion-bois-direct.fr\/fr\/cale-dinterface-spax-air-4-5\/\" title=\"Cale d&rsquo;interface Spax Air 4.5\" rel=\"bookmark\">Cale d&rsquo;interface Spax Air 4.5<\/a>\n\t<\/h3>\n\n\t\n\t\n\t\n<a href=\"https:\/\/www.connexion-bois-direct.fr\/fr\/cale-dinterface-spax-air-4-5\/\" class=\"post-details details-type-link\" aria-label=\"Read more about Cale d&rsquo;interface Spax Air 4.5\">Voir le produit<i class=\"dt-icon-the7-arrow-03\" aria-hidden=\"true\"><\/i><\/a>\n\n<\/div><\/article><article class=\"post post-2512 type-post status-publish format-standard has-post-thumbnail hentry category-accessoires-de-terrasses category-pose category-33 category-57 description-off\" data-name=\"Platine d&rsquo;assemblage 40 x 100 mm  Zingu\u00e9\" data-date=\"2019-11-07T18:00:32+01:00\">\n\n<div class=\"post-thumbnail-wrap\">\n\t<div class=\"post-thumbnail\">\n\t\t\n\t\t\n\t\t<a href=\"https:\/\/www.connexion-bois-direct.fr\/fr\/platine-dassemblage-40-x-100-mm-zingue\/\" class=\"post-thumbnail-rollover layzr-bg\" ><img decoding=\"async\" class=\"preload-me owl-lazy-load aspect\" src=\"data:image\/svg+xml,%3Csvg%20xmlns%3D&#39;http%3A%2F%2Fwww.w3.org%2F2000%2Fsvg&#39;%20viewBox%3D&#39;0%200%20486%20486&#39;%2F%3E\" data-src=\"https:\/\/www.connexion-bois-direct.fr\/fr\/wp-content\/uploads\/2020\/06\/platine-d-assemblage-40x100-mm-zingue-486x486.png\" data-srcset=\"https:\/\/www.connexion-bois-direct.fr\/fr\/wp-content\/uploads\/2020\/06\/platine-d-assemblage-40x100-mm-zingue-486x486.png 486w\" loading=\"eager\" style=\"--ratio: 486 \/ 486\" sizes=\"(max-width: 486px) 100vw, 486px\" alt=\"\" title=\"platine-d-assemblage-40&#215;100-mm-zingue\" width=\"486\" height=\"486\"  \/><\/a>\t<\/div>\n<\/div>\n\n\n<div class=\"post-entry-content\">\n\n\t<h3 class=\"entry-title\">\n\t\t<a href=\"https:\/\/www.connexion-bois-direct.fr\/fr\/platine-dassemblage-40-x-100-mm-zingue\/\" title=\"Platine d&rsquo;assemblage 40 x 100 mm  Zingu\u00e9\" rel=\"bookmark\">Platine d&rsquo;assemblage 40 x 100 mm  Zingu\u00e9<\/a>\n\t<\/h3>\n\n\t\n\t\n\t\n<a href=\"https:\/\/www.connexion-bois-direct.fr\/fr\/platine-dassemblage-40-x-100-mm-zingue\/\" class=\"post-details details-type-link\" aria-label=\"Read more about Platine d&rsquo;assemblage 40 x 100 mm  Zingu\u00e9\">Voir le produit<i class=\"dt-icon-the7-arrow-03\" aria-hidden=\"true\"><\/i><\/a>\n\n<\/div><\/article><article class=\"post post-2518 type-post status-publish format-standard has-post-thumbnail hentry category-accessoires-de-terrasses category-pose category-33 category-57 description-off\" data-name=\"\u00c9querre lourde renforc\u00e9e 65x90x90 zingu\u00e9\" data-date=\"2019-11-07T17:45:56+01:00\">\n\n<div class=\"post-thumbnail-wrap\">\n\t<div class=\"post-thumbnail\">\n\t\t\n\t\t\n\t\t<a href=\"https:\/\/www.connexion-bois-direct.fr\/fr\/equerre-lourde-renforcee-65x90x90-zingue\/\" class=\"post-thumbnail-rollover layzr-bg\" ><img decoding=\"async\" class=\"preload-me owl-lazy-load aspect\" src=\"data:image\/svg+xml,%3Csvg%20xmlns%3D&#39;http%3A%2F%2Fwww.w3.org%2F2000%2Fsvg&#39;%20viewBox%3D&#39;0%200%20486%20486&#39;%2F%3E\" data-src=\"https:\/\/www.connexion-bois-direct.fr\/fr\/wp-content\/uploads\/2020\/06\/equerre-lourde-renforcee-65x90x90-zingue-2-486x486.png\" data-srcset=\"https:\/\/www.connexion-bois-direct.fr\/fr\/wp-content\/uploads\/2020\/06\/equerre-lourde-renforcee-65x90x90-zingue-2-486x486.png 486w\" loading=\"eager\" style=\"--ratio: 486 \/ 486\" sizes=\"(max-width: 486px) 100vw, 486px\" alt=\"\" title=\"equerre-lourde-renforcee-65x90x90-zingue-2\" width=\"486\" height=\"486\"  \/><\/a>\t<\/div>\n<\/div>\n\n\n<div class=\"post-entry-content\">\n\n\t<h3 class=\"entry-title\">\n\t\t<a href=\"https:\/\/www.connexion-bois-direct.fr\/fr\/equerre-lourde-renforcee-65x90x90-zingue\/\" title=\"\u00c9querre lourde renforc\u00e9e 65x90x90 zingu\u00e9\" rel=\"bookmark\">\u00c9querre lourde renforc\u00e9e 65x90x90 zingu\u00e9<\/a>\n\t<\/h3>\n\n\t\n\t\n\t\n<a href=\"https:\/\/www.connexion-bois-direct.fr\/fr\/equerre-lourde-renforcee-65x90x90-zingue\/\" class=\"post-details details-type-link\" aria-label=\"Read more about \u00c9querre lourde renforc\u00e9e 65x90x90 zingu\u00e9\">Voir le produit<i class=\"dt-icon-the7-arrow-03\" aria-hidden=\"true\"><\/i><\/a>\n\n<\/div><\/article><article class=\"post post-2510 type-post status-publish format-standard has-post-thumbnail hentry category-accessoires-de-terrasses category-pose category-33 category-57 description-off\" data-name=\"Support poutre U 46 x 102 mm Zingu\u00e9\" data-date=\"2019-11-07T17:30:43+01:00\">\n\n<div class=\"post-thumbnail-wrap\">\n\t<div class=\"post-thumbnail\">\n\t\t\n\t\t\n\t\t<a href=\"https:\/\/www.connexion-bois-direct.fr\/fr\/support-poutre-u-46-x-102-mm-zingue\/\" class=\"post-thumbnail-rollover layzr-bg\" ><img decoding=\"async\" class=\"preload-me owl-lazy-load aspect\" src=\"data:image\/svg+xml,%3Csvg%20xmlns%3D&#39;http%3A%2F%2Fwww.w3.org%2F2000%2Fsvg&#39;%20viewBox%3D&#39;0%200%20486%20486&#39;%2F%3E\" data-src=\"https:\/\/www.connexion-bois-direct.fr\/fr\/wp-content\/uploads\/2020\/06\/support-poutre-U-75-x152-mm-zingue-486x486.png\" data-srcset=\"https:\/\/www.connexion-bois-direct.fr\/fr\/wp-content\/uploads\/2020\/06\/support-poutre-U-75-x152-mm-zingue-486x486.png 486w\" loading=\"eager\" style=\"--ratio: 486 \/ 486\" sizes=\"(max-width: 486px) 100vw, 486px\" alt=\"\" title=\"support-poutre-U-75-x152-mm-zingue\" width=\"486\" height=\"486\"  \/><\/a>\t<\/div>\n<\/div>\n\n\n<div class=\"post-entry-content\">\n\n\t<h3 class=\"entry-title\">\n\t\t<a href=\"https:\/\/www.connexion-bois-direct.fr\/fr\/support-poutre-u-46-x-102-mm-zingue\/\" title=\"Support poutre U 46 x 102 mm Zingu\u00e9\" rel=\"bookmark\">Support poutre U 46 x 102 mm Zingu\u00e9<\/a>\n\t<\/h3>\n\n\t\n\t\n\t\n<a href=\"https:\/\/www.connexion-bois-direct.fr\/fr\/support-poutre-u-46-x-102-mm-zingue\/\" class=\"post-details details-type-link\" aria-label=\"Read more about Support poutre U 46 x 102 mm Zingu\u00e9\">Voir le produit<i class=\"dt-icon-the7-arrow-03\" aria-hidden=\"true\"><\/i><\/a>\n\n<\/div><\/article><article class=\"post post-2507 type-post status-publish format-standard has-post-thumbnail hentry category-accessoires-de-terrasses category-pose category-33 category-57 description-off\" data-name=\"Support poutre U 75 x 152 mm Zingu\u00e9\" data-date=\"2019-11-07T17:00:12+01:00\">\n\n<div class=\"post-thumbnail-wrap\">\n\t<div class=\"post-thumbnail\">\n\t\t\n\t\t\n\t\t<a href=\"https:\/\/www.connexion-bois-direct.fr\/fr\/support-poutre-u-75-x-152-mm-zingue\/\" class=\"post-thumbnail-rollover layzr-bg\" ><img decoding=\"async\" class=\"preload-me owl-lazy-load aspect\" src=\"data:image\/svg+xml,%3Csvg%20xmlns%3D&#39;http%3A%2F%2Fwww.w3.org%2F2000%2Fsvg&#39;%20viewBox%3D&#39;0%200%20486%20486&#39;%2F%3E\" data-src=\"https:\/\/www.connexion-bois-direct.fr\/fr\/wp-content\/uploads\/2020\/06\/support-poutre-U-75-x152-mm-zingue-486x486.png\" data-srcset=\"https:\/\/www.connexion-bois-direct.fr\/fr\/wp-content\/uploads\/2020\/06\/support-poutre-U-75-x152-mm-zingue-486x486.png 486w\" loading=\"eager\" style=\"--ratio: 486 \/ 486\" sizes=\"(max-width: 486px) 100vw, 486px\" alt=\"\" title=\"support-poutre-U-75-x152-mm-zingue\" width=\"486\" height=\"486\"  \/><\/a>\t<\/div>\n<\/div>\n\n\n<div class=\"post-entry-content\">\n\n\t<h3 class=\"entry-title\">\n\t\t<a href=\"https:\/\/www.connexion-bois-direct.fr\/fr\/support-poutre-u-75-x-152-mm-zingue\/\" title=\"Support poutre U 75 x 152 mm Zingu\u00e9\" rel=\"bookmark\">Support poutre U 75 x 152 mm Zingu\u00e9<\/a>\n\t<\/h3>\n\n\t\n\t\n\t\n<a href=\"https:\/\/www.connexion-bois-direct.fr\/fr\/support-poutre-u-75-x-152-mm-zingue\/\" class=\"post-details details-type-link\" aria-label=\"Read more about Support poutre U 75 x 152 mm Zingu\u00e9\">Voir le produit<i class=\"dt-icon-the7-arrow-03\" aria-hidden=\"true\"><\/i><\/a>\n\n<\/div><\/article><article class=\"post post-2495 type-post status-publish format-standard has-post-thumbnail hentry category-accessoires-de-terrasses category-pose category-33 category-57 description-off\" data-name=\"Pied de poteau \u00e0 enfoncer 90 x 90 mm\" data-date=\"2019-11-07T16:50:31+01:00\">\n\n<div class=\"post-thumbnail-wrap\">\n\t<div class=\"post-thumbnail\">\n\t\t\n\t\t\n\t\t<a href=\"https:\/\/www.connexion-bois-direct.fr\/fr\/pied-de-poteau-a-enfoncer-90-x-90-mm\/\" class=\"post-thumbnail-rollover layzr-bg\" ><img decoding=\"async\" class=\"preload-me owl-lazy-load aspect\" src=\"data:image\/svg+xml,%3Csvg%20xmlns%3D&#39;http%3A%2F%2Fwww.w3.org%2F2000%2Fsvg&#39;%20viewBox%3D&#39;0%200%20486%20486&#39;%2F%3E\" data-src=\"https:\/\/www.connexion-bois-direct.fr\/fr\/wp-content\/uploads\/2020\/06\/pied-de-poteau-a-enfoncer-90x90-mm-486x486.png\" data-srcset=\"https:\/\/www.connexion-bois-direct.fr\/fr\/wp-content\/uploads\/2020\/06\/pied-de-poteau-a-enfoncer-90x90-mm-486x486.png 486w\" loading=\"eager\" style=\"--ratio: 486 \/ 486\" sizes=\"(max-width: 486px) 100vw, 486px\" alt=\"\" title=\"pied-de-poteau-a-enfoncer-90&#215;90-mm\" width=\"486\" height=\"486\"  \/><\/a>\t<\/div>\n<\/div>\n\n\n<div class=\"post-entry-content\">\n\n\t<h3 class=\"entry-title\">\n\t\t<a href=\"https:\/\/www.connexion-bois-direct.fr\/fr\/pied-de-poteau-a-enfoncer-90-x-90-mm\/\" title=\"Pied de poteau \u00e0 enfoncer 90 x 90 mm\" rel=\"bookmark\">Pied de poteau \u00e0 enfoncer 90 x 90 mm<\/a>\n\t<\/h3>\n\n\t\n\t\n\t\n<a href=\"https:\/\/www.connexion-bois-direct.fr\/fr\/pied-de-poteau-a-enfoncer-90-x-90-mm\/\" class=\"post-details details-type-link\" aria-label=\"Read more about Pied de poteau \u00e0 enfoncer 90 x 90 mm\">Voir le produit<i class=\"dt-icon-the7-arrow-03\" aria-hidden=\"true\"><\/i><\/a>\n\n<\/div><\/article><article class=\"post post-2606 type-post status-publish format-standard has-post-thumbnail hentry category-accessoires-de-terrasses category-plots-et-cales category-33 category-51 description-off\" data-name=\"Plots r\u00e9glables \u2013 18 \u00e0 36 mm Connexion Bois Direct\" data-date=\"2019-11-07T16:30:16+01:00\">\n\n<div class=\"post-thumbnail-wrap\">\n\t<div class=\"post-thumbnail\">\n\t\t\n\t\t\n\t\t<a href=\"https:\/\/www.connexion-bois-direct.fr\/fr\/plots-reglables-18-a-36-mm-connexion-bois-direct\/\" class=\"post-thumbnail-rollover layzr-bg\" ><img decoding=\"async\" class=\"preload-me owl-lazy-load aspect\" src=\"data:image\/svg+xml,%3Csvg%20xmlns%3D&#39;http%3A%2F%2Fwww.w3.org%2F2000%2Fsvg&#39;%20viewBox%3D&#39;0%200%20486%20486&#39;%2F%3E\" data-src=\"https:\/\/www.connexion-bois-direct.fr\/fr\/wp-content\/uploads\/2020\/08\/CAL-PLOT-LAMB-18-36-CBD-1-486x486.png\" data-srcset=\"https:\/\/www.connexion-bois-direct.fr\/fr\/wp-content\/uploads\/2020\/08\/CAL-PLOT-LAMB-18-36-CBD-1-486x486.png 486w\" loading=\"eager\" style=\"--ratio: 486 \/ 486\" sizes=\"(max-width: 486px) 100vw, 486px\" alt=\"\" title=\"CAL-PLOT-LAMB-18-36-CBD-1\" width=\"486\" height=\"486\"  \/><\/a>\t<\/div>\n<\/div>\n\n\n<div class=\"post-entry-content\">\n\n\t<h3 class=\"entry-title\">\n\t\t<a href=\"https:\/\/www.connexion-bois-direct.fr\/fr\/plots-reglables-18-a-36-mm-connexion-bois-direct\/\" title=\"Plots r\u00e9glables \u2013 18 \u00e0 36 mm Connexion Bois Direct\" rel=\"bookmark\">Plots r\u00e9glables \u2013 18 \u00e0 36 mm Connexion Bois Direct<\/a>\n\t<\/h3>\n\n\t\n\t\n\t\n<a href=\"https:\/\/www.connexion-bois-direct.fr\/fr\/plots-reglables-18-a-36-mm-connexion-bois-direct\/\" class=\"post-details details-type-link\" aria-label=\"Read more about Plots r\u00e9glables \u2013 18 \u00e0 36 mm Connexion Bois Direct\">Voir le produit<i class=\"dt-icon-the7-arrow-03\" aria-hidden=\"true\"><\/i><\/a>\n\n<\/div><\/article><article class=\"post post-2597 type-post status-publish format-standard has-post-thumbnail hentry category-accessoires-de-terrasses category-plots-et-cales category-33 category-51 description-off\" data-name=\"Plots r\u00e9glables \u2013 35 \u00e0 60 mm Connexion Bois Direct\" data-date=\"2019-11-07T16:25:51+01:00\">\n\n<div class=\"post-thumbnail-wrap\">\n\t<div class=\"post-thumbnail\">\n\t\t\n\t\t\n\t\t<a href=\"https:\/\/www.connexion-bois-direct.fr\/fr\/plots-reglables-35-a-60-mm-connexion-bois-direct\/\" class=\"post-thumbnail-rollover layzr-bg\" ><img decoding=\"async\" class=\"preload-me owl-lazy-load aspect\" src=\"data:image\/svg+xml,%3Csvg%20xmlns%3D&#39;http%3A%2F%2Fwww.w3.org%2F2000%2Fsvg&#39;%20viewBox%3D&#39;0%200%20486%20486&#39;%2F%3E\" data-src=\"https:\/\/www.connexion-bois-direct.fr\/fr\/wp-content\/uploads\/2020\/08\/CAL-PLOT-LAMB-35-60-CBD-486x486.png\" data-srcset=\"https:\/\/www.connexion-bois-direct.fr\/fr\/wp-content\/uploads\/2020\/08\/CAL-PLOT-LAMB-35-60-CBD-486x486.png 486w\" loading=\"eager\" style=\"--ratio: 486 \/ 486\" sizes=\"(max-width: 486px) 100vw, 486px\" alt=\"\" title=\"CAL-PLOT-LAMB-35-60-CBD\" width=\"486\" height=\"486\"  \/><\/a>\t<\/div>\n<\/div>\n\n\n<div class=\"post-entry-content\">\n\n\t<h3 class=\"entry-title\">\n\t\t<a href=\"https:\/\/www.connexion-bois-direct.fr\/fr\/plots-reglables-35-a-60-mm-connexion-bois-direct\/\" title=\"Plots r\u00e9glables \u2013 35 \u00e0 60 mm Connexion Bois Direct\" rel=\"bookmark\">Plots r\u00e9glables \u2013 35 \u00e0 60 mm Connexion Bois Direct<\/a>\n\t<\/h3>\n\n\t\n\t\n\t\n<a href=\"https:\/\/www.connexion-bois-direct.fr\/fr\/plots-reglables-35-a-60-mm-connexion-bois-direct\/\" class=\"post-details details-type-link\" aria-label=\"Read more about Plots r\u00e9glables \u2013 35 \u00e0 60 mm Connexion Bois Direct\">Voir le produit<i class=\"dt-icon-the7-arrow-03\" aria-hidden=\"true\"><\/i><\/a>\n\n<\/div><\/article><article class=\"post post-2585 type-post status-publish format-standard has-post-thumbnail hentry category-accessoires-de-terrasses category-plots-et-cales category-33 category-51 description-off\" data-name=\"Plots r\u00e9glables \u2013 115 \u00e0 220 mm Connexion Bois Direct\" data-date=\"2019-11-07T16:15:53+01:00\">\n\n<div class=\"post-thumbnail-wrap\">\n\t<div class=\"post-thumbnail\">\n\t\t\n\t\t\n\t\t<a href=\"https:\/\/www.connexion-bois-direct.fr\/fr\/plots-reglables-115-a-220-mm-connexion-bois-direct\/\" class=\"post-thumbnail-rollover layzr-bg\" ><img decoding=\"async\" class=\"preload-me owl-lazy-load aspect\" src=\"data:image\/svg+xml,%3Csvg%20xmlns%3D&#39;http%3A%2F%2Fwww.w3.org%2F2000%2Fsvg&#39;%20viewBox%3D&#39;0%200%20486%20486&#39;%2F%3E\" data-src=\"https:\/\/www.connexion-bois-direct.fr\/fr\/wp-content\/uploads\/2020\/08\/CAL-PLOT-LAMB-115-220-CBD-486x486.png\" data-srcset=\"https:\/\/www.connexion-bois-direct.fr\/fr\/wp-content\/uploads\/2020\/08\/CAL-PLOT-LAMB-115-220-CBD-486x486.png 486w\" loading=\"eager\" style=\"--ratio: 486 \/ 486\" sizes=\"(max-width: 486px) 100vw, 486px\" alt=\"\" title=\"CAL-PLOT-LAMB-115-220-CBD\" width=\"486\" height=\"486\"  \/><\/a>\t<\/div>\n<\/div>\n\n\n<div class=\"post-entry-content\">\n\n\t<h3 class=\"entry-title\">\n\t\t<a href=\"https:\/\/www.connexion-bois-direct.fr\/fr\/plots-reglables-115-a-220-mm-connexion-bois-direct\/\" title=\"Plots r\u00e9glables \u2013 115 \u00e0 220 mm Connexion Bois Direct\" rel=\"bookmark\">Plots r\u00e9glables \u2013 115 \u00e0 220 mm Connexion Bois Direct<\/a>\n\t<\/h3>\n\n\t\n\t\n\t\n<a href=\"https:\/\/www.connexion-bois-direct.fr\/fr\/plots-reglables-115-a-220-mm-connexion-bois-direct\/\" class=\"post-details details-type-link\" aria-label=\"Read more about Plots r\u00e9glables \u2013 115 \u00e0 220 mm Connexion Bois Direct\">Voir le produit<i class=\"dt-icon-the7-arrow-03\" aria-hidden=\"true\"><\/i><\/a>\n\n<\/div><\/article><article class=\"post post-2611 type-post status-publish format-standard has-post-thumbnail hentry category-accessoires-de-terrasses category-plots-et-cales category-33 category-51 description-off\" data-name=\"Plots r\u00e9glables sur pieu m\u00e9tallique \u2013 25 \u00e0 115 mm Connexion Bois Direct\" data-date=\"2019-11-07T16:10:18+01:00\">\n\n<div class=\"post-thumbnail-wrap\">\n\t<div class=\"post-thumbnail\">\n\t\t\n\t\t\n\t\t<a href=\"https:\/\/www.connexion-bois-direct.fr\/fr\/plots-reglables-sur-pieu-metallique-25-a-115-mm-connexion-bois-direct\/\" class=\"post-thumbnail-rollover layzr-bg\" ><img decoding=\"async\" class=\"preload-me owl-lazy-load aspect\" src=\"data:image\/svg+xml,%3Csvg%20xmlns%3D&#39;http%3A%2F%2Fwww.w3.org%2F2000%2Fsvg&#39;%20viewBox%3D&#39;0%200%20486%20486&#39;%2F%3E\" data-src=\"https:\/\/www.connexion-bois-direct.fr\/fr\/wp-content\/uploads\/2020\/08\/CAL-PLOT-LAMB-PIEU-METAL-CBD-486x486.png\" data-srcset=\"https:\/\/www.connexion-bois-direct.fr\/fr\/wp-content\/uploads\/2020\/08\/CAL-PLOT-LAMB-PIEU-METAL-CBD-486x486.png 486w\" loading=\"eager\" style=\"--ratio: 486 \/ 486\" sizes=\"(max-width: 486px) 100vw, 486px\" alt=\"\" title=\"CAL-PLOT-LAMB-PIEU-METAL-CBD\" width=\"486\" height=\"486\"  \/><\/a>\t<\/div>\n<\/div>\n\n\n<div class=\"post-entry-content\">\n\n\t<h3 class=\"entry-title\">\n\t\t<a href=\"https:\/\/www.connexion-bois-direct.fr\/fr\/plots-reglables-sur-pieu-metallique-25-a-115-mm-connexion-bois-direct\/\" title=\"Plots r\u00e9glables sur pieu m\u00e9tallique \u2013 25 \u00e0 115 mm Connexion Bois Direct\" rel=\"bookmark\">Plots r\u00e9glables sur pieu m\u00e9tallique \u2013 25 \u00e0 115 mm Connexion Bois Direct<\/a>\n\t<\/h3>\n\n\t\n\t\n\t\n<a href=\"https:\/\/www.connexion-bois-direct.fr\/fr\/plots-reglables-sur-pieu-metallique-25-a-115-mm-connexion-bois-direct\/\" class=\"post-details details-type-link\" aria-label=\"Read more about Plots r\u00e9glables sur pieu m\u00e9tallique \u2013 25 \u00e0 115 mm Connexion Bois Direct\">Voir le produit<i class=\"dt-icon-the7-arrow-03\" aria-hidden=\"true\"><\/i><\/a>\n\n<\/div><\/article><article class=\"post post-2614 type-post status-publish format-standard has-post-thumbnail hentry category-accessoires-de-terrasses category-plots-et-cales category-33 category-51 description-off\" data-name=\"Rehausse 50 mm Connexion Bois Direct\" data-date=\"2019-11-07T16:00:50+01:00\">\n\n<div class=\"post-thumbnail-wrap\">\n\t<div class=\"post-thumbnail\">\n\t\t\n\t\t\n\t\t<a href=\"https:\/\/www.connexion-bois-direct.fr\/fr\/rehausse-50-mm-connexion-bois-direct\/\" class=\"post-thumbnail-rollover layzr-bg\" ><img decoding=\"async\" class=\"preload-me owl-lazy-load aspect\" src=\"data:image\/svg+xml,%3Csvg%20xmlns%3D&#39;http%3A%2F%2Fwww.w3.org%2F2000%2Fsvg&#39;%20viewBox%3D&#39;0%200%20486%20486&#39;%2F%3E\" data-src=\"https:\/\/www.connexion-bois-direct.fr\/fr\/wp-content\/uploads\/2020\/08\/CAL-PLOT-LAMB-REHAUSSE-50-CBD-486x486.png\" data-srcset=\"https:\/\/www.connexion-bois-direct.fr\/fr\/wp-content\/uploads\/2020\/08\/CAL-PLOT-LAMB-REHAUSSE-50-CBD-486x486.png 486w\" loading=\"eager\" style=\"--ratio: 486 \/ 486\" sizes=\"(max-width: 486px) 100vw, 486px\" alt=\"\" title=\"CAL-PLOT-LAMB-REHAUSSE-50-CBD\" width=\"486\" height=\"486\"  \/><\/a>\t<\/div>\n<\/div>\n\n\n<div class=\"post-entry-content\">\n\n\t<h3 class=\"entry-title\">\n\t\t<a href=\"https:\/\/www.connexion-bois-direct.fr\/fr\/rehausse-50-mm-connexion-bois-direct\/\" title=\"Rehausse 50 mm Connexion Bois Direct\" rel=\"bookmark\">Rehausse 50 mm Connexion Bois Direct<\/a>\n\t<\/h3>\n\n\t\n\t\n\t\n<a href=\"https:\/\/www.connexion-bois-direct.fr\/fr\/rehausse-50-mm-connexion-bois-direct\/\" class=\"post-details details-type-link\" aria-label=\"Read more about Rehausse 50 mm Connexion Bois Direct\">Voir le produit<i class=\"dt-icon-the7-arrow-03\" aria-hidden=\"true\"><\/i><\/a>\n\n<\/div><\/article><article class=\"post post-2490 type-post status-publish format-standard has-post-thumbnail hentry category-accessoires-de-terrasses category-plots-et-cales category-33 category-51 description-off\" data-name=\"Plot Elevo Jouplast\" data-date=\"2019-11-07T15:50:35+01:00\">\n\n<div class=\"post-thumbnail-wrap\">\n\t<div class=\"post-thumbnail\">\n\t\t\n\t\t\n\t\t<a href=\"https:\/\/www.connexion-bois-direct.fr\/fr\/plot-elevo-jouplast\/\" class=\"post-thumbnail-rollover layzr-bg\" ><img decoding=\"async\" class=\"preload-me owl-lazy-load aspect\" src=\"data:image\/svg+xml,%3Csvg%20xmlns%3D&#39;http%3A%2F%2Fwww.w3.org%2F2000%2Fsvg&#39;%20viewBox%3D&#39;0%200%20486%20486&#39;%2F%3E\" data-src=\"https:\/\/www.connexion-bois-direct.fr\/fr\/wp-content\/uploads\/2019\/11\/Plot-Elevo-Jouplast-1-486x486.png\" data-srcset=\"https:\/\/www.connexion-bois-direct.fr\/fr\/wp-content\/uploads\/2019\/11\/Plot-Elevo-Jouplast-1-486x486.png 486w\" loading=\"eager\" style=\"--ratio: 486 \/ 486\" sizes=\"(max-width: 486px) 100vw, 486px\" alt=\"\" title=\"Plot-Elevo-Jouplast-1\" width=\"486\" height=\"486\"  \/><\/a>\t<\/div>\n<\/div>\n\n\n<div class=\"post-entry-content\">\n\n\t<h3 class=\"entry-title\">\n\t\t<a href=\"https:\/\/www.connexion-bois-direct.fr\/fr\/plot-elevo-jouplast\/\" title=\"Plot Elevo Jouplast\" rel=\"bookmark\">Plot Elevo Jouplast<\/a>\n\t<\/h3>\n\n\t\n\t\n\t\n<a href=\"https:\/\/www.connexion-bois-direct.fr\/fr\/plot-elevo-jouplast\/\" class=\"post-details details-type-link\" aria-label=\"Read more about Plot Elevo Jouplast\">Voir le produit<i class=\"dt-icon-the7-arrow-03\" aria-hidden=\"true\"><\/i><\/a>\n\n<\/div><\/article><article class=\"post post-1470 type-post status-publish format-standard has-post-thumbnail hentry category-accessoires-de-terrasses category-plots-et-cales category-33 category-51 description-off\" data-name=\"Plots r\u00e9glables &#8211; 140 \u00e0 230mm JOUPLAST\" data-date=\"2019-11-07T15:33:43+01:00\">\n\n<div class=\"post-thumbnail-wrap\">\n\t<div class=\"post-thumbnail\">\n\t\t\n\t\t\n\t\t<a href=\"https:\/\/www.connexion-bois-direct.fr\/fr\/plots-pvc-reglables-140-a-230mm\/\" class=\"post-thumbnail-rollover layzr-bg\" ><img decoding=\"async\" class=\"preload-me owl-lazy-load aspect\" src=\"data:image\/svg+xml,%3Csvg%20xmlns%3D&#39;http%3A%2F%2Fwww.w3.org%2F2000%2Fsvg&#39;%20viewBox%3D&#39;0%200%20486%20486&#39;%2F%3E\" data-src=\"https:\/\/www.connexion-bois-direct.fr\/fr\/wp-content\/uploads\/2019\/06\/plots-pvc-reglables-140-a-230-mm-486x486.png\" data-srcset=\"https:\/\/www.connexion-bois-direct.fr\/fr\/wp-content\/uploads\/2019\/06\/plots-pvc-reglables-140-a-230-mm-486x486.png 486w\" loading=\"eager\" style=\"--ratio: 486 \/ 486\" sizes=\"(max-width: 486px) 100vw, 486px\" alt=\"\" title=\"plots-pvc-reglables-140-a-230-mm\" width=\"486\" height=\"486\"  \/><\/a>\t<\/div>\n<\/div>\n\n\n<div class=\"post-entry-content\">\n\n\t<h3 class=\"entry-title\">\n\t\t<a href=\"https:\/\/www.connexion-bois-direct.fr\/fr\/plots-pvc-reglables-140-a-230mm\/\" title=\"Plots r\u00e9glables &#8211; 140 \u00e0 230mm JOUPLAST\" rel=\"bookmark\">Plots r\u00e9glables &#8211; 140 \u00e0 230mm JOUPLAST<\/a>\n\t<\/h3>\n\n\t\n\t\n\t\n<a href=\"https:\/\/www.connexion-bois-direct.fr\/fr\/plots-pvc-reglables-140-a-230mm\/\" class=\"post-details details-type-link\" aria-label=\"Read more about Plots r\u00e9glables &#8211; 140 \u00e0 230mm JOUPLAST\">Voir le produit<i class=\"dt-icon-the7-arrow-03\" aria-hidden=\"true\"><\/i><\/a>\n\n<\/div><\/article><article class=\"post post-1467 type-post status-publish format-standard has-post-thumbnail hentry category-accessoires-de-terrasses category-plots-et-cales category-33 category-51 description-off\" data-name=\"Plots r\u00e9glables &#8211; 80 \u00e0 140mm JOUPLAST\" data-date=\"2019-11-06T15:29:14+01:00\">\n\n<div class=\"post-thumbnail-wrap\">\n\t<div class=\"post-thumbnail\">\n\t\t\n\t\t\n\t\t<a href=\"https:\/\/www.connexion-bois-direct.fr\/fr\/plots-pvc-reglables-80-a-140mm\/\" class=\"post-thumbnail-rollover layzr-bg\" ><img decoding=\"async\" class=\"preload-me owl-lazy-load aspect\" src=\"data:image\/svg+xml,%3Csvg%20xmlns%3D&#39;http%3A%2F%2Fwww.w3.org%2F2000%2Fsvg&#39;%20viewBox%3D&#39;0%200%20486%20486&#39;%2F%3E\" data-src=\"https:\/\/www.connexion-bois-direct.fr\/fr\/wp-content\/uploads\/2019\/06\/plots-pvc-reglables-80-a-140-mm-486x486.png\" data-srcset=\"https:\/\/www.connexion-bois-direct.fr\/fr\/wp-content\/uploads\/2019\/06\/plots-pvc-reglables-80-a-140-mm-486x486.png 486w\" loading=\"eager\" style=\"--ratio: 486 \/ 486\" sizes=\"(max-width: 486px) 100vw, 486px\" alt=\"\" title=\"plots-pvc-reglables-80-a-140-mm\" width=\"486\" height=\"486\"  \/><\/a>\t<\/div>\n<\/div>\n\n\n<div class=\"post-entry-content\">\n\n\t<h3 class=\"entry-title\">\n\t\t<a href=\"https:\/\/www.connexion-bois-direct.fr\/fr\/plots-pvc-reglables-80-a-140mm\/\" title=\"Plots r\u00e9glables &#8211; 80 \u00e0 140mm JOUPLAST\" rel=\"bookmark\">Plots r\u00e9glables &#8211; 80 \u00e0 140mm JOUPLAST<\/a>\n\t<\/h3>\n\n\t\n\t\n\t\n<a href=\"https:\/\/www.connexion-bois-direct.fr\/fr\/plots-pvc-reglables-80-a-140mm\/\" class=\"post-details details-type-link\" aria-label=\"Read more about Plots r\u00e9glables &#8211; 80 \u00e0 140mm JOUPLAST\">Voir le produit<i class=\"dt-icon-the7-arrow-03\" aria-hidden=\"true\"><\/i><\/a>\n\n<\/div><\/article><article class=\"post post-1464 type-post status-publish format-standard has-post-thumbnail hentry category-accessoires-de-terrasses category-plots-et-cales category-33 category-51 description-off\" data-name=\"Plots r\u00e9glables &#8211; 50 \u00e0 80 mm JOUPLAST\" data-date=\"2019-11-05T15:24:52+01:00\">\n\n<div class=\"post-thumbnail-wrap\">\n\t<div class=\"post-thumbnail\">\n\t\t\n\t\t\n\t\t<a href=\"https:\/\/www.connexion-bois-direct.fr\/fr\/plots-pvc-reglables-50-a-80-mm\/\" class=\"post-thumbnail-rollover layzr-bg\" ><img decoding=\"async\" class=\"preload-me owl-lazy-load aspect\" src=\"data:image\/svg+xml,%3Csvg%20xmlns%3D&#39;http%3A%2F%2Fwww.w3.org%2F2000%2Fsvg&#39;%20viewBox%3D&#39;0%200%20486%20486&#39;%2F%3E\" data-src=\"https:\/\/www.connexion-bois-direct.fr\/fr\/wp-content\/uploads\/2019\/11\/plots-pvc-reglables-50-a-80-mm-v2-486x486.png\" data-srcset=\"https:\/\/www.connexion-bois-direct.fr\/fr\/wp-content\/uploads\/2019\/11\/plots-pvc-reglables-50-a-80-mm-v2-486x486.png 486w\" loading=\"eager\" style=\"--ratio: 486 \/ 486\" sizes=\"(max-width: 486px) 100vw, 486px\" alt=\"\" title=\"plots-pvc-reglables-50-a-80-mm-v2\" width=\"486\" height=\"486\"  \/><\/a>\t<\/div>\n<\/div>\n\n\n<div class=\"post-entry-content\">\n\n\t<h3 class=\"entry-title\">\n\t\t<a href=\"https:\/\/www.connexion-bois-direct.fr\/fr\/plots-pvc-reglables-50-a-80-mm\/\" title=\"Plots r\u00e9glables &#8211; 50 \u00e0 80 mm JOUPLAST\" rel=\"bookmark\">Plots r\u00e9glables &#8211; 50 \u00e0 80 mm JOUPLAST<\/a>\n\t<\/h3>\n\n\t\n\t\n\t\n<a href=\"https:\/\/www.connexion-bois-direct.fr\/fr\/plots-pvc-reglables-50-a-80-mm\/\" class=\"post-details details-type-link\" aria-label=\"Read more about Plots r\u00e9glables &#8211; 50 \u00e0 80 mm JOUPLAST\">Voir le produit<i class=\"dt-icon-the7-arrow-03\" aria-hidden=\"true\"><\/i><\/a>\n\n<\/div><\/article><article class=\"post post-1461 type-post status-publish format-standard has-post-thumbnail hentry category-accessoires-de-terrasses category-plots-et-cales category-33 category-51 description-off\" data-name=\"Plots r\u00e9glables &#8211; 40 \u00e0 60 mm JOUPLAST\" data-date=\"2019-11-04T15:00:31+01:00\">\n\n<div class=\"post-thumbnail-wrap\">\n\t<div class=\"post-thumbnail\">\n\t\t\n\t\t\n\t\t<a href=\"https:\/\/www.connexion-bois-direct.fr\/fr\/plots-pvc-reglables-40-a-60-mm\/\" class=\"post-thumbnail-rollover layzr-bg\" ><img decoding=\"async\" class=\"preload-me owl-lazy-load aspect\" src=\"data:image\/svg+xml,%3Csvg%20xmlns%3D&#39;http%3A%2F%2Fwww.w3.org%2F2000%2Fsvg&#39;%20viewBox%3D&#39;0%200%20486%20486&#39;%2F%3E\" data-src=\"https:\/\/www.connexion-bois-direct.fr\/fr\/wp-content\/uploads\/2019\/11\/plots-pvc-reglables-40-a-60-mm-v2-486x486.png\" data-srcset=\"https:\/\/www.connexion-bois-direct.fr\/fr\/wp-content\/uploads\/2019\/11\/plots-pvc-reglables-40-a-60-mm-v2-486x486.png 486w\" loading=\"eager\" style=\"--ratio: 486 \/ 486\" sizes=\"(max-width: 486px) 100vw, 486px\" alt=\"\" title=\"plots-pvc-reglables-40-a-60-mm-v2\" width=\"486\" height=\"486\"  \/><\/a>\t<\/div>\n<\/div>\n\n\n<div class=\"post-entry-content\">\n\n\t<h3 class=\"entry-title\">\n\t\t<a href=\"https:\/\/www.connexion-bois-direct.fr\/fr\/plots-pvc-reglables-40-a-60-mm\/\" title=\"Plots r\u00e9glables &#8211; 40 \u00e0 60 mm JOUPLAST\" rel=\"bookmark\">Plots r\u00e9glables &#8211; 40 \u00e0 60 mm JOUPLAST<\/a>\n\t<\/h3>\n\n\t\n\t\n\t\n<a href=\"https:\/\/www.connexion-bois-direct.fr\/fr\/plots-pvc-reglables-40-a-60-mm\/\" class=\"post-details details-type-link\" aria-label=\"Read more about Plots r\u00e9glables &#8211; 40 \u00e0 60 mm JOUPLAST\">Voir le produit<i class=\"dt-icon-the7-arrow-03\" aria-hidden=\"true\"><\/i><\/a>\n\n<\/div><\/article><article class=\"post post-1455 type-post status-publish format-standard has-post-thumbnail hentry category-accessoires-de-terrasses category-plots-et-cales category-33 category-51 description-off\" data-name=\"Plots r\u00e9glables &#8211; 20 \u00e0 30 mm JOUPLAST\" data-date=\"2019-11-03T17:56:20+01:00\">\n\n<div class=\"post-thumbnail-wrap\">\n\t<div class=\"post-thumbnail\">\n\t\t\n\t\t\n\t\t<a href=\"https:\/\/www.connexion-bois-direct.fr\/fr\/plots-pvc-reglables-20-a-30-mm\/\" class=\"post-thumbnail-rollover layzr-bg\" ><img decoding=\"async\" class=\"preload-me owl-lazy-load aspect\" src=\"data:image\/svg+xml,%3Csvg%20xmlns%3D&#39;http%3A%2F%2Fwww.w3.org%2F2000%2Fsvg&#39;%20viewBox%3D&#39;0%200%20486%20486&#39;%2F%3E\" data-src=\"https:\/\/www.connexion-bois-direct.fr\/fr\/wp-content\/uploads\/2019\/06\/plots-pvc-reglables-20-a-30-mm-2-486x486.png\" data-srcset=\"https:\/\/www.connexion-bois-direct.fr\/fr\/wp-content\/uploads\/2019\/06\/plots-pvc-reglables-20-a-30-mm-2-486x486.png 486w\" loading=\"eager\" style=\"--ratio: 486 \/ 486\" sizes=\"(max-width: 486px) 100vw, 486px\" alt=\"\" title=\"plots-pvc-reglables-20-a-30-mm-2\" width=\"486\" height=\"486\"  \/><\/a>\t<\/div>\n<\/div>\n\n\n<div class=\"post-entry-content\">\n\n\t<h3 class=\"entry-title\">\n\t\t<a href=\"https:\/\/www.connexion-bois-direct.fr\/fr\/plots-pvc-reglables-20-a-30-mm\/\" title=\"Plots r\u00e9glables &#8211; 20 \u00e0 30 mm JOUPLAST\" rel=\"bookmark\">Plots r\u00e9glables &#8211; 20 \u00e0 30 mm JOUPLAST<\/a>\n\t<\/h3>\n\n\t\n\t\n\t\n<a href=\"https:\/\/www.connexion-bois-direct.fr\/fr\/plots-pvc-reglables-20-a-30-mm\/\" class=\"post-details details-type-link\" aria-label=\"Read more about Plots r\u00e9glables &#8211; 20 \u00e0 30 mm JOUPLAST\">Voir le produit<i class=\"dt-icon-the7-arrow-03\" aria-hidden=\"true\"><\/i><\/a>\n\n<\/div><\/article><article class=\"post post-1452 type-post status-publish format-standard has-post-thumbnail hentry category-accessoires-de-terrasses category-plots-et-cales category-33 category-51 description-off\" data-name=\"Plots fixes 10 mm non r\u00e9glable JOUPLAST\" data-date=\"2019-11-02T17:45:08+01:00\">\n\n<div class=\"post-thumbnail-wrap\">\n\t<div class=\"post-thumbnail\">\n\t\t\n\t\t\n\t\t<a href=\"https:\/\/www.connexion-bois-direct.fr\/fr\/rehausse-pvc-10-mm-non-reglable\/\" class=\"post-thumbnail-rollover layzr-bg\" ><img decoding=\"async\" class=\"preload-me owl-lazy-load aspect\" src=\"data:image\/svg+xml,%3Csvg%20xmlns%3D&#39;http%3A%2F%2Fwww.w3.org%2F2000%2Fsvg&#39;%20viewBox%3D&#39;0%200%20486%20486&#39;%2F%3E\" data-src=\"https:\/\/www.connexion-bois-direct.fr\/fr\/wp-content\/uploads\/2019\/06\/rehausse-pvc-10-mm-486x486.png\" data-srcset=\"https:\/\/www.connexion-bois-direct.fr\/fr\/wp-content\/uploads\/2019\/06\/rehausse-pvc-10-mm-486x486.png 486w\" loading=\"eager\" style=\"--ratio: 486 \/ 486\" sizes=\"(max-width: 486px) 100vw, 486px\" alt=\"\" title=\"rehausse-pvc-10-mm\" width=\"486\" height=\"486\"  \/><\/a>\t<\/div>\n<\/div>\n\n\n<div class=\"post-entry-content\">\n\n\t<h3 class=\"entry-title\">\n\t\t<a href=\"https:\/\/www.connexion-bois-direct.fr\/fr\/rehausse-pvc-10-mm-non-reglable\/\" title=\"Plots fixes 10 mm non r\u00e9glable JOUPLAST\" rel=\"bookmark\">Plots fixes 10 mm non r\u00e9glable JOUPLAST<\/a>\n\t<\/h3>\n\n\t\n\t\n\t\n<a href=\"https:\/\/www.connexion-bois-direct.fr\/fr\/rehausse-pvc-10-mm-non-reglable\/\" class=\"post-details details-type-link\" aria-label=\"Read more about Plots fixes 10 mm non r\u00e9glable JOUPLAST\">Voir le produit<i class=\"dt-icon-the7-arrow-03\" aria-hidden=\"true\"><\/i><\/a>\n\n<\/div><\/article><article class=\"post post-2483 type-post status-publish format-standard has-post-thumbnail hentry category-accessoires-de-terrasses category-plots-et-cales category-33 category-51 description-off\" data-name=\"Plot PVC lambourde rehausse 60mm Jouplast\" data-date=\"2019-11-02T17:00:36+01:00\">\n\n<div class=\"post-thumbnail-wrap\">\n\t<div class=\"post-thumbnail\">\n\t\t\n\t\t\n\t\t<a href=\"https:\/\/www.connexion-bois-direct.fr\/fr\/plot-pvc-lambourde-rehausse-60mm-jouplast\/\" class=\"post-thumbnail-rollover layzr-bg\" ><img decoding=\"async\" class=\"preload-me owl-lazy-load aspect\" src=\"data:image\/svg+xml,%3Csvg%20xmlns%3D&#39;http%3A%2F%2Fwww.w3.org%2F2000%2Fsvg&#39;%20viewBox%3D&#39;0%200%20486%20486&#39;%2F%3E\" data-src=\"https:\/\/www.connexion-bois-direct.fr\/fr\/wp-content\/uploads\/2019\/11\/Plot-PVC-lambourde-rehausse-60mm-Jouplast-1-486x486.png\" data-srcset=\"https:\/\/www.connexion-bois-direct.fr\/fr\/wp-content\/uploads\/2019\/11\/Plot-PVC-lambourde-rehausse-60mm-Jouplast-1-486x486.png 486w\" loading=\"eager\" style=\"--ratio: 486 \/ 486\" sizes=\"(max-width: 486px) 100vw, 486px\" alt=\"\" title=\"Plot-PVC-lambourde-rehausse-60mm-Jouplast-1\" width=\"486\" height=\"486\"  \/><\/a>\t<\/div>\n<\/div>\n\n\n<div class=\"post-entry-content\">\n\n\t<h3 class=\"entry-title\">\n\t\t<a href=\"https:\/\/www.connexion-bois-direct.fr\/fr\/plot-pvc-lambourde-rehausse-60mm-jouplast\/\" title=\"Plot PVC lambourde rehausse 60mm Jouplast\" rel=\"bookmark\">Plot PVC lambourde rehausse 60mm Jouplast<\/a>\n\t<\/h3>\n\n\t\n\t\n\t\n<a href=\"https:\/\/www.connexion-bois-direct.fr\/fr\/plot-pvc-lambourde-rehausse-60mm-jouplast\/\" class=\"post-details details-type-link\" aria-label=\"Read more about Plot PVC lambourde rehausse 60mm Jouplast\">Voir le produit<i class=\"dt-icon-the7-arrow-03\" aria-hidden=\"true\"><\/i><\/a>\n\n<\/div><\/article><article class=\"post post-2479 type-post status-publish format-standard has-post-thumbnail hentry category-accessoires-de-terrasses category-plots-et-cales category-33 category-51 description-off\" data-name=\"Cales crant\u00e9es H90 x 50 + H170 x 30 JOUPLAST\" data-date=\"2019-11-01T17:00:38+01:00\">\n\n<div class=\"post-thumbnail-wrap\">\n\t<div class=\"post-thumbnail\">\n\t\t\n\t\t\n\t\t<a href=\"https:\/\/www.connexion-bois-direct.fr\/fr\/seau-mixte-cales-crantees-h90-x-50-h170-x-30\/\" class=\"post-thumbnail-rollover layzr-bg\" ><img decoding=\"async\" class=\"preload-me owl-lazy-load aspect\" src=\"data:image\/svg+xml,%3Csvg%20xmlns%3D&#39;http%3A%2F%2Fwww.w3.org%2F2000%2Fsvg&#39;%20viewBox%3D&#39;0%200%20486%20486&#39;%2F%3E\" data-src=\"https:\/\/www.connexion-bois-direct.fr\/fr\/wp-content\/uploads\/2020\/06\/Seau-mixte-Cales-crantees-H90-x-50-H170-x30-486x486.png\" data-srcset=\"https:\/\/www.connexion-bois-direct.fr\/fr\/wp-content\/uploads\/2020\/06\/Seau-mixte-Cales-crantees-H90-x-50-H170-x30-486x486.png 486w\" loading=\"eager\" style=\"--ratio: 486 \/ 486\" sizes=\"(max-width: 486px) 100vw, 486px\" alt=\"\" title=\"Seau&#8211;mixte-Cales-crantees-H90-x-50-H170-x30\" width=\"486\" height=\"486\"  \/><\/a>\t<\/div>\n<\/div>\n\n\n<div class=\"post-entry-content\">\n\n\t<h3 class=\"entry-title\">\n\t\t<a href=\"https:\/\/www.connexion-bois-direct.fr\/fr\/seau-mixte-cales-crantees-h90-x-50-h170-x-30\/\" title=\"Cales crant\u00e9es H90 x 50 + H170 x 30 JOUPLAST\" rel=\"bookmark\">Cales crant\u00e9es H90 x 50 + H170 x 30 JOUPLAST<\/a>\n\t<\/h3>\n\n\t\n\t\n\t\n<a href=\"https:\/\/www.connexion-bois-direct.fr\/fr\/seau-mixte-cales-crantees-h90-x-50-h170-x-30\/\" class=\"post-details details-type-link\" aria-label=\"Read more about Cales crant\u00e9es H90 x 50 + H170 x 30 JOUPLAST\">Voir le produit<i class=\"dt-icon-the7-arrow-03\" aria-hidden=\"true\"><\/i><\/a>\n\n<\/div><\/article><article class=\"post post-1433 type-post status-publish format-standard has-post-thumbnail hentry category-accessoires-de-terrasses category-plots-et-cales category-33 category-51 description-off\" data-name=\"Cales de 2 mm JOUPLAST\" data-date=\"2019-11-01T16:35:30+01:00\">\n\n<div class=\"post-thumbnail-wrap\">\n\t<div class=\"post-thumbnail\">\n\t\t\n\t\t\n\t\t<a href=\"https:\/\/www.connexion-bois-direct.fr\/fr\/cales-de-2-mm\/\" class=\"post-thumbnail-rollover layzr-bg\" ><img decoding=\"async\" class=\"preload-me owl-lazy-load aspect\" src=\"data:image\/svg+xml,%3Csvg%20xmlns%3D&#39;http%3A%2F%2Fwww.w3.org%2F2000%2Fsvg&#39;%20viewBox%3D&#39;0%200%20486%20486&#39;%2F%3E\" data-src=\"https:\/\/www.connexion-bois-direct.fr\/fr\/wp-content\/uploads\/2019\/06\/cales-terrasse-2mm-486x486.png\" data-srcset=\"https:\/\/www.connexion-bois-direct.fr\/fr\/wp-content\/uploads\/2019\/06\/cales-terrasse-2mm-486x486.png 486w\" loading=\"eager\" style=\"--ratio: 486 \/ 486\" sizes=\"(max-width: 486px) 100vw, 486px\" alt=\"\" title=\"cales-terrasse-2mm\" width=\"486\" height=\"486\"  \/><\/a>\t<\/div>\n<\/div>\n\n\n<div class=\"post-entry-content\">\n\n\t<h3 class=\"entry-title\">\n\t\t<a href=\"https:\/\/www.connexion-bois-direct.fr\/fr\/cales-de-2-mm\/\" title=\"Cales de 2 mm JOUPLAST\" rel=\"bookmark\">Cales de 2 mm JOUPLAST<\/a>\n\t<\/h3>\n\n\t\n\t\n\t\n<a href=\"https:\/\/www.connexion-bois-direct.fr\/fr\/cales-de-2-mm\/\" class=\"post-details details-type-link\" aria-label=\"Read more about Cales de 2 mm JOUPLAST\">Voir le produit<i class=\"dt-icon-the7-arrow-03\" aria-hidden=\"true\"><\/i><\/a>\n\n<\/div><\/article><article class=\"post post-1436 type-post status-publish format-standard has-post-thumbnail hentry category-accessoires-de-terrasses category-plots-et-cales category-33 category-51 description-off\" data-name=\"Cales de 3 mm JOUPLAST\" data-date=\"2019-10-29T16:39:33+01:00\">\n\n<div class=\"post-thumbnail-wrap\">\n\t<div class=\"post-thumbnail\">\n\t\t\n\t\t\n\t\t<a href=\"https:\/\/www.connexion-bois-direct.fr\/fr\/cales-de-3-mm\/\" class=\"post-thumbnail-rollover layzr-bg\" ><img decoding=\"async\" class=\"preload-me owl-lazy-load aspect\" src=\"data:image\/svg+xml,%3Csvg%20xmlns%3D&#39;http%3A%2F%2Fwww.w3.org%2F2000%2Fsvg&#39;%20viewBox%3D&#39;0%200%20486%20486&#39;%2F%3E\" data-src=\"https:\/\/www.connexion-bois-direct.fr\/fr\/wp-content\/uploads\/2019\/06\/cales-terrasse-3mm-486x486.png\" data-srcset=\"https:\/\/www.connexion-bois-direct.fr\/fr\/wp-content\/uploads\/2019\/06\/cales-terrasse-3mm-486x486.png 486w\" loading=\"eager\" style=\"--ratio: 486 \/ 486\" sizes=\"(max-width: 486px) 100vw, 486px\" alt=\"\" title=\"cales-terrasse-3mm\" width=\"486\" height=\"486\"  \/><\/a>\t<\/div>\n<\/div>\n\n\n<div class=\"post-entry-content\">\n\n\t<h3 class=\"entry-title\">\n\t\t<a href=\"https:\/\/www.connexion-bois-direct.fr\/fr\/cales-de-3-mm\/\" title=\"Cales de 3 mm JOUPLAST\" rel=\"bookmark\">Cales de 3 mm JOUPLAST<\/a>\n\t<\/h3>\n\n\t\n\t\n\t\n<a href=\"https:\/\/www.connexion-bois-direct.fr\/fr\/cales-de-3-mm\/\" class=\"post-details details-type-link\" aria-label=\"Read more about Cales de 3 mm JOUPLAST\">Voir le produit<i class=\"dt-icon-the7-arrow-03\" aria-hidden=\"true\"><\/i><\/a>\n\n<\/div><\/article><article class=\"post post-1439 type-post status-publish format-standard has-post-thumbnail hentry category-accessoires-de-terrasses category-plots-et-cales category-33 category-51 description-off\" data-name=\"Cales de 5 mm JOUPLAST\" data-date=\"2019-10-28T16:42:23+01:00\">\n\n<div class=\"post-thumbnail-wrap\">\n\t<div class=\"post-thumbnail\">\n\t\t\n\t\t\n\t\t<a href=\"https:\/\/www.connexion-bois-direct.fr\/fr\/cales-de-5-mm\/\" class=\"post-thumbnail-rollover layzr-bg\" ><img decoding=\"async\" class=\"preload-me owl-lazy-load aspect\" src=\"data:image\/svg+xml,%3Csvg%20xmlns%3D&#39;http%3A%2F%2Fwww.w3.org%2F2000%2Fsvg&#39;%20viewBox%3D&#39;0%200%20486%20486&#39;%2F%3E\" data-src=\"https:\/\/www.connexion-bois-direct.fr\/fr\/wp-content\/uploads\/2019\/06\/cales-terrasse-5mm-486x486.png\" data-srcset=\"https:\/\/www.connexion-bois-direct.fr\/fr\/wp-content\/uploads\/2019\/06\/cales-terrasse-5mm-486x486.png 486w\" loading=\"eager\" style=\"--ratio: 486 \/ 486\" sizes=\"(max-width: 486px) 100vw, 486px\" alt=\"\" title=\"cales-terrasse-5mm\" width=\"486\" height=\"486\"  \/><\/a>\t<\/div>\n<\/div>\n\n\n<div class=\"post-entry-content\">\n\n\t<h3 class=\"entry-title\">\n\t\t<a href=\"https:\/\/www.connexion-bois-direct.fr\/fr\/cales-de-5-mm\/\" title=\"Cales de 5 mm JOUPLAST\" rel=\"bookmark\">Cales de 5 mm JOUPLAST<\/a>\n\t<\/h3>\n\n\t\n\t\n\t\n<a href=\"https:\/\/www.connexion-bois-direct.fr\/fr\/cales-de-5-mm\/\" class=\"post-details details-type-link\" aria-label=\"Read more about Cales de 5 mm JOUPLAST\">Voir le produit<i class=\"dt-icon-the7-arrow-03\" aria-hidden=\"true\"><\/i><\/a>\n\n<\/div><\/article><article class=\"post post-1420 type-post status-publish format-standard has-post-thumbnail hentry category-accessoires-de-terrasses category-plots-et-cales category-33 category-51 description-off\" data-name=\"Cales panach\u00e9es de 2 mm, 3mm, 5 mm JOUPLAST\" data-date=\"2019-10-27T15:41:54+01:00\">\n\n<div class=\"post-thumbnail-wrap\">\n\t<div class=\"post-thumbnail\">\n\t\t\n\t\t\n\t\t<a href=\"https:\/\/www.connexion-bois-direct.fr\/fr\/cales-panachees-de-2-mm-3mm-5-mm\/\" class=\"post-thumbnail-rollover layzr-bg\" ><img decoding=\"async\" class=\"preload-me owl-lazy-load aspect\" src=\"data:image\/svg+xml,%3Csvg%20xmlns%3D&#39;http%3A%2F%2Fwww.w3.org%2F2000%2Fsvg&#39;%20viewBox%3D&#39;0%200%20486%20486&#39;%2F%3E\" data-src=\"https:\/\/www.connexion-bois-direct.fr\/fr\/wp-content\/uploads\/2019\/06\/cales-panachees-terrasse-4-486x486.png\" data-srcset=\"https:\/\/www.connexion-bois-direct.fr\/fr\/wp-content\/uploads\/2019\/06\/cales-panachees-terrasse-4-486x486.png 486w\" loading=\"eager\" style=\"--ratio: 486 \/ 486\" sizes=\"(max-width: 486px) 100vw, 486px\" alt=\"\" title=\"cales-panachees-terrasse-4\" width=\"486\" height=\"486\"  \/><\/a>\t<\/div>\n<\/div>\n\n\n<div class=\"post-entry-content\">\n\n\t<h3 class=\"entry-title\">\n\t\t<a href=\"https:\/\/www.connexion-bois-direct.fr\/fr\/cales-panachees-de-2-mm-3mm-5-mm\/\" title=\"Cales panach\u00e9es de 2 mm, 3mm, 5 mm JOUPLAST\" rel=\"bookmark\">Cales panach\u00e9es de 2 mm, 3mm, 5 mm JOUPLAST<\/a>\n\t<\/h3>\n\n\t\n\t\n\t\n<a href=\"https:\/\/www.connexion-bois-direct.fr\/fr\/cales-panachees-de-2-mm-3mm-5-mm\/\" class=\"post-details details-type-link\" aria-label=\"Read more about Cales panach\u00e9es de 2 mm, 3mm, 5 mm JOUPLAST\">Voir le produit<i class=\"dt-icon-the7-arrow-03\" aria-hidden=\"true\"><\/i><\/a>\n\n<\/div><\/article><article class=\"post post-2515 type-post status-publish format-standard has-post-thumbnail hentry category-accessoires-de-terrasses category-pose category-33 category-57 description-off\" data-name=\"Grille de ventilation Aluminium 80 x 300 mm\" data-date=\"2019-10-27T14:00:20+01:00\">\n\n<div class=\"post-thumbnail-wrap\">\n\t<div class=\"post-thumbnail\">\n\t\t\n\t\t\n\t\t<a href=\"https:\/\/www.connexion-bois-direct.fr\/fr\/grille-de-ventilation-aluminium-80-x-300-mm\/\" class=\"post-thumbnail-rollover layzr-bg\" ><img decoding=\"async\" class=\"preload-me owl-lazy-load aspect\" src=\"data:image\/svg+xml,%3Csvg%20xmlns%3D&#39;http%3A%2F%2Fwww.w3.org%2F2000%2Fsvg&#39;%20viewBox%3D&#39;0%200%20486%20486&#39;%2F%3E\" data-src=\"https:\/\/www.connexion-bois-direct.fr\/fr\/wp-content\/uploads\/2020\/06\/grille-de-ventilation-aluminium-80x300-mm-486x486.png\" data-srcset=\"https:\/\/www.connexion-bois-direct.fr\/fr\/wp-content\/uploads\/2020\/06\/grille-de-ventilation-aluminium-80x300-mm-486x486.png 486w\" loading=\"eager\" style=\"--ratio: 486 \/ 486\" sizes=\"(max-width: 486px) 100vw, 486px\" alt=\"\" title=\"grille-de-ventilation-aluminium-80&#215;300-mm\" width=\"486\" height=\"486\"  \/><\/a>\t<\/div>\n<\/div>\n\n\n<div class=\"post-entry-content\">\n\n\t<h3 class=\"entry-title\">\n\t\t<a href=\"https:\/\/www.connexion-bois-direct.fr\/fr\/grille-de-ventilation-aluminium-80-x-300-mm\/\" title=\"Grille de ventilation Aluminium 80 x 300 mm\" rel=\"bookmark\">Grille de ventilation Aluminium 80 x 300 mm<\/a>\n\t<\/h3>\n\n\t\n\t\n\t\n<a href=\"https:\/\/www.connexion-bois-direct.fr\/fr\/grille-de-ventilation-aluminium-80-x-300-mm\/\" class=\"post-details details-type-link\" aria-label=\"Read more about Grille de ventilation Aluminium 80 x 300 mm\">Voir le produit<i class=\"dt-icon-the7-arrow-03\" aria-hidden=\"true\"><\/i><\/a>\n\n<\/div><\/article><article class=\"post post-4786 type-post status-publish format-standard has-post-thumbnail hentry category-accessoires-de-terrasses category-entretien-bois category-33 category-52 description-off\" data-name=\"Huile terrasse bardage\" data-date=\"2019-10-26T11:40:00+02:00\">\n\n<div class=\"post-thumbnail-wrap\">\n\t<div class=\"post-thumbnail\">\n\t\t\n\t\t\n\t\t<a href=\"https:\/\/www.connexion-bois-direct.fr\/fr\/huile-terrasse-bardage\/\" class=\"post-thumbnail-rollover layzr-bg\" ><img decoding=\"async\" class=\"preload-me owl-lazy-load aspect\" src=\"data:image\/svg+xml,%3Csvg%20xmlns%3D&#39;http%3A%2F%2Fwww.w3.org%2F2000%2Fsvg&#39;%20viewBox%3D&#39;0%200%20300%20300&#39;%2F%3E\" data-src=\"https:\/\/www.connexion-bois-direct.fr\/fr\/wp-content\/uploads\/2022\/02\/blanchon-huile-terrasse-bardage-5L.png\" data-srcset=\"https:\/\/www.connexion-bois-direct.fr\/fr\/wp-content\/uploads\/2022\/02\/blanchon-huile-terrasse-bardage-5L.png 300w\" loading=\"eager\" style=\"--ratio: 300 \/ 300\" sizes=\"(max-width: 300px) 100vw, 300px\" alt=\"\" title=\"blanchon-huile-terrasse-bardage-5L\" width=\"300\" height=\"300\"  \/><\/a>\t<\/div>\n<\/div>\n\n\n<div class=\"post-entry-content\">\n\n\t<h3 class=\"entry-title\">\n\t\t<a href=\"https:\/\/www.connexion-bois-direct.fr\/fr\/huile-terrasse-bardage\/\" title=\"Huile terrasse bardage\" rel=\"bookmark\">Huile terrasse bardage<\/a>\n\t<\/h3>\n\n\t\n\t\n\t\n<a href=\"https:\/\/www.connexion-bois-direct.fr\/fr\/huile-terrasse-bardage\/\" class=\"post-details details-type-link\" aria-label=\"Read more about Huile terrasse bardage\">Voir le produit<i class=\"dt-icon-the7-arrow-03\" aria-hidden=\"true\"><\/i><\/a>\n\n<\/div><\/article><article class=\"post post-1081 type-post status-publish format-standard has-post-thumbnail hentry category-accessoires-de-terrasses category-entretien-bois category-33 category-52 description-off\" data-name=\"Saturateur Bois Environnement Naturel BLANCHON\" data-date=\"2019-10-26T11:33:31+02:00\">\n\n<div class=\"post-thumbnail-wrap\">\n\t<div class=\"post-thumbnail\">\n\t\t\n\t\t\n\t\t<a href=\"https:\/\/www.connexion-bois-direct.fr\/fr\/saturateur-bois-environnement\/\" class=\"post-thumbnail-rollover layzr-bg\" ><img decoding=\"async\" class=\"preload-me owl-lazy-load aspect\" src=\"data:image\/svg+xml,%3Csvg%20xmlns%3D&#39;http%3A%2F%2Fwww.w3.org%2F2000%2Fsvg&#39;%20viewBox%3D&#39;0%200%20486%20486&#39;%2F%3E\" data-src=\"https:\/\/www.connexion-bois-direct.fr\/fr\/wp-content\/uploads\/2019\/03\/saturateur-bois-1-486x486.png\" data-srcset=\"https:\/\/www.connexion-bois-direct.fr\/fr\/wp-content\/uploads\/2019\/03\/saturateur-bois-1-486x486.png 486w\" loading=\"eager\" style=\"--ratio: 486 \/ 486\" sizes=\"(max-width: 486px) 100vw, 486px\" alt=\"\" title=\"saturateur-bois-1\" width=\"486\" height=\"486\"  \/><\/a>\t<\/div>\n<\/div>\n\n\n<div class=\"post-entry-content\">\n\n\t<h3 class=\"entry-title\">\n\t\t<a href=\"https:\/\/www.connexion-bois-direct.fr\/fr\/saturateur-bois-environnement\/\" title=\"Saturateur Bois Environnement Naturel BLANCHON\" rel=\"bookmark\">Saturateur Bois Environnement Naturel BLANCHON<\/a>\n\t<\/h3>\n\n\t\n\t\n\t\n<a href=\"https:\/\/www.connexion-bois-direct.fr\/fr\/saturateur-bois-environnement\/\" class=\"post-details details-type-link\" aria-label=\"Read more about Saturateur Bois Environnement Naturel BLANCHON\">Voir le produit<i class=\"dt-icon-the7-arrow-03\" aria-hidden=\"true\"><\/i><\/a>\n\n<\/div><\/article><article class=\"post post-2474 type-post status-publish format-standard has-post-thumbnail hentry category-accessoires-de-terrasses category-entretien-bois category-33 category-52 description-off\" data-name=\"Saturateur Bois Environnement Exotique BLANCHON\" data-date=\"2019-10-26T11:00:35+02:00\">\n\n<div class=\"post-thumbnail-wrap\">\n\t<div class=\"post-thumbnail\">\n\t\t\n\t\t\n\t\t<a href=\"https:\/\/www.connexion-bois-direct.fr\/fr\/saturateur-bois-environnement-exotique-blanchon\/\" class=\"post-thumbnail-rollover layzr-bg\" ><img decoding=\"async\" class=\"preload-me owl-lazy-load aspect\" src=\"data:image\/svg+xml,%3Csvg%20xmlns%3D&#39;http%3A%2F%2Fwww.w3.org%2F2000%2Fsvg&#39;%20viewBox%3D&#39;0%200%20486%20486&#39;%2F%3E\" data-src=\"https:\/\/www.connexion-bois-direct.fr\/fr\/wp-content\/uploads\/2019\/03\/saturateur-bois-1-486x486.png\" data-srcset=\"https:\/\/www.connexion-bois-direct.fr\/fr\/wp-content\/uploads\/2019\/03\/saturateur-bois-1-486x486.png 486w\" loading=\"eager\" style=\"--ratio: 486 \/ 486\" sizes=\"(max-width: 486px) 100vw, 486px\" alt=\"\" title=\"saturateur-bois-1\" width=\"486\" height=\"486\"  \/><\/a>\t<\/div>\n<\/div>\n\n\n<div class=\"post-entry-content\">\n\n\t<h3 class=\"entry-title\">\n\t\t<a href=\"https:\/\/www.connexion-bois-direct.fr\/fr\/saturateur-bois-environnement-exotique-blanchon\/\" title=\"Saturateur Bois Environnement Exotique BLANCHON\" rel=\"bookmark\">Saturateur Bois Environnement Exotique BLANCHON<\/a>\n\t<\/h3>\n\n\t\n\t\n\t\n<a href=\"https:\/\/www.connexion-bois-direct.fr\/fr\/saturateur-bois-environnement-exotique-blanchon\/\" class=\"post-details details-type-link\" aria-label=\"Read more about Saturateur Bois Environnement Exotique BLANCHON\">Voir le produit<i class=\"dt-icon-the7-arrow-03\" aria-hidden=\"true\"><\/i><\/a>\n\n<\/div><\/article><article class=\"post post-1089 type-post status-publish format-standard has-post-thumbnail hentry category-accessoires-de-terrasses category-entretien-bois category-33 category-52 description-off\" data-name=\"D\u00e9griseur Bois BLANCHON\" data-date=\"2019-10-25T11:30:35+02:00\">\n\n<div class=\"post-thumbnail-wrap\">\n\t<div class=\"post-thumbnail\">\n\t\t\n\t\t\n\t\t<a href=\"https:\/\/www.connexion-bois-direct.fr\/fr\/degriseur-bois\/\" class=\"post-thumbnail-rollover layzr-bg\" ><img decoding=\"async\" class=\"preload-me owl-lazy-load aspect\" src=\"data:image\/svg+xml,%3Csvg%20xmlns%3D&#39;http%3A%2F%2Fwww.w3.org%2F2000%2Fsvg&#39;%20viewBox%3D&#39;0%200%20486%20486&#39;%2F%3E\" data-src=\"https:\/\/www.connexion-bois-direct.fr\/fr\/wp-content\/uploads\/2019\/03\/degriseur-bois-486x486.png\" data-srcset=\"https:\/\/www.connexion-bois-direct.fr\/fr\/wp-content\/uploads\/2019\/03\/degriseur-bois-486x486.png 486w\" loading=\"eager\" style=\"--ratio: 486 \/ 486\" sizes=\"(max-width: 486px) 100vw, 486px\" alt=\"\" title=\"degriseur-bois\" width=\"486\" height=\"486\"  \/><\/a>\t<\/div>\n<\/div>\n\n\n<div class=\"post-entry-content\">\n\n\t<h3 class=\"entry-title\">\n\t\t<a href=\"https:\/\/www.connexion-bois-direct.fr\/fr\/degriseur-bois\/\" title=\"D\u00e9griseur Bois BLANCHON\" rel=\"bookmark\">D\u00e9griseur Bois BLANCHON<\/a>\n\t<\/h3>\n\n\t\n\t\n\t\n<a href=\"https:\/\/www.connexion-bois-direct.fr\/fr\/degriseur-bois\/\" class=\"post-details details-type-link\" aria-label=\"Read more about D\u00e9griseur Bois BLANCHON\">Voir le produit<i class=\"dt-icon-the7-arrow-03\" aria-hidden=\"true\"><\/i><\/a>\n\n<\/div><\/article><article class=\"post post-1102 type-post status-publish format-standard has-post-thumbnail hentry category-accessoires-de-terrasses category-entretien-bois category-33 category-52 description-off\" data-name=\"Nettoyant Terrasses BLANCHON\" data-date=\"2019-10-24T11:20:30+02:00\">\n\n<div class=\"post-thumbnail-wrap\">\n\t<div class=\"post-thumbnail\">\n\t\t\n\t\t\n\t\t<a href=\"https:\/\/www.connexion-bois-direct.fr\/fr\/nettoyant-terrasses\/\" class=\"post-thumbnail-rollover layzr-bg\" ><img decoding=\"async\" class=\"preload-me owl-lazy-load aspect\" src=\"data:image\/svg+xml,%3Csvg%20xmlns%3D&#39;http%3A%2F%2Fwww.w3.org%2F2000%2Fsvg&#39;%20viewBox%3D&#39;0%200%20486%20486&#39;%2F%3E\" data-src=\"https:\/\/www.connexion-bois-direct.fr\/fr\/wp-content\/uploads\/2019\/03\/nettoyant-terrasses-486x486.png\" data-srcset=\"https:\/\/www.connexion-bois-direct.fr\/fr\/wp-content\/uploads\/2019\/03\/nettoyant-terrasses-486x486.png 486w\" loading=\"eager\" style=\"--ratio: 486 \/ 486\" sizes=\"(max-width: 486px) 100vw, 486px\" alt=\"\" title=\"nettoyant-terrasses\" width=\"486\" height=\"486\"  \/><\/a>\t<\/div>\n<\/div>\n\n\n<div class=\"post-entry-content\">\n\n\t<h3 class=\"entry-title\">\n\t\t<a href=\"https:\/\/www.connexion-bois-direct.fr\/fr\/nettoyant-terrasses\/\" title=\"Nettoyant Terrasses BLANCHON\" rel=\"bookmark\">Nettoyant Terrasses BLANCHON<\/a>\n\t<\/h3>\n\n\t\n\t\n\t\n<a href=\"https:\/\/www.connexion-bois-direct.fr\/fr\/nettoyant-terrasses\/\" class=\"post-details details-type-link\" aria-label=\"Read more about Nettoyant Terrasses BLANCHON\">Voir le produit<i class=\"dt-icon-the7-arrow-03\" aria-hidden=\"true\"><\/i><\/a>\n\n<\/div><\/article><article class=\"post post-1107 type-post status-publish format-standard has-post-thumbnail hentry category-accessoires-de-terrasses category-entretien-bois category-33 category-52 description-off\" data-name=\"Brosse 20 cm BLANCHON\" data-date=\"2019-10-23T11:10:36+02:00\">\n\n<div class=\"post-thumbnail-wrap\">\n\t<div class=\"post-thumbnail\">\n\t\t\n\t\t\n\t\t<a href=\"https:\/\/www.connexion-bois-direct.fr\/fr\/brosse-20-cm-clipsable\/\" class=\"post-thumbnail-rollover layzr-bg\" ><img decoding=\"async\" class=\"preload-me owl-lazy-load aspect\" src=\"data:image\/svg+xml,%3Csvg%20xmlns%3D&#39;http%3A%2F%2Fwww.w3.org%2F2000%2Fsvg&#39;%20viewBox%3D&#39;0%200%20486%20486&#39;%2F%3E\" data-src=\"https:\/\/www.connexion-bois-direct.fr\/fr\/wp-content\/uploads\/2019\/03\/bross-20-cm-clipsable-486x486.png\" data-srcset=\"https:\/\/www.connexion-bois-direct.fr\/fr\/wp-content\/uploads\/2019\/03\/bross-20-cm-clipsable-486x486.png 486w\" loading=\"eager\" style=\"--ratio: 486 \/ 486\" sizes=\"(max-width: 486px) 100vw, 486px\" alt=\"\" title=\"bross&#8211;20-cm-clipsable\" width=\"486\" height=\"486\"  \/><\/a>\t<\/div>\n<\/div>\n\n\n<div class=\"post-entry-content\">\n\n\t<h3 class=\"entry-title\">\n\t\t<a href=\"https:\/\/www.connexion-bois-direct.fr\/fr\/brosse-20-cm-clipsable\/\" title=\"Brosse 20 cm BLANCHON\" rel=\"bookmark\">Brosse 20 cm BLANCHON<\/a>\n\t<\/h3>\n\n\t\n\t\n\t\n<a href=\"https:\/\/www.connexion-bois-direct.fr\/fr\/brosse-20-cm-clipsable\/\" class=\"post-details details-type-link\" aria-label=\"Read more about Brosse 20 cm BLANCHON\">Voir le produit<i class=\"dt-icon-the7-arrow-03\" aria-hidden=\"true\"><\/i><\/a>\n\n<\/div><\/article><article class=\"post post-1114 type-post status-publish format-standard has-post-thumbnail hentry category-accessoires-de-terrasses category-entretien-bois category-33 category-52 description-off\" data-name=\"Perche BLANCHON\" data-date=\"2019-10-22T11:00:20+02:00\">\n\n<div class=\"post-thumbnail-wrap\">\n\t<div class=\"post-thumbnail\">\n\t\t\n\t\t\n\t\t<a href=\"https:\/\/www.connexion-bois-direct.fr\/fr\/perche-telescopique\/\" class=\"post-thumbnail-rollover layzr-bg\" ><img decoding=\"async\" class=\"preload-me owl-lazy-load aspect\" src=\"data:image\/svg+xml,%3Csvg%20xmlns%3D&#39;http%3A%2F%2Fwww.w3.org%2F2000%2Fsvg&#39;%20viewBox%3D&#39;0%200%20486%20486&#39;%2F%3E\" data-src=\"https:\/\/www.connexion-bois-direct.fr\/fr\/wp-content\/uploads\/2019\/03\/perche-telescopique-486x486.png\" data-srcset=\"https:\/\/www.connexion-bois-direct.fr\/fr\/wp-content\/uploads\/2019\/03\/perche-telescopique-486x486.png 486w\" loading=\"eager\" style=\"--ratio: 486 \/ 486\" sizes=\"(max-width: 486px) 100vw, 486px\" alt=\"\" title=\"perche-telescopique\" width=\"486\" height=\"486\"  \/><\/a>\t<\/div>\n<\/div>\n\n\n<div class=\"post-entry-content\">\n\n\t<h3 class=\"entry-title\">\n\t\t<a href=\"https:\/\/www.connexion-bois-direct.fr\/fr\/perche-telescopique\/\" title=\"Perche BLANCHON\" rel=\"bookmark\">Perche BLANCHON<\/a>\n\t<\/h3>\n\n\t\n\t\n\t\n<a href=\"https:\/\/www.connexion-bois-direct.fr\/fr\/perche-telescopique\/\" class=\"post-details details-type-link\" aria-label=\"Read more about Perche BLANCHON\">Voir le produit<i class=\"dt-icon-the7-arrow-03\" aria-hidden=\"true\"><\/i><\/a>\n\n<\/div><\/article><article class=\"post post-1118 type-post status-publish format-standard has-post-thumbnail hentry category-accessoires-de-terrasses category-entretien-bois category-33 category-52 description-off\" data-name=\"Cuvette ou seau BLANCHON\" data-date=\"2019-10-21T10:00:30+02:00\">\n\n<div class=\"post-thumbnail-wrap\">\n\t<div class=\"post-thumbnail\">\n\t\t\n\t\t\n\t\t<a href=\"https:\/\/www.connexion-bois-direct.fr\/fr\/cuvette-ou-seau-dune-capacite-de-5-l\/\" class=\"post-thumbnail-rollover layzr-bg\" ><img decoding=\"async\" class=\"preload-me owl-lazy-load aspect\" src=\"data:image\/svg+xml,%3Csvg%20xmlns%3D&#39;http%3A%2F%2Fwww.w3.org%2F2000%2Fsvg&#39;%20viewBox%3D&#39;0%200%20486%20486&#39;%2F%3E\" data-src=\"https:\/\/www.connexion-bois-direct.fr\/fr\/wp-content\/uploads\/2019\/03\/cuvette-seau-capacite-5-L-486x486.png\" data-srcset=\"https:\/\/www.connexion-bois-direct.fr\/fr\/wp-content\/uploads\/2019\/03\/cuvette-seau-capacite-5-L-486x486.png 486w\" loading=\"eager\" style=\"--ratio: 486 \/ 486\" sizes=\"(max-width: 486px) 100vw, 486px\" alt=\"\" title=\"cuvette&#8211;seau-capacite-5-L\" width=\"486\" height=\"486\"  \/><\/a>\t<\/div>\n<\/div>\n\n\n<div class=\"post-entry-content\">\n\n\t<h3 class=\"entry-title\">\n\t\t<a href=\"https:\/\/www.connexion-bois-direct.fr\/fr\/cuvette-ou-seau-dune-capacite-de-5-l\/\" title=\"Cuvette ou seau BLANCHON\" rel=\"bookmark\">Cuvette ou seau BLANCHON<\/a>\n\t<\/h3>\n\n\t\n\t\n\t\n<a href=\"https:\/\/www.connexion-bois-direct.fr\/fr\/cuvette-ou-seau-dune-capacite-de-5-l\/\" class=\"post-details details-type-link\" aria-label=\"Read more about Cuvette ou seau BLANCHON\">Voir le produit<i class=\"dt-icon-the7-arrow-03\" aria-hidden=\"true\"><\/i><\/a>\n\n<\/div><\/article><article class=\"post post-2125 type-post status-publish format-standard has-post-thumbnail hentry category-accessoires-de-terrasses category-eclairage category-33 category-58 description-off\" data-name=\"Set spots \u00e0 encastrer Birch  GARDEN LIGHTS\" data-date=\"2019-10-20T12:31:40+02:00\">\n\n<div class=\"post-thumbnail-wrap\">\n\t<div class=\"post-thumbnail\">\n\t\t\n\t\t\n\t\t<a href=\"https:\/\/www.connexion-bois-direct.fr\/fr\/birch-set\/\" class=\"post-thumbnail-rollover layzr-bg\" ><img decoding=\"async\" class=\"preload-me owl-lazy-load aspect\" src=\"data:image\/svg+xml,%3Csvg%20xmlns%3D&#39;http%3A%2F%2Fwww.w3.org%2F2000%2Fsvg&#39;%20viewBox%3D&#39;0%200%20486%20486&#39;%2F%3E\" data-src=\"https:\/\/www.connexion-bois-direct.fr\/fr\/wp-content\/uploads\/2020\/02\/birch_set_4057603_big_image-486x486.png\" data-srcset=\"https:\/\/www.connexion-bois-direct.fr\/fr\/wp-content\/uploads\/2020\/02\/birch_set_4057603_big_image-486x486.png 486w\" loading=\"eager\" style=\"--ratio: 486 \/ 486\" sizes=\"(max-width: 486px) 100vw, 486px\" alt=\"\" title=\"birch_set_4057603_big_image\" width=\"486\" height=\"486\"  \/><\/a>\t<\/div>\n<\/div>\n\n\n<div class=\"post-entry-content\">\n\n\t<h3 class=\"entry-title\">\n\t\t<a href=\"https:\/\/www.connexion-bois-direct.fr\/fr\/birch-set\/\" title=\"Set spots \u00e0 encastrer Birch  GARDEN LIGHTS\" rel=\"bookmark\">Set spots \u00e0 encastrer Birch  GARDEN LIGHTS<\/a>\n\t<\/h3>\n\n\t\n\t\n\t\n<a href=\"https:\/\/www.connexion-bois-direct.fr\/fr\/birch-set\/\" class=\"post-details details-type-link\" aria-label=\"Read more about Set spots \u00e0 encastrer Birch  GARDEN LIGHTS\">Voir le produit<i class=\"dt-icon-the7-arrow-03\" aria-hidden=\"true\"><\/i><\/a>\n\n<\/div><\/article><article class=\"post post-2132 type-post status-publish format-standard has-post-thumbnail hentry category-accessoires-de-terrasses category-eclairage category-33 category-58 description-off\" data-name=\"Spot Birch seul GARDEN LIGHTS\" data-date=\"2019-10-19T12:32:57+02:00\">\n\n<div class=\"post-thumbnail-wrap\">\n\t<div class=\"post-thumbnail\">\n\t\t\n\t\t\n\t\t<a href=\"https:\/\/www.connexion-bois-direct.fr\/fr\/birch\/\" class=\"post-thumbnail-rollover layzr-bg\" ><img decoding=\"async\" class=\"preload-me owl-lazy-load aspect\" src=\"data:image\/svg+xml,%3Csvg%20xmlns%3D&#39;http%3A%2F%2Fwww.w3.org%2F2000%2Fsvg&#39;%20viewBox%3D&#39;0%200%20486%20486&#39;%2F%3E\" data-src=\"https:\/\/www.connexion-bois-direct.fr\/fr\/wp-content\/uploads\/2020\/02\/birch_4057601_big_image-486x486.png\" data-srcset=\"https:\/\/www.connexion-bois-direct.fr\/fr\/wp-content\/uploads\/2020\/02\/birch_4057601_big_image-486x486.png 486w\" loading=\"eager\" style=\"--ratio: 486 \/ 486\" sizes=\"(max-width: 486px) 100vw, 486px\" alt=\"\" title=\"birch_4057601_big_image\" width=\"486\" height=\"486\"  \/><\/a>\t<\/div>\n<\/div>\n\n\n<div class=\"post-entry-content\">\n\n\t<h3 class=\"entry-title\">\n\t\t<a href=\"https:\/\/www.connexion-bois-direct.fr\/fr\/birch\/\" title=\"Spot Birch seul GARDEN LIGHTS\" rel=\"bookmark\">Spot Birch seul GARDEN LIGHTS<\/a>\n\t<\/h3>\n\n\t\n\t\n\t\n<a href=\"https:\/\/www.connexion-bois-direct.fr\/fr\/birch\/\" class=\"post-details details-type-link\" aria-label=\"Read more about Spot Birch seul GARDEN LIGHTS\">Voir le produit<i class=\"dt-icon-the7-arrow-03\" aria-hidden=\"true\"><\/i><\/a>\n\n<\/div><\/article><article class=\"post post-2135 type-post status-publish format-standard has-post-thumbnail hentry category-accessoires-de-terrasses category-eclairage category-33 category-58 description-off\" data-name=\"Set spots \u00e0 encastrer Larch GARDEN LIGHTS\" data-date=\"2019-10-18T12:34:01+02:00\">\n\n<div class=\"post-thumbnail-wrap\">\n\t<div class=\"post-thumbnail\">\n\t\t\n\t\t\n\t\t<a href=\"https:\/\/www.connexion-bois-direct.fr\/fr\/larch-set\/\" class=\"post-thumbnail-rollover layzr-bg\" ><img decoding=\"async\" class=\"preload-me owl-lazy-load aspect\" src=\"data:image\/svg+xml,%3Csvg%20xmlns%3D&#39;http%3A%2F%2Fwww.w3.org%2F2000%2Fsvg&#39;%20viewBox%3D&#39;0%200%20486%20486&#39;%2F%3E\" data-src=\"https:\/\/www.connexion-bois-direct.fr\/fr\/wp-content\/uploads\/2020\/02\/larch_set_4058603_big_image-486x486.png\" data-srcset=\"https:\/\/www.connexion-bois-direct.fr\/fr\/wp-content\/uploads\/2020\/02\/larch_set_4058603_big_image-486x486.png 486w\" loading=\"eager\" style=\"--ratio: 486 \/ 486\" sizes=\"(max-width: 486px) 100vw, 486px\" alt=\"\" title=\"larch_set_4058603_big_image\" width=\"486\" height=\"486\"  \/><\/a>\t<\/div>\n<\/div>\n\n\n<div class=\"post-entry-content\">\n\n\t<h3 class=\"entry-title\">\n\t\t<a href=\"https:\/\/www.connexion-bois-direct.fr\/fr\/larch-set\/\" title=\"Set spots \u00e0 encastrer Larch GARDEN LIGHTS\" rel=\"bookmark\">Set spots \u00e0 encastrer Larch GARDEN LIGHTS<\/a>\n\t<\/h3>\n\n\t\n\t\n\t\n<a href=\"https:\/\/www.connexion-bois-direct.fr\/fr\/larch-set\/\" class=\"post-details details-type-link\" aria-label=\"Read more about Set spots \u00e0 encastrer Larch GARDEN LIGHTS\">Voir le produit<i class=\"dt-icon-the7-arrow-03\" aria-hidden=\"true\"><\/i><\/a>\n\n<\/div><\/article><article class=\"post post-2138 type-post status-publish format-standard has-post-thumbnail hentry category-accessoires-de-terrasses category-eclairage category-33 category-58 description-off\" data-name=\"Spot Larch seul GARDEN LIGHTS\" data-date=\"2019-10-17T12:35:14+02:00\">\n\n<div class=\"post-thumbnail-wrap\">\n\t<div class=\"post-thumbnail\">\n\t\t\n\t\t\n\t\t<a href=\"https:\/\/www.connexion-bois-direct.fr\/fr\/larch\/\" class=\"post-thumbnail-rollover layzr-bg\" ><img decoding=\"async\" class=\"preload-me owl-lazy-load aspect\" src=\"data:image\/svg+xml,%3Csvg%20xmlns%3D&#39;http%3A%2F%2Fwww.w3.org%2F2000%2Fsvg&#39;%20viewBox%3D&#39;0%200%20486%20486&#39;%2F%3E\" data-src=\"https:\/\/www.connexion-bois-direct.fr\/fr\/wp-content\/uploads\/2020\/02\/larch_4058601_big_image-486x486.png\" data-srcset=\"https:\/\/www.connexion-bois-direct.fr\/fr\/wp-content\/uploads\/2020\/02\/larch_4058601_big_image-486x486.png 486w\" loading=\"eager\" style=\"--ratio: 486 \/ 486\" sizes=\"(max-width: 486px) 100vw, 486px\" alt=\"\" title=\"larch_4058601_big_image\" width=\"486\" height=\"486\"  \/><\/a>\t<\/div>\n<\/div>\n\n\n<div class=\"post-entry-content\">\n\n\t<h3 class=\"entry-title\">\n\t\t<a href=\"https:\/\/www.connexion-bois-direct.fr\/fr\/larch\/\" title=\"Spot Larch seul GARDEN LIGHTS\" rel=\"bookmark\">Spot Larch seul GARDEN LIGHTS<\/a>\n\t<\/h3>\n\n\t\n\t\n\t\n<a href=\"https:\/\/www.connexion-bois-direct.fr\/fr\/larch\/\" class=\"post-details details-type-link\" aria-label=\"Read more about Spot Larch seul GARDEN LIGHTS\">Voir le produit<i class=\"dt-icon-the7-arrow-03\" aria-hidden=\"true\"><\/i><\/a>\n\n<\/div><\/article><article class=\"post post-2141 type-post status-publish format-standard has-post-thumbnail hentry category-accessoires-de-terrasses category-eclairage category-33 category-58 description-off\" data-name=\"Set spots Alder GARDEN LIGHTS\" data-date=\"2019-10-16T12:36:54+02:00\">\n\n<div class=\"post-thumbnail-wrap\">\n\t<div class=\"post-thumbnail\">\n\t\t\n\t\t\n\t\t<a href=\"https:\/\/www.connexion-bois-direct.fr\/fr\/alder-set\/\" class=\"post-thumbnail-rollover layzr-bg\" ><img decoding=\"async\" class=\"preload-me owl-lazy-load aspect\" src=\"data:image\/svg+xml,%3Csvg%20xmlns%3D&#39;http%3A%2F%2Fwww.w3.org%2F2000%2Fsvg&#39;%20viewBox%3D&#39;0%200%20486%20486&#39;%2F%3E\" data-src=\"https:\/\/www.connexion-bois-direct.fr\/fr\/wp-content\/uploads\/2020\/02\/alder_set_2580063_big_image-486x486.png\" data-srcset=\"https:\/\/www.connexion-bois-direct.fr\/fr\/wp-content\/uploads\/2020\/02\/alder_set_2580063_big_image-486x486.png 486w\" loading=\"eager\" style=\"--ratio: 486 \/ 486\" sizes=\"(max-width: 486px) 100vw, 486px\" alt=\"\" title=\"alder_set_2580063_big_image\" width=\"486\" height=\"486\"  \/><\/a>\t<\/div>\n<\/div>\n\n\n<div class=\"post-entry-content\">\n\n\t<h3 class=\"entry-title\">\n\t\t<a href=\"https:\/\/www.connexion-bois-direct.fr\/fr\/alder-set\/\" title=\"Set spots Alder GARDEN LIGHTS\" rel=\"bookmark\">Set spots Alder GARDEN LIGHTS<\/a>\n\t<\/h3>\n\n\t\n\t\n\t\n<a href=\"https:\/\/www.connexion-bois-direct.fr\/fr\/alder-set\/\" class=\"post-details details-type-link\" aria-label=\"Read more about Set spots Alder GARDEN LIGHTS\">Voir le produit<i class=\"dt-icon-the7-arrow-03\" aria-hidden=\"true\"><\/i><\/a>\n\n<\/div><\/article><article class=\"post post-2144 type-post status-publish format-standard has-post-thumbnail hentry category-accessoires-de-terrasses category-eclairage category-33 category-58 description-off\" data-name=\"Spot Alder seul GARDEN LIGHTS\" data-date=\"2019-10-15T12:37:46+02:00\">\n\n<div class=\"post-thumbnail-wrap\">\n\t<div class=\"post-thumbnail\">\n\t\t\n\t\t\n\t\t<a href=\"https:\/\/www.connexion-bois-direct.fr\/fr\/alder\/\" class=\"post-thumbnail-rollover layzr-bg\" ><img decoding=\"async\" class=\"preload-me owl-lazy-load aspect\" src=\"data:image\/svg+xml,%3Csvg%20xmlns%3D&#39;http%3A%2F%2Fwww.w3.org%2F2000%2Fsvg&#39;%20viewBox%3D&#39;0%200%20486%20486&#39;%2F%3E\" data-src=\"https:\/\/www.connexion-bois-direct.fr\/fr\/wp-content\/uploads\/2020\/02\/alder_2580061_mic_big_image-486x486.png\" data-srcset=\"https:\/\/www.connexion-bois-direct.fr\/fr\/wp-content\/uploads\/2020\/02\/alder_2580061_mic_big_image-486x486.png 486w\" loading=\"eager\" style=\"--ratio: 486 \/ 486\" sizes=\"(max-width: 486px) 100vw, 486px\" alt=\"\" title=\"alder_2580061_mic_big_image\" width=\"486\" height=\"486\"  \/><\/a>\t<\/div>\n<\/div>\n\n\n<div class=\"post-entry-content\">\n\n\t<h3 class=\"entry-title\">\n\t\t<a href=\"https:\/\/www.connexion-bois-direct.fr\/fr\/alder\/\" title=\"Spot Alder seul GARDEN LIGHTS\" rel=\"bookmark\">Spot Alder seul GARDEN LIGHTS<\/a>\n\t<\/h3>\n\n\t\n\t\n\t\n<a href=\"https:\/\/www.connexion-bois-direct.fr\/fr\/alder\/\" class=\"post-details details-type-link\" aria-label=\"Read more about Spot Alder seul GARDEN LIGHTS\">Voir le produit<i class=\"dt-icon-the7-arrow-03\" aria-hidden=\"true\"><\/i><\/a>\n\n<\/div><\/article><article class=\"post post-4951 type-post status-publish format-standard has-post-thumbnail hentry category-accessoires-de-terrasses category-eclairage category-33 category-58 description-off\" data-name=\"Potelet Latina Garden lights\" data-date=\"2019-10-14T12:39:11+02:00\">\n\n<div class=\"post-thumbnail-wrap\">\n\t<div class=\"post-thumbnail\">\n\t\t\n\t\t\n\t\t<a href=\"https:\/\/www.connexion-bois-direct.fr\/fr\/potelet-latina-garden-lights\/\" class=\"post-thumbnail-rollover layzr-bg\" ><img decoding=\"async\" class=\"preload-me owl-lazy-load aspect\" src=\"data:image\/svg+xml,%3Csvg%20xmlns%3D&#39;http%3A%2F%2Fwww.w3.org%2F2000%2Fsvg&#39;%20viewBox%3D&#39;0%200%20768%20768&#39;%2F%3E\" data-src=\"https:\/\/www.connexion-bois-direct.fr\/fr\/wp-content\/uploads\/2022\/02\/latina1-768x768.jpg\" data-srcset=\"https:\/\/www.connexion-bois-direct.fr\/fr\/wp-content\/uploads\/2022\/02\/latina1-768x768.jpg 768w, https:\/\/www.connexion-bois-direct.fr\/fr\/wp-content\/uploads\/2022\/02\/latina1-1000x1000.jpg 1000w\" loading=\"eager\" style=\"--ratio: 768 \/ 768\" sizes=\"(max-width: 768px) 100vw, 768px\" alt=\"\" title=\"latina1\" width=\"768\" height=\"768\"  \/><\/a>\t<\/div>\n<\/div>\n\n\n<div class=\"post-entry-content\">\n\n\t<h3 class=\"entry-title\">\n\t\t<a href=\"https:\/\/www.connexion-bois-direct.fr\/fr\/potelet-latina-garden-lights\/\" title=\"Potelet Latina Garden lights\" rel=\"bookmark\">Potelet Latina Garden lights<\/a>\n\t<\/h3>\n\n\t\n\t\n\t\n<a href=\"https:\/\/www.connexion-bois-direct.fr\/fr\/potelet-latina-garden-lights\/\" class=\"post-details details-type-link\" aria-label=\"Read more about Potelet Latina Garden lights\">Voir le produit<i class=\"dt-icon-the7-arrow-03\" aria-hidden=\"true\"><\/i><\/a>\n\n<\/div><\/article><article class=\"post post-2147 type-post status-publish format-standard has-post-thumbnail hentry category-accessoires-de-terrasses category-eclairage category-33 category-58 description-off\" data-name=\"Spot Flood 12 GARDEN LIGHTS\" data-date=\"2019-10-14T12:38:55+02:00\">\n\n<div class=\"post-thumbnail-wrap\">\n\t<div class=\"post-thumbnail\">\n\t\t\n\t\t\n\t\t<a href=\"https:\/\/www.connexion-bois-direct.fr\/fr\/flood-12\/\" class=\"post-thumbnail-rollover layzr-bg\" ><img decoding=\"async\" class=\"preload-me owl-lazy-load aspect\" src=\"data:image\/svg+xml,%3Csvg%20xmlns%3D&#39;http%3A%2F%2Fwww.w3.org%2F2000%2Fsvg&#39;%20viewBox%3D&#39;0%200%20486%20486&#39;%2F%3E\" data-src=\"https:\/\/www.connexion-bois-direct.fr\/fr\/wp-content\/uploads\/2020\/02\/flood_12_9508011_big_image-486x486.png\" data-srcset=\"https:\/\/www.connexion-bois-direct.fr\/fr\/wp-content\/uploads\/2020\/02\/flood_12_9508011_big_image-486x486.png 486w\" loading=\"eager\" style=\"--ratio: 486 \/ 486\" sizes=\"(max-width: 486px) 100vw, 486px\" alt=\"\" title=\"flood_12_9508011_big_image\" width=\"486\" height=\"486\"  \/><\/a>\t<\/div>\n<\/div>\n\n\n<div class=\"post-entry-content\">\n\n\t<h3 class=\"entry-title\">\n\t\t<a href=\"https:\/\/www.connexion-bois-direct.fr\/fr\/flood-12\/\" title=\"Spot Flood 12 GARDEN LIGHTS\" rel=\"bookmark\">Spot Flood 12 GARDEN LIGHTS<\/a>\n\t<\/h3>\n\n\t\n\t\n\t\n<a href=\"https:\/\/www.connexion-bois-direct.fr\/fr\/flood-12\/\" class=\"post-details details-type-link\" aria-label=\"Read more about Spot Flood 12 GARDEN LIGHTS\">Voir le produit<i class=\"dt-icon-the7-arrow-03\" aria-hidden=\"true\"><\/i><\/a>\n\n<\/div><\/article><article class=\"post post-2150 type-post status-publish format-standard has-post-thumbnail hentry category-accessoires-de-terrasses category-eclairage category-33 category-58 description-off\" data-name=\"T\u00e9l\u00e9commande + R\u00e9cepteur GARDEN LIGHTS\" data-date=\"2019-10-13T12:39:49+02:00\">\n\n<div class=\"post-thumbnail-wrap\">\n\t<div class=\"post-thumbnail\">\n\t\t\n\t\t\n\t\t<a href=\"https:\/\/www.connexion-bois-direct.fr\/fr\/telecommande-recepteur\/\" class=\"post-thumbnail-rollover layzr-bg\" ><img decoding=\"async\" class=\"preload-me owl-lazy-load aspect\" src=\"data:image\/svg+xml,%3Csvg%20xmlns%3D&#39;http%3A%2F%2Fwww.w3.org%2F2000%2Fsvg&#39;%20viewBox%3D&#39;0%200%20486%20486&#39;%2F%3E\" data-src=\"https:\/\/www.connexion-bois-direct.fr\/fr\/wp-content\/uploads\/2020\/02\/receiver_remote_6148011_big_image-486x486.png\" data-srcset=\"https:\/\/www.connexion-bois-direct.fr\/fr\/wp-content\/uploads\/2020\/02\/receiver_remote_6148011_big_image-486x486.png 486w\" loading=\"eager\" style=\"--ratio: 486 \/ 486\" sizes=\"(max-width: 486px) 100vw, 486px\" alt=\"\" title=\"receiver_remote_6148011_big_image\" width=\"486\" height=\"486\"  \/><\/a>\t<\/div>\n<\/div>\n\n\n<div class=\"post-entry-content\">\n\n\t<h3 class=\"entry-title\">\n\t\t<a href=\"https:\/\/www.connexion-bois-direct.fr\/fr\/telecommande-recepteur\/\" title=\"T\u00e9l\u00e9commande + R\u00e9cepteur GARDEN LIGHTS\" rel=\"bookmark\">T\u00e9l\u00e9commande + R\u00e9cepteur GARDEN LIGHTS<\/a>\n\t<\/h3>\n\n\t\n\t\n\t\n<a href=\"https:\/\/www.connexion-bois-direct.fr\/fr\/telecommande-recepteur\/\" class=\"post-details details-type-link\" aria-label=\"Read more about T\u00e9l\u00e9commande + R\u00e9cepteur GARDEN LIGHTS\">Voir le produit<i class=\"dt-icon-the7-arrow-03\" aria-hidden=\"true\"><\/i><\/a>\n\n<\/div><\/article><article class=\"post post-4944 type-post status-publish format-standard has-post-thumbnail hentry category-accessoires-de-terrasses category-eclairage category-33 category-58 description-off\" data-name=\"R\u00e9cepteur Smartphone Garden Lights\" data-date=\"2019-10-13T10:41:50+02:00\">\n\n<div class=\"post-thumbnail-wrap\">\n\t<div class=\"post-thumbnail\">\n\t\t\n\t\t\n\t\t<a href=\"https:\/\/www.connexion-bois-direct.fr\/fr\/recepteur-smartphone\/\" class=\"post-thumbnail-rollover layzr-bg\" ><img decoding=\"async\" class=\"preload-me owl-lazy-load aspect\" src=\"data:image\/svg+xml,%3Csvg%20xmlns%3D&#39;http%3A%2F%2Fwww.w3.org%2F2000%2Fsvg&#39;%20viewBox%3D&#39;0%200%20768%20768&#39;%2F%3E\" data-src=\"https:\/\/www.connexion-bois-direct.fr\/fr\/wp-content\/uploads\/2022\/02\/garden-light-gallery-deck-light-app-warm-white-768x768.jpg\" data-srcset=\"https:\/\/www.connexion-bois-direct.fr\/fr\/wp-content\/uploads\/2022\/02\/garden-light-gallery-deck-light-app-warm-white-768x768.jpg 768w, https:\/\/www.connexion-bois-direct.fr\/fr\/wp-content\/uploads\/2022\/02\/garden-light-gallery-deck-light-app-warm-white-1152x1152.jpg 1152w\" loading=\"eager\" style=\"--ratio: 768 \/ 768\" sizes=\"(max-width: 768px) 100vw, 768px\" alt=\"\" title=\"garden-light-gallery-deck-light-app-warm-white\" width=\"768\" height=\"768\"  \/><\/a>\t<\/div>\n<\/div>\n\n\n<div class=\"post-entry-content\">\n\n\t<h3 class=\"entry-title\">\n\t\t<a href=\"https:\/\/www.connexion-bois-direct.fr\/fr\/recepteur-smartphone\/\" title=\"R\u00e9cepteur Smartphone Garden Lights\" rel=\"bookmark\">R\u00e9cepteur Smartphone Garden Lights<\/a>\n\t<\/h3>\n\n\t\n\t\n\t\n<a href=\"https:\/\/www.connexion-bois-direct.fr\/fr\/recepteur-smartphone\/\" class=\"post-details details-type-link\" aria-label=\"Read more about R\u00e9cepteur Smartphone Garden Lights\">Voir le produit<i class=\"dt-icon-the7-arrow-03\" aria-hidden=\"true\"><\/i><\/a>\n\n<\/div><\/article><article class=\"post post-2155 type-post status-publish format-standard has-post-thumbnail hentry category-accessoires-de-terrasses category-eclairage category-33 category-58 description-off\" data-name=\"R\u00e9cepteur GARDEN LIGHTS\" data-date=\"2019-10-12T12:41:18+02:00\">\n\n<div class=\"post-thumbnail-wrap\">\n\t<div class=\"post-thumbnail\">\n\t\t\n\t\t\n\t\t<a href=\"https:\/\/www.connexion-bois-direct.fr\/fr\/recepteur\/\" class=\"post-thumbnail-rollover layzr-bg\" ><img decoding=\"async\" class=\"preload-me owl-lazy-load aspect\" src=\"data:image\/svg+xml,%3Csvg%20xmlns%3D&#39;http%3A%2F%2Fwww.w3.org%2F2000%2Fsvg&#39;%20viewBox%3D&#39;0%200%20486%20486&#39;%2F%3E\" data-src=\"https:\/\/www.connexion-bois-direct.fr\/fr\/wp-content\/uploads\/2020\/02\/receiver_6149011_big_image-486x486.png\" data-srcset=\"https:\/\/www.connexion-bois-direct.fr\/fr\/wp-content\/uploads\/2020\/02\/receiver_6149011_big_image-486x486.png 486w\" loading=\"eager\" style=\"--ratio: 486 \/ 486\" sizes=\"(max-width: 486px) 100vw, 486px\" alt=\"\" title=\"receiver_6149011_big_image\" width=\"486\" height=\"486\"  \/><\/a>\t<\/div>\n<\/div>\n\n\n<div class=\"post-entry-content\">\n\n\t<h3 class=\"entry-title\">\n\t\t<a href=\"https:\/\/www.connexion-bois-direct.fr\/fr\/recepteur\/\" title=\"R\u00e9cepteur GARDEN LIGHTS\" rel=\"bookmark\">R\u00e9cepteur GARDEN LIGHTS<\/a>\n\t<\/h3>\n\n\t\n\t\n\t\n<a href=\"https:\/\/www.connexion-bois-direct.fr\/fr\/recepteur\/\" class=\"post-details details-type-link\" aria-label=\"Read more about R\u00e9cepteur GARDEN LIGHTS\">Voir le produit<i class=\"dt-icon-the7-arrow-03\" aria-hidden=\"true\"><\/i><\/a>\n\n<\/div><\/article><article class=\"post post-2158 type-post status-publish format-standard has-post-thumbnail hentry category-accessoires-de-terrasses category-eclairage category-33 category-58 description-off\" data-name=\"C\u00e2ble 10 m\u00e8tres 4 connecteurs GARDEN LIGHTS\" data-date=\"2019-10-11T12:42:22+02:00\">\n\n<div class=\"post-thumbnail-wrap\">\n\t<div class=\"post-thumbnail\">\n\t\t\n\t\t\n\t\t<a href=\"https:\/\/www.connexion-bois-direct.fr\/fr\/cable-10-metres-4-connecteurs\/\" class=\"post-thumbnail-rollover layzr-bg\" ><img decoding=\"async\" class=\"preload-me owl-lazy-load aspect\" src=\"data:image\/svg+xml,%3Csvg%20xmlns%3D&#39;http%3A%2F%2Fwww.w3.org%2F2000%2Fsvg&#39;%20viewBox%3D&#39;0%200%20486%20486&#39;%2F%3E\" data-src=\"https:\/\/www.connexion-bois-direct.fr\/fr\/wp-content\/uploads\/2020\/02\/cable_10m_6007011_big_image-486x486.png\" data-srcset=\"https:\/\/www.connexion-bois-direct.fr\/fr\/wp-content\/uploads\/2020\/02\/cable_10m_6007011_big_image-486x486.png 486w\" loading=\"eager\" style=\"--ratio: 486 \/ 486\" sizes=\"(max-width: 486px) 100vw, 486px\" alt=\"\" title=\"cable_10m_6007011_big_image\" width=\"486\" height=\"486\"  \/><\/a>\t<\/div>\n<\/div>\n\n\n<div class=\"post-entry-content\">\n\n\t<h3 class=\"entry-title\">\n\t\t<a href=\"https:\/\/www.connexion-bois-direct.fr\/fr\/cable-10-metres-4-connecteurs\/\" title=\"C\u00e2ble 10 m\u00e8tres 4 connecteurs GARDEN LIGHTS\" rel=\"bookmark\">C\u00e2ble 10 m\u00e8tres 4 connecteurs GARDEN LIGHTS<\/a>\n\t<\/h3>\n\n\t\n\t\n\t\n<a href=\"https:\/\/www.connexion-bois-direct.fr\/fr\/cable-10-metres-4-connecteurs\/\" class=\"post-details details-type-link\" aria-label=\"Read more about C\u00e2ble 10 m\u00e8tres 4 connecteurs GARDEN LIGHTS\">Voir le produit<i class=\"dt-icon-the7-arrow-03\" aria-hidden=\"true\"><\/i><\/a>\n\n<\/div><\/article><article class=\"post post-2161 type-post status-publish format-standard has-post-thumbnail hentry category-accessoires-de-terrasses category-eclairage category-33 category-58 description-off\" data-name=\"R\u00e9partiteur de c\u00e2bles GARDEN LIGHTS\" data-date=\"2019-10-10T12:43:19+02:00\">\n\n<div class=\"post-thumbnail-wrap\">\n\t<div class=\"post-thumbnail\">\n\t\t\n\t\t\n\t\t<a href=\"https:\/\/www.connexion-bois-direct.fr\/fr\/repartiteur-de-cables\/\" class=\"post-thumbnail-rollover layzr-bg\" ><img decoding=\"async\" class=\"preload-me owl-lazy-load aspect\" src=\"data:image\/svg+xml,%3Csvg%20xmlns%3D&#39;http%3A%2F%2Fwww.w3.org%2F2000%2Fsvg&#39;%20viewBox%3D&#39;0%200%20486%20486&#39;%2F%3E\" data-src=\"https:\/\/www.connexion-bois-direct.fr\/fr\/wp-content\/uploads\/2020\/02\/cable_divider_6006011_big_image-486x486.png\" data-srcset=\"https:\/\/www.connexion-bois-direct.fr\/fr\/wp-content\/uploads\/2020\/02\/cable_divider_6006011_big_image-486x486.png 486w\" loading=\"eager\" style=\"--ratio: 486 \/ 486\" sizes=\"(max-width: 486px) 100vw, 486px\" alt=\"\" title=\"cable_divider_6006011_big_image\" width=\"486\" height=\"486\"  \/><\/a>\t<\/div>\n<\/div>\n\n\n<div class=\"post-entry-content\">\n\n\t<h3 class=\"entry-title\">\n\t\t<a href=\"https:\/\/www.connexion-bois-direct.fr\/fr\/repartiteur-de-cables\/\" title=\"R\u00e9partiteur de c\u00e2bles GARDEN LIGHTS\" rel=\"bookmark\">R\u00e9partiteur de c\u00e2bles GARDEN LIGHTS<\/a>\n\t<\/h3>\n\n\t\n\t\n\t\n<a href=\"https:\/\/www.connexion-bois-direct.fr\/fr\/repartiteur-de-cables\/\" class=\"post-details details-type-link\" aria-label=\"Read more about R\u00e9partiteur de c\u00e2bles GARDEN LIGHTS\">Voir le produit<i class=\"dt-icon-the7-arrow-03\" aria-hidden=\"true\"><\/i><\/a>\n\n<\/div><\/article><article class=\"post post-2164 type-post status-publish format-standard has-post-thumbnail hentry category-accessoires-de-terrasses category-eclairage category-33 category-58 description-off\" data-name=\"Transfo 60w GARDEN LIGHTS\" data-date=\"2019-10-09T12:44:57+02:00\">\n\n<div class=\"post-thumbnail-wrap\">\n\t<div class=\"post-thumbnail\">\n\t\t\n\t\t\n\t\t<a href=\"https:\/\/www.connexion-bois-direct.fr\/fr\/transfo-60w\/\" class=\"post-thumbnail-rollover layzr-bg\" ><img decoding=\"async\" class=\"preload-me owl-lazy-load aspect\" src=\"data:image\/svg+xml,%3Csvg%20xmlns%3D&#39;http%3A%2F%2Fwww.w3.org%2F2000%2Fsvg&#39;%20viewBox%3D&#39;0%200%20486%20486&#39;%2F%3E\" data-src=\"https:\/\/www.connexion-bois-direct.fr\/fr\/wp-content\/uploads\/2020\/02\/60w_trafo_6210011_new__big_image-486x486.png\" data-srcset=\"https:\/\/www.connexion-bois-direct.fr\/fr\/wp-content\/uploads\/2020\/02\/60w_trafo_6210011_new__big_image-486x486.png 486w\" loading=\"eager\" style=\"--ratio: 486 \/ 486\" sizes=\"(max-width: 486px) 100vw, 486px\" alt=\"\" title=\"60w_trafo_6210011_new__big_image\" width=\"486\" height=\"486\"  \/><\/a>\t<\/div>\n<\/div>\n\n\n<div class=\"post-entry-content\">\n\n\t<h3 class=\"entry-title\">\n\t\t<a href=\"https:\/\/www.connexion-bois-direct.fr\/fr\/transfo-60w\/\" title=\"Transfo 60w GARDEN LIGHTS\" rel=\"bookmark\">Transfo 60w GARDEN LIGHTS<\/a>\n\t<\/h3>\n\n\t\n\t\n\t\n<a href=\"https:\/\/www.connexion-bois-direct.fr\/fr\/transfo-60w\/\" class=\"post-details details-type-link\" aria-label=\"Read more about Transfo 60w GARDEN LIGHTS\">Voir le produit<i class=\"dt-icon-the7-arrow-03\" aria-hidden=\"true\"><\/i><\/a>\n\n<\/div><\/article><\/div>[\/vc_column][\/vc_row][vc_row bg_type=\u00a0\u00bbbg_color\u00a0\u00bb bg_override=\u00a0\u00bbex-full\u00a0\u00bb css=\u00a0\u00bb.vc_custom_1608034851530{padding-top: 70px !important;padding-bottom: 50px !important;}\u00a0\u00bb bg_color_value=\u00a0\u00bb#f3f3f3&Prime;][vc_column css=\u00a0\u00bb.vc_custom_1553087885757{margin-top: -20px !important;}\u00a0\u00bb]<div id=\"ultimate-heading-124169eee63554b62\" class=\"uvc-heading ult-adjust-bottom-margin ultimate-heading-124169eee63554b62 uvc-4566 accent-border-color\" data-hspacer=\"no_spacer\"  data-halign=\"center\" style=\"text-align:center\"><div class=\"uvc-heading-spacer no_spacer\" style=\"top\"><\/div><div class=\"uvc-main-heading ult-responsive\"  data-ultimate-target='.uvc-heading.ultimate-heading-124169eee63554b62 h2'  data-responsive-json-new='{\"font-size\":\"desktop:70px;\",\"line-height\":\"desktop:80px;\"}' ><h2 style=\"font-weight:bold;color:#000000;\">LES ESSENCES<\/h2><\/div><div class=\"uvc-sub-heading ult-responsive\"  data-ultimate-target='.uvc-heading.ultimate-heading-124169eee63554b62 .uvc-sub-heading '  data-responsive-json-new='{\"font-size\":\"desktop:30px;\",\"line-height\":\"desktop:40px;\"}'  style=\"font-weight:normal;color:#000000;\">une large gamme de lames pour toutes vos envies<\/div><\/div>[vc_column_text el_class=\u00a0\u00bblienspec\u00a0\u00bb]<\/p>\n<p style=\"text-align: center;\"><strong><a href=\"https:\/\/www.connexion-bois-direct.fr\/fr\/terrasses\/\">Voir toutes nos lames de terrasse<\/a><\/strong><\/p>\n<p>[\/vc_column_text][\/vc_column][\/vc_row][vc_row bg_type=\u00a0\u00bbbg_color\u00a0\u00bb bg_override=\u00a0\u00bbex-full\u00a0\u00bb bg_color_value=\u00a0\u00bb#f3f3f3&Prime; css=\u00a0\u00bb.vc_custom_1608039199661{padding-bottom: 100px !important;}\u00a0\u00bb][vc_column]<style type=\"text\/css\" data-type=\"the7_shortcodes-inline-css\">.blog-carousel-shortcode.blog-carousel-shortcode-id-84d9cd15132618d361b86ad3abdbd300.dividers-on.classic-layout-list article {\n  padding-top: 0;\n}\n.blog-carousel-shortcode.blog-carousel-shortcode-id-84d9cd15132618d361b86ad3abdbd300.dividers-on.classic-layout-list article:first-of-type {\n  margin-top: 0;\n  padding-top: 0;\n}\n.blog-carousel-shortcode.blog-carousel-shortcode-id-84d9cd15132618d361b86ad3abdbd300.classic-layout-list.mode-list .post-entry-content {\n  width: calc(100% - );\n}\n.blog-carousel-shortcode.blog-carousel-shortcode-id-84d9cd15132618d361b86ad3abdbd300.classic-layout-list.mode-list .no-img .post-entry-content {\n  width: 100%;\n}\n.blog-carousel-shortcode.blog-carousel-shortcode-id-84d9cd15132618d361b86ad3abdbd300 .filter-bg-decoration .filter-categories a.act {\n  color: #fff;\n}\n.blog-carousel-shortcode.blog-carousel-shortcode-id-84d9cd15132618d361b86ad3abdbd300:not(.mode-masonry) article:first-of-type,\n.blog-carousel-shortcode.blog-carousel-shortcode-id-84d9cd15132618d361b86ad3abdbd300:not(.mode-masonry) article.visible.first:not(.product) {\n  margin-top: 0;\n}\n.blog-carousel-shortcode.blog-carousel-shortcode-id-84d9cd15132618d361b86ad3abdbd300.dividers-on:not(.mode-masonry) article {\n  margin-top: 0;\n}\n.blog-carousel-shortcode.blog-carousel-shortcode-id-84d9cd15132618d361b86ad3abdbd300.dividers-on:not(.mode-masonry) article:first-of-type,\n.blog-carousel-shortcode.blog-carousel-shortcode-id-84d9cd15132618d361b86ad3abdbd300.dividers-on:not(.mode-masonry) article.visible.first:not(.product) {\n  margin-top: 0;\n  padding-top: 0;\n}\n.blog-carousel-shortcode.blog-carousel-shortcode-id-84d9cd15132618d361b86ad3abdbd300 .post-thumbnail-wrap {\n  padding: 0px 0px 0px 0px;\n}\n.blog-carousel-shortcode.blog-carousel-shortcode-id-84d9cd15132618d361b86ad3abdbd300.enable-bg-rollover .post-thumbnail-rollover:after {\n  background: -webkit-linear-gradient();\n  background: linear-gradient();\n}\n.blog-carousel-shortcode.blog-carousel-shortcode-id-84d9cd15132618d361b86ad3abdbd300 .gallery-zoom-ico {\n  width: 44px;\n  height: 44px;\n  line-height: 44px;\n  border-radius: 100px;\n  margin: -22px 0 0 -22px;\n  border-width: 0px;\n  color: #ffffff;\n  background: none;\n}\n.bottom-overlap-layout-list.blog-carousel-shortcode.blog-carousel-shortcode-id-84d9cd15132618d361b86ad3abdbd300 .gallery-zoom-ico {\n  margin-top: -72px;\n}\n.gradient-overlay-layout-list.blog-carousel-shortcode.blog-carousel-shortcode-id-84d9cd15132618d361b86ad3abdbd300 .gallery-zoom-ico,\n.content-rollover-layout-list.blog-carousel-shortcode.blog-carousel-shortcode-id-84d9cd15132618d361b86ad3abdbd300 .gallery-zoom-ico {\n  margin: 0 0 10px;\n}\n.content-align-center.gradient-overlay-layout-list.blog-carousel-shortcode.blog-carousel-shortcode-id-84d9cd15132618d361b86ad3abdbd300 .gallery-zoom-ico,\n.content-align-center.content-rollover-layout-list.blog-carousel-shortcode.blog-carousel-shortcode-id-84d9cd15132618d361b86ad3abdbd300 .gallery-zoom-ico {\n  margin: 0 auto 10px;\n}\n.dt-icon-bg-on.blog-carousel-shortcode.blog-carousel-shortcode-id-84d9cd15132618d361b86ad3abdbd300 .gallery-zoom-ico {\n  background: rgba(255,255,255,0.3);\n  box-shadow: none;\n}\n.blog-carousel-shortcode.blog-carousel-shortcode-id-84d9cd15132618d361b86ad3abdbd300 .gallery-zoom-ico > span,\n.blog-carousel-shortcode.blog-carousel-shortcode-id-84d9cd15132618d361b86ad3abdbd300 .gallery-zoom-ico:before {\n  font-size: 32px;\n  line-height: 44px;\n}\n.blog-carousel-shortcode.blog-carousel-shortcode-id-84d9cd15132618d361b86ad3abdbd300 .gallery-zoom-ico > span,\n.blog-carousel-shortcode.blog-carousel-shortcode-id-84d9cd15132618d361b86ad3abdbd300 .gallery-zoom-ico:before {\n  color: #ffffff;\n  background: none;\n}\n.blog-carousel-shortcode.blog-carousel-shortcode-id-84d9cd15132618d361b86ad3abdbd300 .entry-title,\n.blog-carousel-shortcode.blog-carousel-shortcode-id-84d9cd15132618d361b86ad3abdbd300.owl-carousel .entry-title {\n  margin-bottom: 5px;\n  font-size: 15px;\n  font-weight: bold;\n}\n.blog-carousel-shortcode.blog-carousel-shortcode-id-84d9cd15132618d361b86ad3abdbd300 .entry-meta {\n  margin-bottom: 15px;\n}\n.blog-carousel-shortcode.blog-carousel-shortcode-id-84d9cd15132618d361b86ad3abdbd300 .portfolio-categories {\n  margin-bottom: 15px;\n}\n.blog-carousel-shortcode.blog-carousel-shortcode-id-84d9cd15132618d361b86ad3abdbd300 .entry-excerpt {\n  margin-bottom: 5px;\n}\n.blog-carousel-shortcode.blog-carousel-shortcode-id-84d9cd15132618d361b86ad3abdbd300:not(.centered-layout-list) .post-entry-content {\n  padding: 15px 20px 20px 20px;\n}\n.blog-carousel-shortcode.blog-carousel-shortcode-id-84d9cd15132618d361b86ad3abdbd300:not(.centered-layout-list):not(.content-bg-on):not(.mode-list) .no-img .post-entry-content {\n  padding: 0;\n}\n@media screen and (max-width: ) {\n  .blog-carousel-shortcode.blog-carousel-shortcode-id-84d9cd15132618d361b86ad3abdbd300 article {\n    -ms-flex-flow: column nowrap;\n    flex-flow: column nowrap;\n    margin-top: 20px;\n  }\n  .blog-carousel-shortcode.blog-carousel-shortcode-id-84d9cd15132618d361b86ad3abdbd300.dividers-on article {\n    border: none;\n  }\n  .blog-carousel-shortcode.blog-carousel-shortcode-id-84d9cd15132618d361b86ad3abdbd300.content-bg-on.centered-layout-list article {\n    padding: 0;\n  }\n  .blog-carousel-shortcode.blog-carousel-shortcode-id-84d9cd15132618d361b86ad3abdbd300.blog-shortcode.dividers-on article,\n  .blog-carousel-shortcode.blog-carousel-shortcode-id-84d9cd15132618d361b86ad3abdbd300.dividers-on.classic-layout-list article {\n    margin-top: 20px;\n    padding: 0;\n  }\n  .blog-carousel-shortcode.blog-carousel-shortcode-id-84d9cd15132618d361b86ad3abdbd300.blog-shortcode.dividers-on article:first-of-type,\n  .blog-carousel-shortcode.blog-carousel-shortcode-id-84d9cd15132618d361b86ad3abdbd300.dividers-on.classic-layout-list article:first-of-type {\n    padding: 0;\n  }\n  #page .blog-carousel-shortcode.blog-carousel-shortcode-id-84d9cd15132618d361b86ad3abdbd300 .post-thumbnail-wrap,\n  #page .blog-carousel-shortcode.blog-carousel-shortcode-id-84d9cd15132618d361b86ad3abdbd300 .post-entry-content {\n    width: 100%;\n    margin: 0;\n    top: 0;\n  }\n  #page .blog-carousel-shortcode.blog-carousel-shortcode-id-84d9cd15132618d361b86ad3abdbd300 .post-thumbnail-wrap {\n    padding: 0;\n  }\n  #page .blog-carousel-shortcode.blog-carousel-shortcode-id-84d9cd15132618d361b86ad3abdbd300 .post-entry-content:after {\n    display: none;\n  }\n  #page .blog-carousel-shortcode.blog-carousel-shortcode-id-84d9cd15132618d361b86ad3abdbd300 .project-even .post-thumbnail-wrap,\n  #page .blog-carousel-shortcode.blog-carousel-shortcode-id-84d9cd15132618d361b86ad3abdbd300.centered-layout-list .post-thumbnail-wrap {\n    -ms-flex-order: 0;\n    order: 0;\n  }\n  #page .blog-carousel-shortcode.blog-carousel-shortcode-id-84d9cd15132618d361b86ad3abdbd300.centered-layout-list .post-entry-title-content {\n    -ms-flex-order: 1;\n    order: 1;\n    width: 100%;\n    padding: 20px 20px 0;\n  }\n  #page .blog-carousel-shortcode.blog-carousel-shortcode-id-84d9cd15132618d361b86ad3abdbd300.centered-layout-list .post-entry-content {\n    -ms-flex-order: 2;\n    order: 2;\n    padding-top: 0;\n  }\n  #page .blog-carousel-shortcode.blog-carousel-shortcode-id-84d9cd15132618d361b86ad3abdbd300 .fancy-categories {\n    top: 10px;\n    left: 10px;\n    bottom: auto;\n    right: auto;\n  }\n  #page .blog-carousel-shortcode.blog-carousel-shortcode-id-84d9cd15132618d361b86ad3abdbd300 .fancy-date a {\n    top: 10px;\n    right: 10px;\n    left: auto;\n    bottom: auto;\n  }\n  #page .blog-carousel-shortcode.blog-carousel-shortcode-id-84d9cd15132618d361b86ad3abdbd300 .post-entry-content {\n    padding: 20px;\n  }\n  #page .blog-carousel-shortcode.blog-carousel-shortcode-id-84d9cd15132618d361b86ad3abdbd300 .entry-title {\n    margin: 3px 0 5px;\n    font-size: 20px;\n    font-size: 15px;\n    line-height: 26px;\n  }\n  #page .blog-carousel-shortcode.blog-carousel-shortcode-id-84d9cd15132618d361b86ad3abdbd300 .entry-meta {\n    margin: 5px 0 5px;\n  }\n  #page .blog-carousel-shortcode.blog-carousel-shortcode-id-84d9cd15132618d361b86ad3abdbd300 .entry-excerpt {\n    margin: 15px 0 0;\n  }\n  #page .blog-carousel-shortcode.blog-carousel-shortcode-id-84d9cd15132618d361b86ad3abdbd300 .post-details {\n    margin: 5px 0 10px;\n  }\n  #page .blog-carousel-shortcode.blog-carousel-shortcode-id-84d9cd15132618d361b86ad3abdbd300 .post-details.details-type-link {\n    margin-bottom: 2px;\n  }\n}\n.blog-carousel-shortcode.blog-carousel-shortcode-id-84d9cd15132618d361b86ad3abdbd300.owl-carousel .owl-nav div {\n  width: 36px;\n  height: 36px;\n  border-radius: 500px;\n}\n.dt-arrow-border-on.blog-carousel-shortcode.blog-carousel-shortcode-id-84d9cd15132618d361b86ad3abdbd300.owl-carousel .owl-nav div:not(:hover):before {\n  border-width: 0px;\n}\n.dt-arrow-hover-border-on.blog-carousel-shortcode.blog-carousel-shortcode-id-84d9cd15132618d361b86ad3abdbd300.owl-carousel .owl-nav div:hover:after {\n  border-width: 0px;\n}\n.blog-carousel-shortcode.blog-carousel-shortcode-id-84d9cd15132618d361b86ad3abdbd300.owl-carousel .owl-nav div.owl-prev {\n  top: 50%;\n  transform: translateY(calc(-50% + -50px));\n  left: -43px;\n}\n@media all and (-ms-high-contrast: none) {\n  .blog-carousel-shortcode.blog-carousel-shortcode-id-84d9cd15132618d361b86ad3abdbd300.owl-carousel .owl-nav div.owl-prev {\n    transform: translateY(-50%);\n    margin-top: -50px;\n  }\n}\n.blog-carousel-shortcode.blog-carousel-shortcode-id-84d9cd15132618d361b86ad3abdbd300.owl-carousel .owl-nav div.owl-prev i {\n  padding: 0px 0px 0px 0px;\n}\n.blog-carousel-shortcode.blog-carousel-shortcode-id-84d9cd15132618d361b86ad3abdbd300.owl-carousel .owl-nav div.owl-next {\n  top: 50%;\n  transform: translateY(calc(-50% + -50px));\n  right: -43px;\n}\n@media all and (-ms-high-contrast: none) {\n  .blog-carousel-shortcode.blog-carousel-shortcode-id-84d9cd15132618d361b86ad3abdbd300.owl-carousel .owl-nav div.owl-next {\n    transform: translateY(-50%);\n    margin-top: -50px;\n  }\n}\n.blog-carousel-shortcode.blog-carousel-shortcode-id-84d9cd15132618d361b86ad3abdbd300.owl-carousel .owl-nav div.owl-next i {\n  padding: 0px 0px 0px 0px;\n}\n.blog-carousel-shortcode.blog-carousel-shortcode-id-84d9cd15132618d361b86ad3abdbd300.owl-carousel .owl-nav i {\n  font-size: 18px;\n}\n.blog-carousel-shortcode.blog-carousel-shortcode-id-84d9cd15132618d361b86ad3abdbd300.owl-carousel .owl-nav div:not(:hover) i,\n.blog-carousel-shortcode.blog-carousel-shortcode-id-84d9cd15132618d361b86ad3abdbd300.owl-carousel .owl-nav div:not(:hover) i:before {\n  color: #000000;\n  background: none;\n}\n.blog-carousel-shortcode.blog-carousel-shortcode-id-84d9cd15132618d361b86ad3abdbd300.owl-carousel .owl-nav div:hover i,\n.blog-carousel-shortcode.blog-carousel-shortcode-id-84d9cd15132618d361b86ad3abdbd300.owl-carousel .owl-nav div:hover i:before {\n  color: rgba(0,0,0,0.75);\n  background: none;\n}\n.blog-carousel-shortcode.blog-carousel-shortcode-id-84d9cd15132618d361b86ad3abdbd300 .owl-dots {\n  top: calc(100% + 20px);\n  left: 50%;\n  transform: translateX(calc(-50% + 0px));\n}\n@media all and (-ms-high-contrast: none) {\n  .blog-carousel-shortcode.blog-carousel-shortcode-id-84d9cd15132618d361b86ad3abdbd300 .owl-dots {\n    transform: translateX(-50%);\n    margin-left: 0px;\n  }\n}\n.blog-carousel-shortcode.blog-carousel-shortcode-id-84d9cd15132618d361b86ad3abdbd300 .owl-dot {\n  width: 10px;\n  height: 10px;\n  margin: 0 8px;\n}\n@media screen and (max-width: 778px) {\n  .blog-carousel-shortcode.blog-carousel-shortcode-id-84d9cd15132618d361b86ad3abdbd300.hide-arrows .owl-nav a {\n    display: none;\n  }\n}\n@media screen and (max-width: 778px) {\n  .blog-carousel-shortcode.blog-carousel-shortcode-id-84d9cd15132618d361b86ad3abdbd300.reposition-arrows .owl-nav .owl-prev {\n    top: 50%;\n    transform: translateY(calc(-50% + -50px));\n    left: 10px;\n  }\n  .blog-carousel-shortcode.blog-carousel-shortcode-id-84d9cd15132618d361b86ad3abdbd300.reposition-arrows .owl-nav .owl-next {\n    top: 50%;\n    transform: translateY(calc(-50% + -50px));\n    right: 10px;\n  }\n}\n@media screen and (max-width: 778px) and all and (-ms-high-contrast: none) {\n  .blog-carousel-shortcode.blog-carousel-shortcode-id-84d9cd15132618d361b86ad3abdbd300.reposition-arrows .owl-nav .owl-prev {\n    transform: translateY(-50%);\n    margin-top: -50px;\n  }\n}\n@media screen and (max-width: 778px) and all and (-ms-high-contrast: none) {\n  .blog-carousel-shortcode.blog-carousel-shortcode-id-84d9cd15132618d361b86ad3abdbd300.reposition-arrows .owl-nav .owl-next {\n    transform: translateY(-50%);\n    margin-top: -50px;\n  }\n}\n<\/style><div class=\"owl-carousel blog-carousel-shortcode dt-owl-carousel-call blog-carousel-shortcode-id-84d9cd15132618d361b86ad3abdbd300 content-align-center classic-layout-list scale-img dt-icon-bg-off dt-arrow-border-on meta-info-off bullets-small-dot-stroke reposition-arrows arrows-bg-off disable-arrows-hover-bg arrows-hover-bg-off  \" data-scroll-mode=\"1\" data-col-num=\"3\" data-wide-col-num=\"4\" data-laptop-col=\"3\" data-h-tablet-columns-num=\"3\" data-v-tablet-columns-num=\"2\" data-phone-columns-num=\"1\" data-auto-height=\"true\" data-col-gap=\"30\" data-stage-padding=\"0\" data-speed=\"600\" data-autoplay=\"true\" data-autoplay_speed=\"6000\" data-arrows=\"true\" data-bullet=\"false\" data-next-icon=\"icon-ar-017-r\" data-prev-icon=\"icon-ar-017-l\"><article class=\"post post-7758 type-post status-publish format-standard has-post-thumbnail hentry category-terrasses category-36 description-off\" data-name=\"Terrasse TALI\" data-date=\"2026-03-26T11:40:09+01:00\">\n\n<div class=\"post-thumbnail-wrap\">\n\t<div class=\"post-thumbnail\">\n\t\t\n\t\t\n\t\t<a href=\"https:\/\/www.connexion-bois-direct.fr\/fr\/terrasse-tali\/\" class=\"post-thumbnail-rollover layzr-bg\" ><img decoding=\"async\" class=\"preload-me owl-lazy-load aspect\" src=\"data:image\/svg+xml,%3Csvg%20xmlns%3D&#39;http%3A%2F%2Fwww.w3.org%2F2000%2Fsvg&#39;%20viewBox%3D&#39;0%200%20700%20700&#39;%2F%3E\" data-src=\"https:\/\/www.connexion-bois-direct.fr\/fr\/wp-content\/uploads\/2026\/03\/home-tali-700x700.jpg\" data-srcset=\"https:\/\/www.connexion-bois-direct.fr\/fr\/wp-content\/uploads\/2026\/03\/home-tali-700x700.jpg 700w\" loading=\"eager\" style=\"--ratio: 700 \/ 700\" sizes=\"(max-width: 700px) 100vw, 700px\" alt=\"\" title=\"home-tali\" width=\"700\" height=\"700\"  \/><\/a>\t<\/div>\n<\/div>\n\n\n<div class=\"post-entry-content\">\n\n\t<h3 class=\"entry-title\">\n\t\t<a href=\"https:\/\/www.connexion-bois-direct.fr\/fr\/terrasse-tali\/\" title=\"Terrasse TALI\" rel=\"bookmark\">Terrasse TALI<\/a>\n\t<\/h3>\n\n\t\n\t\n\t\n<a href=\"https:\/\/www.connexion-bois-direct.fr\/fr\/terrasse-tali\/\" class=\"post-details details-type-link\" aria-label=\"Read more about Terrasse TALI\">Voir l'essence<i class=\"dt-icon-the7-arrow-03\" aria-hidden=\"true\"><\/i><\/a>\n\n<\/div><\/article><article class=\"post post-7585 type-post status-publish format-standard has-post-thumbnail hentry category-terrasses category-36 description-off\" data-name=\"Terrasse BANGKIRAI\" data-date=\"2025-10-23T15:40:03+02:00\">\n\n<div class=\"post-thumbnail-wrap\">\n\t<div class=\"post-thumbnail\">\n\t\t\n\t\t\n\t\t<a href=\"https:\/\/www.connexion-bois-direct.fr\/fr\/terrasse-bangkirai\/\" class=\"post-thumbnail-rollover layzr-bg\" ><img decoding=\"async\" class=\"preload-me owl-lazy-load aspect\" src=\"data:image\/svg+xml,%3Csvg%20xmlns%3D&#39;http%3A%2F%2Fwww.w3.org%2F2000%2Fsvg&#39;%20viewBox%3D&#39;0%200%20750%20750&#39;%2F%3E\" data-src=\"https:\/\/www.connexion-bois-direct.fr\/fr\/wp-content\/uploads\/2025\/10\/Terrasse-bangkirai-couv-750x750.jpg\" data-srcset=\"https:\/\/www.connexion-bois-direct.fr\/fr\/wp-content\/uploads\/2025\/10\/Terrasse-bangkirai-couv-750x750.jpg 750w\" loading=\"eager\" style=\"--ratio: 750 \/ 750\" sizes=\"(max-width: 750px) 100vw, 750px\" alt=\"Terrasse BANGKIRAI\" title=\"Terrasse BANGKIRAI\" width=\"750\" height=\"750\"  \/><\/a>\t<\/div>\n<\/div>\n\n\n<div class=\"post-entry-content\">\n\n\t<h3 class=\"entry-title\">\n\t\t<a href=\"https:\/\/www.connexion-bois-direct.fr\/fr\/terrasse-bangkirai\/\" title=\"Terrasse BANGKIRAI\" rel=\"bookmark\">Terrasse BANGKIRAI<\/a>\n\t<\/h3>\n\n\t\n\t\n\t\n<a href=\"https:\/\/www.connexion-bois-direct.fr\/fr\/terrasse-bangkirai\/\" class=\"post-details details-type-link\" aria-label=\"Read more about Terrasse BANGKIRAI\">Voir l'essence<i class=\"dt-icon-the7-arrow-03\" aria-hidden=\"true\"><\/i><\/a>\n\n<\/div><\/article><article class=\"post post-7559 type-post status-publish format-standard has-post-thumbnail hentry category-terrasses category-36 description-off\" data-name=\"Terrasse MASSARANDUBA\" data-date=\"2025-10-23T15:25:16+02:00\">\n\n<div class=\"post-thumbnail-wrap\">\n\t<div class=\"post-thumbnail\">\n\t\t\n\t\t\n\t\t<a href=\"https:\/\/www.connexion-bois-direct.fr\/fr\/terrasse-massaranduba\/\" class=\"post-thumbnail-rollover layzr-bg\" ><img decoding=\"async\" class=\"preload-me owl-lazy-load aspect\" src=\"data:image\/svg+xml,%3Csvg%20xmlns%3D&#39;http%3A%2F%2Fwww.w3.org%2F2000%2Fsvg&#39;%20viewBox%3D&#39;0%200%20750%20750&#39;%2F%3E\" data-src=\"https:\/\/www.connexion-bois-direct.fr\/fr\/wp-content\/uploads\/2025\/10\/Terrasse-massaranduba-couv-750x750.jpg\" data-srcset=\"https:\/\/www.connexion-bois-direct.fr\/fr\/wp-content\/uploads\/2025\/10\/Terrasse-massaranduba-couv-750x750.jpg 750w\" loading=\"eager\" style=\"--ratio: 750 \/ 750\" sizes=\"(max-width: 750px) 100vw, 750px\" alt=\"Terrasse Massaranduba\" title=\"Terrasse Massaranduba\" width=\"750\" height=\"750\"  \/><\/a>\t<\/div>\n<\/div>\n\n\n<div class=\"post-entry-content\">\n\n\t<h3 class=\"entry-title\">\n\t\t<a href=\"https:\/\/www.connexion-bois-direct.fr\/fr\/terrasse-massaranduba\/\" title=\"Terrasse MASSARANDUBA\" rel=\"bookmark\">Terrasse MASSARANDUBA<\/a>\n\t<\/h3>\n\n\t\n\t\n\t\n<a href=\"https:\/\/www.connexion-bois-direct.fr\/fr\/terrasse-massaranduba\/\" class=\"post-details details-type-link\" aria-label=\"Read more about Terrasse MASSARANDUBA\">Voir l'essence<i class=\"dt-icon-the7-arrow-03\" aria-hidden=\"true\"><\/i><\/a>\n\n<\/div><\/article><article class=\"post post-7525 type-post status-publish format-standard has-post-thumbnail hentry category-terrasses category-36 description-off\" data-name=\"Terrasse MERBAU\" data-date=\"2025-10-23T15:23:56+02:00\">\n\n<div class=\"post-thumbnail-wrap\">\n\t<div class=\"post-thumbnail\">\n\t\t\n\t\t\n\t\t<a href=\"https:\/\/www.connexion-bois-direct.fr\/fr\/terrasse-merbau\/\" class=\"post-thumbnail-rollover layzr-bg\" ><img decoding=\"async\" class=\"preload-me owl-lazy-load aspect\" src=\"data:image\/svg+xml,%3Csvg%20xmlns%3D&#39;http%3A%2F%2Fwww.w3.org%2F2000%2Fsvg&#39;%20viewBox%3D&#39;0%200%20750%20750&#39;%2F%3E\" data-src=\"https:\/\/www.connexion-bois-direct.fr\/fr\/wp-content\/uploads\/2025\/10\/terrasse-merbau-couv-750x750.jpg\" data-srcset=\"https:\/\/www.connexion-bois-direct.fr\/fr\/wp-content\/uploads\/2025\/10\/terrasse-merbau-couv-750x750.jpg 750w\" loading=\"eager\" style=\"--ratio: 750 \/ 750\" sizes=\"(max-width: 750px) 100vw, 750px\" alt=\"Terrasse Merbau\" title=\"Terrasse Merbau\" width=\"750\" height=\"750\"  \/><\/a>\t<\/div>\n<\/div>\n\n\n<div class=\"post-entry-content\">\n\n\t<h3 class=\"entry-title\">\n\t\t<a href=\"https:\/\/www.connexion-bois-direct.fr\/fr\/terrasse-merbau\/\" title=\"Terrasse MERBAU\" rel=\"bookmark\">Terrasse MERBAU<\/a>\n\t<\/h3>\n\n\t\n\t\n\t\n<a href=\"https:\/\/www.connexion-bois-direct.fr\/fr\/terrasse-merbau\/\" class=\"post-details details-type-link\" aria-label=\"Read more about Terrasse MERBAU\">Voir l'essence<i class=\"dt-icon-the7-arrow-03\" aria-hidden=\"true\"><\/i><\/a>\n\n<\/div><\/article><article class=\"post post-7474 type-post status-publish format-standard has-post-thumbnail hentry category-terrasses category-36 description-off\" data-name=\"Terrasse TECK\" data-date=\"2025-10-23T14:58:28+02:00\">\n\n<div class=\"post-thumbnail-wrap\">\n\t<div class=\"post-thumbnail\">\n\t\t\n\t\t\n\t\t<a href=\"https:\/\/www.connexion-bois-direct.fr\/fr\/terrasse-teck\/\" class=\"post-thumbnail-rollover layzr-bg\" ><img decoding=\"async\" class=\"preload-me owl-lazy-load aspect\" src=\"data:image\/svg+xml,%3Csvg%20xmlns%3D&#39;http%3A%2F%2Fwww.w3.org%2F2000%2Fsvg&#39;%20viewBox%3D&#39;0%200%20750%20750&#39;%2F%3E\" data-src=\"https:\/\/www.connexion-bois-direct.fr\/fr\/wp-content\/uploads\/2025\/10\/terrasse-teck-couv-750x750.jpg\" data-srcset=\"https:\/\/www.connexion-bois-direct.fr\/fr\/wp-content\/uploads\/2025\/10\/terrasse-teck-couv-750x750.jpg 750w\" loading=\"eager\" style=\"--ratio: 750 \/ 750\" sizes=\"(max-width: 750px) 100vw, 750px\" alt=\"\" title=\"terrasse-teck-couv\" width=\"750\" height=\"750\"  \/><\/a>\t<\/div>\n<\/div>\n\n\n<div class=\"post-entry-content\">\n\n\t<h3 class=\"entry-title\">\n\t\t<a href=\"https:\/\/www.connexion-bois-direct.fr\/fr\/terrasse-teck\/\" title=\"Terrasse TECK\" rel=\"bookmark\">Terrasse TECK<\/a>\n\t<\/h3>\n\n\t\n\t\n\t\n<a href=\"https:\/\/www.connexion-bois-direct.fr\/fr\/terrasse-teck\/\" class=\"post-details details-type-link\" aria-label=\"Read more about Terrasse TECK\">Voir l'essence<i class=\"dt-icon-the7-arrow-03\" aria-hidden=\"true\"><\/i><\/a>\n\n<\/div><\/article><article class=\"post post-7175 type-post status-publish format-standard has-post-thumbnail hentry category-terrasses category-36 description-off\" data-name=\"Terrasse BAMBOU\" data-date=\"2025-01-21T12:51:29+01:00\">\n\n<div class=\"post-thumbnail-wrap\">\n\t<div class=\"post-thumbnail\">\n\t\t\n\t\t\n\t\t<a href=\"https:\/\/www.connexion-bois-direct.fr\/fr\/lame-terrasse-bambou\/\" class=\"post-thumbnail-rollover layzr-bg\" ><img decoding=\"async\" class=\"preload-me owl-lazy-load aspect\" src=\"data:image\/svg+xml,%3Csvg%20xmlns%3D&#39;http%3A%2F%2Fwww.w3.org%2F2000%2Fsvg&#39;%20viewBox%3D&#39;0%200%20608%20608&#39;%2F%3E\" data-src=\"https:\/\/www.connexion-bois-direct.fr\/fr\/wp-content\/uploads\/2025\/01\/bambou-slide-7-608x608.jpg\" data-srcset=\"https:\/\/www.connexion-bois-direct.fr\/fr\/wp-content\/uploads\/2025\/01\/bambou-slide-7-608x608.jpg 608w\" loading=\"eager\" style=\"--ratio: 608 \/ 608\" sizes=\"(max-width: 608px) 100vw, 608px\" alt=\"\" title=\"bambou-slide-7\" width=\"608\" height=\"608\"  \/><\/a>\t<\/div>\n<\/div>\n\n\n<div class=\"post-entry-content\">\n\n\t<h3 class=\"entry-title\">\n\t\t<a href=\"https:\/\/www.connexion-bois-direct.fr\/fr\/lame-terrasse-bambou\/\" title=\"Terrasse BAMBOU\" rel=\"bookmark\">Terrasse BAMBOU<\/a>\n\t<\/h3>\n\n\t\n\t\n\t\n<a href=\"https:\/\/www.connexion-bois-direct.fr\/fr\/lame-terrasse-bambou\/\" class=\"post-details details-type-link\" aria-label=\"Read more about Terrasse BAMBOU\">Voir l'essence<i class=\"dt-icon-the7-arrow-03\" aria-hidden=\"true\"><\/i><\/a>\n\n<\/div><\/article><article class=\"post post-5381 type-post status-publish format-standard has-post-thumbnail hentry category-terrasses category-36 description-off\" data-name=\"Terrasse HEARTWOOD\" data-date=\"2022-10-11T15:04:13+02:00\">\n\n<div class=\"post-thumbnail-wrap\">\n\t<div class=\"post-thumbnail\">\n\t\t\n\t\t\n\t\t<a href=\"https:\/\/www.connexion-bois-direct.fr\/fr\/terrasse-heartwood\/\" class=\"post-thumbnail-rollover layzr-bg\" ><img decoding=\"async\" class=\"preload-me owl-lazy-load aspect\" src=\"data:image\/svg+xml,%3Csvg%20xmlns%3D&#39;http%3A%2F%2Fwww.w3.org%2F2000%2Fsvg&#39;%20viewBox%3D&#39;0%200%20750%20750&#39;%2F%3E\" data-src=\"https:\/\/www.connexion-bois-direct.fr\/fr\/wp-content\/uploads\/2022\/10\/heartwood-a-la-une-750x750.jpg\" data-srcset=\"https:\/\/www.connexion-bois-direct.fr\/fr\/wp-content\/uploads\/2022\/10\/heartwood-a-la-une-750x750.jpg 750w\" loading=\"eager\" style=\"--ratio: 750 \/ 750\" sizes=\"(max-width: 750px) 100vw, 750px\" alt=\"\" title=\"heartwood-a-la-une\" width=\"750\" height=\"750\"  \/><\/a>\t<\/div>\n<\/div>\n\n\n<div class=\"post-entry-content\">\n\n\t<h3 class=\"entry-title\">\n\t\t<a href=\"https:\/\/www.connexion-bois-direct.fr\/fr\/terrasse-heartwood\/\" title=\"Terrasse HEARTWOOD\" rel=\"bookmark\">Terrasse HEARTWOOD<\/a>\n\t<\/h3>\n\n\t\n\t\n\t\n<a href=\"https:\/\/www.connexion-bois-direct.fr\/fr\/terrasse-heartwood\/\" class=\"post-details details-type-link\" aria-label=\"Read more about Terrasse HEARTWOOD\">Voir l'essence<i class=\"dt-icon-the7-arrow-03\" aria-hidden=\"true\"><\/i><\/a>\n\n<\/div><\/article><article class=\"post post-4834 type-post status-publish format-standard has-post-thumbnail hentry category-terrasses category-36 description-off\" data-name=\"Terrasse Niove\" data-date=\"2022-02-04T16:38:46+01:00\">\n\n<div class=\"post-thumbnail-wrap\">\n\t<div class=\"post-thumbnail\">\n\t\t\n\t\t\n\t\t<a href=\"https:\/\/www.connexion-bois-direct.fr\/fr\/terrasse-niove\/\" class=\"post-thumbnail-rollover layzr-bg\" ><img decoding=\"async\" class=\"preload-me owl-lazy-load aspect\" src=\"data:image\/svg+xml,%3Csvg%20xmlns%3D&#39;http%3A%2F%2Fwww.w3.org%2F2000%2Fsvg&#39;%20viewBox%3D&#39;0%200%20750%20750&#39;%2F%3E\" data-src=\"https:\/\/www.connexion-bois-direct.fr\/fr\/wp-content\/uploads\/2022\/02\/niove-a-la-une-750x750.jpg\" data-srcset=\"https:\/\/www.connexion-bois-direct.fr\/fr\/wp-content\/uploads\/2022\/02\/niove-a-la-une-750x750.jpg 750w\" loading=\"eager\" style=\"--ratio: 750 \/ 750\" sizes=\"(max-width: 750px) 100vw, 750px\" alt=\"\" title=\"niove-a-la-une\" width=\"750\" height=\"750\"  \/><\/a>\t<\/div>\n<\/div>\n\n\n<div class=\"post-entry-content\">\n\n\t<h3 class=\"entry-title\">\n\t\t<a href=\"https:\/\/www.connexion-bois-direct.fr\/fr\/terrasse-niove\/\" title=\"Terrasse Niove\" rel=\"bookmark\">Terrasse Niove<\/a>\n\t<\/h3>\n\n\t\n\t\n\t\n<a href=\"https:\/\/www.connexion-bois-direct.fr\/fr\/terrasse-niove\/\" class=\"post-details details-type-link\" aria-label=\"Read more about Terrasse Niove\">Voir l'essence<i class=\"dt-icon-the7-arrow-03\" aria-hidden=\"true\"><\/i><\/a>\n\n<\/div><\/article><article class=\"post post-4135 type-post status-publish format-standard has-post-thumbnail hentry category-terrasses category-36 description-off\" data-name=\"Dalle EXOTIQUE\" data-date=\"2021-02-12T17:01:06+01:00\">\n\n<div class=\"post-thumbnail-wrap\">\n\t<div class=\"post-thumbnail\">\n\t\t\n\t\t\n\t\t<a href=\"https:\/\/www.connexion-bois-direct.fr\/fr\/dalle-exotique\/\" class=\"post-thumbnail-rollover layzr-bg\" ><img decoding=\"async\" class=\"preload-me owl-lazy-load aspect\" src=\"data:image\/svg+xml,%3Csvg%20xmlns%3D&#39;http%3A%2F%2Fwww.w3.org%2F2000%2Fsvg&#39;%20viewBox%3D&#39;0%200%20750%20750&#39;%2F%3E\" data-src=\"https:\/\/www.connexion-bois-direct.fr\/fr\/wp-content\/uploads\/2021\/02\/Dalle-EXOTIQUE-mise-en-avant-750x750.jpg\" data-srcset=\"https:\/\/www.connexion-bois-direct.fr\/fr\/wp-content\/uploads\/2021\/02\/Dalle-EXOTIQUE-mise-en-avant-750x750.jpg 750w\" loading=\"eager\" style=\"--ratio: 750 \/ 750\" sizes=\"(max-width: 750px) 100vw, 750px\" alt=\"\" title=\"Dalle-EXOTIQUE-mise-en-avant\" width=\"750\" height=\"750\"  \/><\/a>\t<\/div>\n<\/div>\n\n\n<div class=\"post-entry-content\">\n\n\t<h3 class=\"entry-title\">\n\t\t<a href=\"https:\/\/www.connexion-bois-direct.fr\/fr\/dalle-exotique\/\" title=\"Dalle EXOTIQUE\" rel=\"bookmark\">Dalle EXOTIQUE<\/a>\n\t<\/h3>\n\n\t\n\t\n\t\n<a href=\"https:\/\/www.connexion-bois-direct.fr\/fr\/dalle-exotique\/\" class=\"post-details details-type-link\" aria-label=\"Read more about Dalle EXOTIQUE\">Voir l'essence<i class=\"dt-icon-the7-arrow-03\" aria-hidden=\"true\"><\/i><\/a>\n\n<\/div><\/article><article class=\"post post-3353 type-post status-publish format-standard has-post-thumbnail hentry category-terrasses category-36 description-off\" data-name=\"Terrasse M\u00c9L\u00c8ZE\" data-date=\"2021-01-14T10:58:25+01:00\">\n\n<div class=\"post-thumbnail-wrap\">\n\t<div class=\"post-thumbnail\">\n\t\t\n\t\t\n\t\t<a href=\"https:\/\/www.connexion-bois-direct.fr\/fr\/terrasse-meleze\/\" class=\"post-thumbnail-rollover layzr-bg\" ><img decoding=\"async\" class=\"preload-me owl-lazy-load aspect\" src=\"data:image\/svg+xml,%3Csvg%20xmlns%3D&#39;http%3A%2F%2Fwww.w3.org%2F2000%2Fsvg&#39;%20viewBox%3D&#39;0%200%20750%20750&#39;%2F%3E\" data-src=\"https:\/\/www.connexion-bois-direct.fr\/fr\/wp-content\/uploads\/2021\/01\/terrasse-meleze-page-750x750.jpg\" data-srcset=\"https:\/\/www.connexion-bois-direct.fr\/fr\/wp-content\/uploads\/2021\/01\/terrasse-meleze-page-750x750.jpg 750w\" loading=\"eager\" style=\"--ratio: 750 \/ 750\" sizes=\"(max-width: 750px) 100vw, 750px\" alt=\"\" title=\"terrasse-meleze-page\" width=\"750\" height=\"750\"  \/><\/a>\t<\/div>\n<\/div>\n\n\n<div class=\"post-entry-content\">\n\n\t<h3 class=\"entry-title\">\n\t\t<a href=\"https:\/\/www.connexion-bois-direct.fr\/fr\/terrasse-meleze\/\" title=\"Terrasse M\u00c9L\u00c8ZE\" rel=\"bookmark\">Terrasse M\u00c9L\u00c8ZE<\/a>\n\t<\/h3>\n\n\t\n\t\n\t\n<a href=\"https:\/\/www.connexion-bois-direct.fr\/fr\/terrasse-meleze\/\" class=\"post-details details-type-link\" aria-label=\"Read more about Terrasse M\u00c9L\u00c8ZE\">Voir l'essence<i class=\"dt-icon-the7-arrow-03\" aria-hidden=\"true\"><\/i><\/a>\n\n<\/div><\/article><article class=\"post post-3324 type-post status-publish format-standard has-post-thumbnail hentry category-terrasses category-36 description-off\" data-name=\"Terrasse DOUGLAS\" data-date=\"2021-01-14T10:18:22+01:00\">\n\n<div class=\"post-thumbnail-wrap\">\n\t<div class=\"post-thumbnail\">\n\t\t\n\t\t\n\t\t<a href=\"https:\/\/www.connexion-bois-direct.fr\/fr\/terrasse-douglas\/\" class=\"post-thumbnail-rollover layzr-bg\" ><img decoding=\"async\" class=\"preload-me owl-lazy-load aspect\" src=\"data:image\/svg+xml,%3Csvg%20xmlns%3D&#39;http%3A%2F%2Fwww.w3.org%2F2000%2Fsvg&#39;%20viewBox%3D&#39;0%200%20750%20750&#39;%2F%3E\" data-src=\"https:\/\/www.connexion-bois-direct.fr\/fr\/wp-content\/uploads\/2021\/01\/terrasse-douglas-page-750x750.jpg\" data-srcset=\"https:\/\/www.connexion-bois-direct.fr\/fr\/wp-content\/uploads\/2021\/01\/terrasse-douglas-page-750x750.jpg 750w\" loading=\"eager\" style=\"--ratio: 750 \/ 750\" sizes=\"(max-width: 750px) 100vw, 750px\" alt=\"\" title=\"terrasse-douglas-page\" width=\"750\" height=\"750\"  \/><\/a>\t<\/div>\n<\/div>\n\n\n<div class=\"post-entry-content\">\n\n\t<h3 class=\"entry-title\">\n\t\t<a href=\"https:\/\/www.connexion-bois-direct.fr\/fr\/terrasse-douglas\/\" title=\"Terrasse DOUGLAS\" rel=\"bookmark\">Terrasse DOUGLAS<\/a>\n\t<\/h3>\n\n\t\n\t\n\t\n<a href=\"https:\/\/www.connexion-bois-direct.fr\/fr\/terrasse-douglas\/\" class=\"post-details details-type-link\" aria-label=\"Read more about Terrasse DOUGLAS\">Voir l'essence<i class=\"dt-icon-the7-arrow-03\" aria-hidden=\"true\"><\/i><\/a>\n\n<\/div><\/article><article class=\"post post-1342 type-post status-publish format-standard has-post-thumbnail hentry category-terrasses category-36 description-off\" data-name=\"Terrasse IP\u00c9\" data-date=\"2019-11-25T12:16:13+01:00\">\n\n<div class=\"post-thumbnail-wrap\">\n\t<div class=\"post-thumbnail\">\n\t\t\n\t\t\n\t\t<a href=\"https:\/\/www.connexion-bois-direct.fr\/fr\/terrasse-ipe\/\" class=\"post-thumbnail-rollover layzr-bg\" ><img decoding=\"async\" class=\"preload-me owl-lazy-load aspect\" src=\"data:image\/svg+xml,%3Csvg%20xmlns%3D&#39;http%3A%2F%2Fwww.w3.org%2F2000%2Fsvg&#39;%20viewBox%3D&#39;0%200%20750%20750&#39;%2F%3E\" data-src=\"https:\/\/www.connexion-bois-direct.fr\/fr\/wp-content\/uploads\/2019\/03\/ipe3-750x750.jpg\" data-srcset=\"https:\/\/www.connexion-bois-direct.fr\/fr\/wp-content\/uploads\/2019\/03\/ipe3-750x750.jpg 750w\" loading=\"eager\" style=\"--ratio: 750 \/ 750\" sizes=\"(max-width: 750px) 100vw, 750px\" alt=\"Terrasse IP\u00c9\" title=\"Terrasse IP\u00c9\" width=\"750\" height=\"750\"  \/><\/a>\t<\/div>\n<\/div>\n\n\n<div class=\"post-entry-content\">\n\n\t<h3 class=\"entry-title\">\n\t\t<a href=\"https:\/\/www.connexion-bois-direct.fr\/fr\/terrasse-ipe\/\" title=\"Terrasse IP\u00c9\" rel=\"bookmark\">Terrasse IP\u00c9<\/a>\n\t<\/h3>\n\n\t\n\t\n\t\n<a href=\"https:\/\/www.connexion-bois-direct.fr\/fr\/terrasse-ipe\/\" class=\"post-details details-type-link\" aria-label=\"Read more about Terrasse IP\u00c9\">Voir l'essence<i class=\"dt-icon-the7-arrow-03\" aria-hidden=\"true\"><\/i><\/a>\n\n<\/div><\/article><article class=\"post post-1345 type-post status-publish format-standard has-post-thumbnail hentry category-terrasses category-36 description-off\" data-name=\"Terrasse CUMARU\" data-date=\"2019-11-24T12:20:04+01:00\">\n\n<div class=\"post-thumbnail-wrap\">\n\t<div class=\"post-thumbnail\">\n\t\t\n\t\t\n\t\t<a href=\"https:\/\/www.connexion-bois-direct.fr\/fr\/terrasse-cumaru\/\" class=\"post-thumbnail-rollover layzr-bg\" ><img decoding=\"async\" class=\"preload-me owl-lazy-load aspect\" src=\"data:image\/svg+xml,%3Csvg%20xmlns%3D&#39;http%3A%2F%2Fwww.w3.org%2F2000%2Fsvg&#39;%20viewBox%3D&#39;0%200%20500%20500&#39;%2F%3E\" data-src=\"https:\/\/www.connexion-bois-direct.fr\/fr\/wp-content\/uploads\/2019\/11\/lame-cumaru-meilleur-prix-m2-terrasse-bois-exotique.png\" data-srcset=\"https:\/\/www.connexion-bois-direct.fr\/fr\/wp-content\/uploads\/2019\/11\/lame-cumaru-meilleur-prix-m2-terrasse-bois-exotique.png 500w\" loading=\"eager\" style=\"--ratio: 500 \/ 500\" sizes=\"(max-width: 500px) 100vw, 500px\" alt=\"cumaru prix m2 lame terrasse bois exotique\" title=\"lame cumaru meilleur prix m2 terrasse bois exotique\" width=\"500\" height=\"500\"  \/><\/a>\t<\/div>\n<\/div>\n\n\n<div class=\"post-entry-content\">\n\n\t<h3 class=\"entry-title\">\n\t\t<a href=\"https:\/\/www.connexion-bois-direct.fr\/fr\/terrasse-cumaru\/\" title=\"Terrasse CUMARU\" rel=\"bookmark\">Terrasse CUMARU<\/a>\n\t<\/h3>\n\n\t\n\t\n\t\n<a href=\"https:\/\/www.connexion-bois-direct.fr\/fr\/terrasse-cumaru\/\" class=\"post-details details-type-link\" aria-label=\"Read more about Terrasse CUMARU\">Voir l'essence<i class=\"dt-icon-the7-arrow-03\" aria-hidden=\"true\"><\/i><\/a>\n\n<\/div><\/article><article class=\"post post-1534 type-post status-publish format-standard has-post-thumbnail hentry category-terrasses category-36 description-off\" data-name=\"Terrasse ITAUBA\" data-date=\"2019-11-23T19:00:08+01:00\">\n\n<div class=\"post-thumbnail-wrap\">\n\t<div class=\"post-thumbnail\">\n\t\t\n\t\t\n\t\t<a href=\"https:\/\/www.connexion-bois-direct.fr\/fr\/terrasse-itauba\/\" class=\"post-thumbnail-rollover layzr-bg\" ><img decoding=\"async\" class=\"preload-me owl-lazy-load aspect\" src=\"data:image\/svg+xml,%3Csvg%20xmlns%3D&#39;http%3A%2F%2Fwww.w3.org%2F2000%2Fsvg&#39;%20viewBox%3D&#39;0%200%20750%20750&#39;%2F%3E\" data-src=\"https:\/\/www.connexion-bois-direct.fr\/fr\/wp-content\/uploads\/2019\/11\/terrasse-itauba-page-1-750x750.jpg\" data-srcset=\"https:\/\/www.connexion-bois-direct.fr\/fr\/wp-content\/uploads\/2019\/11\/terrasse-itauba-page-1-750x750.jpg 750w\" loading=\"eager\" style=\"--ratio: 750 \/ 750\" sizes=\"(max-width: 750px) 100vw, 750px\" alt=\"\" title=\"terrasse-itauba-page-1\" width=\"750\" height=\"750\"  \/><\/a>\t<\/div>\n<\/div>\n\n\n<div class=\"post-entry-content\">\n\n\t<h3 class=\"entry-title\">\n\t\t<a href=\"https:\/\/www.connexion-bois-direct.fr\/fr\/terrasse-itauba\/\" title=\"Terrasse ITAUBA\" rel=\"bookmark\">Terrasse ITAUBA<\/a>\n\t<\/h3>\n\n\t\n\t\n\t\n<a href=\"https:\/\/www.connexion-bois-direct.fr\/fr\/terrasse-itauba\/\" class=\"post-details details-type-link\" aria-label=\"Read more about Terrasse ITAUBA\">Voir l'essence<i class=\"dt-icon-the7-arrow-03\" aria-hidden=\"true\"><\/i><\/a>\n\n<\/div><\/article><article class=\"post post-1642 type-post status-publish format-standard has-post-thumbnail hentry category-terrasses category-36 description-off\" data-name=\"Terrasse TATAJUBA\" data-date=\"2019-11-22T16:41:55+01:00\">\n\n<div class=\"post-thumbnail-wrap\">\n\t<div class=\"post-thumbnail\">\n\t\t\n\t\t\n\t\t<a href=\"https:\/\/www.connexion-bois-direct.fr\/fr\/terrasse-tatajuba\/\" class=\"post-thumbnail-rollover layzr-bg\" ><img decoding=\"async\" class=\"preload-me owl-lazy-load aspect\" src=\"data:image\/svg+xml,%3Csvg%20xmlns%3D&#39;http%3A%2F%2Fwww.w3.org%2F2000%2Fsvg&#39;%20viewBox%3D&#39;0%200%20750%20750&#39;%2F%3E\" data-src=\"https:\/\/www.connexion-bois-direct.fr\/fr\/wp-content\/uploads\/2019\/11\/tatajuba-terrasse-1-promotion-750x750.jpg\" data-srcset=\"https:\/\/www.connexion-bois-direct.fr\/fr\/wp-content\/uploads\/2019\/11\/tatajuba-terrasse-1-promotion-750x750.jpg 750w\" loading=\"eager\" style=\"--ratio: 750 \/ 750\" sizes=\"(max-width: 750px) 100vw, 750px\" alt=\"\" title=\"tatajuba-terrasse-1-promotion\" width=\"750\" height=\"750\"  \/><\/a>\t<\/div>\n<\/div>\n\n\n<div class=\"post-entry-content\">\n\n\t<h3 class=\"entry-title\">\n\t\t<a href=\"https:\/\/www.connexion-bois-direct.fr\/fr\/terrasse-tatajuba\/\" title=\"Terrasse TATAJUBA\" rel=\"bookmark\">Terrasse TATAJUBA<\/a>\n\t<\/h3>\n\n\t\n\t\n\t\n<a href=\"https:\/\/www.connexion-bois-direct.fr\/fr\/terrasse-tatajuba\/\" class=\"post-details details-type-link\" aria-label=\"Read more about Terrasse TATAJUBA\">Voir l'essence<i class=\"dt-icon-the7-arrow-03\" aria-hidden=\"true\"><\/i><\/a>\n\n<\/div><\/article><article class=\"post post-1575 type-post status-publish format-standard has-post-thumbnail hentry category-terrasses category-36 description-off\" data-name=\"Terrasse MUIRACATIARA\" data-date=\"2019-11-21T18:02:02+01:00\">\n\n<div class=\"post-thumbnail-wrap\">\n\t<div class=\"post-thumbnail\">\n\t\t\n\t\t\n\t\t<a href=\"https:\/\/www.connexion-bois-direct.fr\/fr\/terrasse-muiracatiara\/\" class=\"post-thumbnail-rollover layzr-bg\" ><img decoding=\"async\" class=\"preload-me owl-lazy-load aspect\" src=\"data:image\/svg+xml,%3Csvg%20xmlns%3D&#39;http%3A%2F%2Fwww.w3.org%2F2000%2Fsvg&#39;%20viewBox%3D&#39;0%200%20768%20768&#39;%2F%3E\" data-src=\"https:\/\/www.connexion-bois-direct.fr\/fr\/wp-content\/uploads\/2019\/06\/im1-768x768.jpg\" data-srcset=\"https:\/\/www.connexion-bois-direct.fr\/fr\/wp-content\/uploads\/2019\/06\/im1-768x768.jpg 768w, https:\/\/www.connexion-bois-direct.fr\/fr\/wp-content\/uploads\/2019\/06\/im1-988x988.jpg 988w\" loading=\"eager\" style=\"--ratio: 768 \/ 768\" sizes=\"(max-width: 768px) 100vw, 768px\" alt=\"\" title=\"Chantier en Muiracatiara avec un petit bardage claire-voie m\u00e9l\u00e8ze sur les c\u00f4t\u00e9s de la piscine &#8211; POSEUR : ATP-AZUR TERRASSE PARQUET, Fr\u00e9d\u00e9ric HORNIG\" width=\"768\" height=\"768\"  \/><\/a>\t<\/div>\n<\/div>\n\n\n<div class=\"post-entry-content\">\n\n\t<h3 class=\"entry-title\">\n\t\t<a href=\"https:\/\/www.connexion-bois-direct.fr\/fr\/terrasse-muiracatiara\/\" title=\"Terrasse MUIRACATIARA\" rel=\"bookmark\">Terrasse MUIRACATIARA<\/a>\n\t<\/h3>\n\n\t\n\t\n\t\n<a href=\"https:\/\/www.connexion-bois-direct.fr\/fr\/terrasse-muiracatiara\/\" class=\"post-details details-type-link\" aria-label=\"Read more about Terrasse MUIRACATIARA\">Voir l'essence<i class=\"dt-icon-the7-arrow-03\" aria-hidden=\"true\"><\/i><\/a>\n\n<\/div><\/article><article class=\"post post-1612 type-post status-publish format-standard has-post-thumbnail hentry category-terrasses category-36 description-off\" data-name=\"Terrasse GARAPA\" data-date=\"2019-11-20T19:08:30+01:00\">\n\n<div class=\"post-thumbnail-wrap\">\n\t<div class=\"post-thumbnail\">\n\t\t\n\t\t\n\t\t<a href=\"https:\/\/www.connexion-bois-direct.fr\/fr\/terrasse-garapa\/\" class=\"post-thumbnail-rollover layzr-bg\" ><img decoding=\"async\" class=\"preload-me owl-lazy-load aspect\" src=\"data:image\/svg+xml,%3Csvg%20xmlns%3D&#39;http%3A%2F%2Fwww.w3.org%2F2000%2Fsvg&#39;%20viewBox%3D&#39;0%200%20750%20750&#39;%2F%3E\" data-src=\"https:\/\/www.connexion-bois-direct.fr\/fr\/wp-content\/uploads\/2019\/06\/garapa-terrasse-750x750.jpg\" data-srcset=\"https:\/\/www.connexion-bois-direct.fr\/fr\/wp-content\/uploads\/2019\/06\/garapa-terrasse-750x750.jpg 750w\" loading=\"eager\" style=\"--ratio: 750 \/ 750\" sizes=\"(max-width: 750px) 100vw, 750px\" alt=\"\" title=\"garapa-terrasse\" width=\"750\" height=\"750\"  \/><\/a>\t<\/div>\n<\/div>\n\n\n<div class=\"post-entry-content\">\n\n\t<h3 class=\"entry-title\">\n\t\t<a href=\"https:\/\/www.connexion-bois-direct.fr\/fr\/terrasse-garapa\/\" title=\"Terrasse GARAPA\" rel=\"bookmark\">Terrasse GARAPA<\/a>\n\t<\/h3>\n\n\t\n\t\n\t\n<a href=\"https:\/\/www.connexion-bois-direct.fr\/fr\/terrasse-garapa\/\" class=\"post-details details-type-link\" aria-label=\"Read more about Terrasse GARAPA\">Voir l'essence<i class=\"dt-icon-the7-arrow-03\" aria-hidden=\"true\"><\/i><\/a>\n\n<\/div><\/article><article class=\"post post-1700 type-post status-publish format-standard has-post-thumbnail hentry category-terrasses category-36 description-off\" data-name=\"Terrasse PADOUK\" data-date=\"2019-11-19T18:45:49+01:00\">\n\n<div class=\"post-thumbnail-wrap\">\n\t<div class=\"post-thumbnail\">\n\t\t\n\t\t\n\t\t<a href=\"https:\/\/www.connexion-bois-direct.fr\/fr\/terrasse-padouk\/\" class=\"post-thumbnail-rollover layzr-bg\" ><img decoding=\"async\" class=\"preload-me owl-lazy-load aspect\" src=\"data:image\/svg+xml,%3Csvg%20xmlns%3D&#39;http%3A%2F%2Fwww.w3.org%2F2000%2Fsvg&#39;%20viewBox%3D&#39;0%200%20750%20750&#39;%2F%3E\" data-src=\"https:\/\/www.connexion-bois-direct.fr\/fr\/wp-content\/uploads\/2019\/06\/padouk-terrasse-750x750.jpg\" data-srcset=\"https:\/\/www.connexion-bois-direct.fr\/fr\/wp-content\/uploads\/2019\/06\/padouk-terrasse-750x750.jpg 750w\" loading=\"eager\" style=\"--ratio: 750 \/ 750\" sizes=\"(max-width: 750px) 100vw, 750px\" alt=\"\" title=\"Terrasse PADOUK\" width=\"750\" height=\"750\"  \/><\/a>\t<\/div>\n<\/div>\n\n\n<div class=\"post-entry-content\">\n\n\t<h3 class=\"entry-title\">\n\t\t<a href=\"https:\/\/www.connexion-bois-direct.fr\/fr\/terrasse-padouk\/\" title=\"Terrasse PADOUK\" rel=\"bookmark\">Terrasse PADOUK<\/a>\n\t<\/h3>\n\n\t\n\t\n\t\n<a href=\"https:\/\/www.connexion-bois-direct.fr\/fr\/terrasse-padouk\/\" class=\"post-details details-type-link\" aria-label=\"Read more about Terrasse PADOUK\">Voir l'essence<i class=\"dt-icon-the7-arrow-03\" aria-hidden=\"true\"><\/i><\/a>\n\n<\/div><\/article><article class=\"post post-1668 type-post status-publish format-standard has-post-thumbnail hentry category-terrasses category-36 description-off\" data-name=\"Terrasse MUKULUNGU\" data-date=\"2019-11-18T18:08:34+01:00\">\n\n<div class=\"post-thumbnail-wrap\">\n\t<div class=\"post-thumbnail\">\n\t\t\n\t\t\n\t\t<a href=\"https:\/\/www.connexion-bois-direct.fr\/fr\/terrasse-mukulungu\/\" class=\"post-thumbnail-rollover layzr-bg\" ><img decoding=\"async\" class=\"preload-me owl-lazy-load aspect\" src=\"data:image\/svg+xml,%3Csvg%20xmlns%3D&#39;http%3A%2F%2Fwww.w3.org%2F2000%2Fsvg&#39;%20viewBox%3D&#39;0%200%20750%20750&#39;%2F%3E\" data-src=\"https:\/\/www.connexion-bois-direct.fr\/fr\/wp-content\/uploads\/2019\/06\/terrasse-mukulungu-750x750.jpg\" data-srcset=\"https:\/\/www.connexion-bois-direct.fr\/fr\/wp-content\/uploads\/2019\/06\/terrasse-mukulungu-750x750.jpg 750w\" loading=\"eager\" style=\"--ratio: 750 \/ 750\" sizes=\"(max-width: 750px) 100vw, 750px\" alt=\"\" title=\"Terrasse MUKULUNGU\" width=\"750\" height=\"750\"  \/><\/a>\t<\/div>\n<\/div>\n\n\n<div class=\"post-entry-content\">\n\n\t<h3 class=\"entry-title\">\n\t\t<a href=\"https:\/\/www.connexion-bois-direct.fr\/fr\/terrasse-mukulungu\/\" title=\"Terrasse MUKULUNGU\" rel=\"bookmark\">Terrasse MUKULUNGU<\/a>\n\t<\/h3>\n\n\t\n\t\n\t\n<a href=\"https:\/\/www.connexion-bois-direct.fr\/fr\/terrasse-mukulungu\/\" class=\"post-details details-type-link\" aria-label=\"Read more about Terrasse MUKULUNGU\">Voir l'essence<i class=\"dt-icon-the7-arrow-03\" aria-hidden=\"true\"><\/i><\/a>\n\n<\/div><\/article><article class=\"post post-1738 type-post status-publish format-standard has-post-thumbnail hentry category-terrasses category-36 description-off\" data-name=\"Terrasse PIN SYLVESTRE\" data-date=\"2019-11-17T15:16:00+01:00\">\n\n<div class=\"post-thumbnail-wrap\">\n\t<div class=\"post-thumbnail\">\n\t\t\n\t\t\n\t\t<a href=\"https:\/\/www.connexion-bois-direct.fr\/fr\/terrasse-pin\/\" class=\"post-thumbnail-rollover layzr-bg\" ><img decoding=\"async\" class=\"preload-me owl-lazy-load aspect\" src=\"data:image\/svg+xml,%3Csvg%20xmlns%3D&#39;http%3A%2F%2Fwww.w3.org%2F2000%2Fsvg&#39;%20viewBox%3D&#39;0%200%20750%20750&#39;%2F%3E\" data-src=\"https:\/\/www.connexion-bois-direct.fr\/fr\/wp-content\/uploads\/2019\/06\/pin-terrasse-750x750.jpg\" data-srcset=\"https:\/\/www.connexion-bois-direct.fr\/fr\/wp-content\/uploads\/2019\/06\/pin-terrasse-750x750.jpg 750w\" loading=\"eager\" style=\"--ratio: 750 \/ 750\" sizes=\"(max-width: 750px) 100vw, 750px\" alt=\"\" title=\"Terrasse PIN SYLVESTRE\" width=\"750\" height=\"750\"  \/><\/a>\t<\/div>\n<\/div>\n\n\n<div class=\"post-entry-content\">\n\n\t<h3 class=\"entry-title\">\n\t\t<a href=\"https:\/\/www.connexion-bois-direct.fr\/fr\/terrasse-pin\/\" title=\"Terrasse PIN SYLVESTRE\" rel=\"bookmark\">Terrasse PIN SYLVESTRE<\/a>\n\t<\/h3>\n\n\t\n\t\n\t\n<a href=\"https:\/\/www.connexion-bois-direct.fr\/fr\/terrasse-pin\/\" class=\"post-details details-type-link\" aria-label=\"Read more about Terrasse PIN SYLVESTRE\">Voir l'essence<i class=\"dt-icon-the7-arrow-03\" aria-hidden=\"true\"><\/i><\/a>\n\n<\/div><\/article><\/div>[\/vc_column][\/vc_row][vc_row css=\u00a0\u00bb.vc_custom_1608034802040{margin-bottom: 15px !important;padding-top: 70px !important;}\u00a0\u00bb][vc_column css=\u00a0\u00bb.vc_custom_1553087885757{margin-top: -20px !important;}\u00a0\u00bb]<div id=\"ultimate-heading-946569eee63566805\" class=\"uvc-heading ult-adjust-bottom-margin ultimate-heading-946569eee63566805 uvc-4374 accent-border-color\" data-hspacer=\"no_spacer\"  data-halign=\"center\" style=\"text-align:center\"><div class=\"uvc-heading-spacer no_spacer\" style=\"top\"><\/div><div class=\"uvc-main-heading ult-responsive\"  data-ultimate-target='.uvc-heading.ultimate-heading-946569eee63566805 h2'  data-responsive-json-new='{\"font-size\":\"desktop:70px;\",\"line-height\":\"desktop:80px;\"}' ><h2 style=\"font-weight:bold;color:#000000;\">COMMANDEZ EN TOUTE SIMPLICITE<\/h2><\/div><div class=\"uvc-sub-heading ult-responsive\"  data-ultimate-target='.uvc-heading.ultimate-heading-946569eee63566805 .uvc-sub-heading '  data-responsive-json-new='{\"font-size\":\"desktop:30px;\",\"line-height\":\"desktop:40px;\"}'  style=\"font-weight:normal;color:#000000;\">les \u00e9tapes de votre commande, du devis \u00e0 la livraison<\/div><\/div>[\/vc_column][\/vc_row][vc_row][vc_column]<div class=\"smile-icon-timeline-wrap csstime   \"     style=\"\"><div class=\"timeline-line \" style=\"border-right-color:;\"><span><\/span><\/div><div class=\"timeline-wrapper\"><\/div><div class=\"timeline-feature-item feat-item  \"><div class=\"feat-dot \"><div class=\"timeline-dot\"><\/div><\/div><div class=\"ult-timeline-arrow \"><s><\/s><l><\/l><\/div><div class=\"timeline-icon-block\"><div class=\"ult-timeline-icon tl-icon-no-bg\" style=\"   \"><\/div> <!-- icon --><\/div><div class=\"timeline-header-block\" >\n\t\t\t\t\t\t\t<div class=\"timeline-header\" id=\"timeline-featured-9585\"  style=\"\"><h4\n\t\t\t class=\"ult-timeline-title ult-responsive\"   data-ultimate-target='#timeline-featured-9585 .ult-timeline-title'  data-responsive-json-new='{\"font-size\":\"\",\"line-height\":\"\"}'  style=\"\">Demandez votre devis<\/h4><div class=\"ult-responsive custom-lht\"  data-ultimate-target='#timeline-featured-9585 .custom-lht'  data-responsive-json-new='{\"font-size\":\"\",\"line-height\":\"\"}'  style=\"\"><\/div><\/div> <!-- header --><\/div><\/div><div class=\"timeline-wrapper \"><div class=\"timeline-block \"><div class=\"timeline-dot\"><\/div><div class=\"ult-timeline-arrow\"><s><\/s><l><\/l><\/div><div class=\"timeline-icon-block\"><div class=\"ult-timeline-icon tl-icon-no-bg\" style=\"   \"><\/div> <!-- icon --><\/div><div class=\"timeline-header-block\" >\n\t\t\t\t\t\t\t<div id=\"timeline-item-3930\" class=\"timeline-header\" style=\"\"><h3 class=\"ult-timeline-title ult-responsive\"  data-ultimate-target='#timeline-item-3930 .ult-timeline-title'  data-responsive-json-new='{\"font-size\":\"\",\"line-height\":\"\"}'  style=\"\">Nous vous rappelons<\/h3><div class=\"ult-responsive timeline-item-spt\"  data-ultimate-target='#timeline-item-3930 .timeline-item-spt'  data-responsive-json-new='{\"font-size\":\"\",\"line-height\":\"\"}'  style=\"\"><\/div><\/div> <!-- header --><\/div><\/div><div class=\"timeline-block \"><div class=\"timeline-dot\"><\/div><div class=\"ult-timeline-arrow\"><s><\/s><l><\/l><\/div><div class=\"timeline-icon-block\"><div class=\"ult-timeline-icon tl-icon-no-bg\" style=\"   \"><\/div> <!-- icon --><\/div><div class=\"timeline-header-block\" >\n\t\t\t\t\t\t\t<div id=\"timeline-item-2508\" class=\"timeline-header\" style=\"\"><h3 class=\"ult-timeline-title ult-responsive\"  data-ultimate-target='#timeline-item-2508 .ult-timeline-title'  data-responsive-json-new='{\"font-size\":\"\",\"line-height\":\"\"}'  style=\"\">Recevez votre devis sous 24h00<\/h3><div class=\"ult-responsive timeline-item-spt\"  data-ultimate-target='#timeline-item-2508 .timeline-item-spt'  data-responsive-json-new='{\"font-size\":\"\",\"line-height\":\"\"}'  style=\"\"><\/div><\/div> <!-- header --><\/div><\/div><div class=\"timeline-block \"><div class=\"timeline-dot\"><\/div><div class=\"ult-timeline-arrow\"><s><\/s><l><\/l><\/div><div class=\"timeline-icon-block\"><div class=\"ult-timeline-icon tl-icon-no-bg\" style=\"   \"><\/div> <!-- icon --><\/div><div class=\"timeline-header-block\" >\n\t\t\t\t\t\t\t<div id=\"timeline-item-2951\" class=\"timeline-header\" style=\"\"><h3 class=\"ult-timeline-title ult-responsive\"  data-ultimate-target='#timeline-item-2951 .ult-timeline-title'  data-responsive-json-new='{\"font-size\":\"\",\"line-height\":\"\"}'  style=\"\">Nous validons ensemble votre projet<\/h3><div class=\"ult-responsive timeline-item-spt\"  data-ultimate-target='#timeline-item-2951 .timeline-item-spt'  data-responsive-json-new='{\"font-size\":\"\",\"line-height\":\"\"}'  style=\"\"><\/div><\/div> <!-- header --><\/div><\/div><div class=\"timeline-block \"><div class=\"timeline-dot\"><\/div><div class=\"ult-timeline-arrow\"><s><\/s><l><\/l><\/div><div class=\"timeline-icon-block\"><div class=\"ult-timeline-icon tl-icon-no-bg\" style=\"   \"><\/div> <!-- icon --><\/div><div class=\"timeline-header-block\" >\n\t\t\t\t\t\t\t<div id=\"timeline-item-9467\" class=\"timeline-header\" style=\"\"><h3 class=\"ult-timeline-title ult-responsive\"  data-ultimate-target='#timeline-item-9467 .ult-timeline-title'  data-responsive-json-new='{\"font-size\":\"\",\"line-height\":\"\"}'  style=\"\">Payez votre accompte<\/h3><div class=\"ult-responsive timeline-item-spt\"  data-ultimate-target='#timeline-item-9467 .timeline-item-spt'  data-responsive-json-new='{\"font-size\":\"\",\"line-height\":\"\"}'  style=\"\"><\/div><\/div> <!-- header --><\/div><\/div><div class=\"timeline-block \"><div class=\"timeline-dot\"><\/div><div class=\"ult-timeline-arrow\"><s><\/s><l><\/l><\/div><div class=\"timeline-icon-block\"><div class=\"ult-timeline-icon tl-icon-no-bg\" style=\"   \"><\/div> <!-- icon --><\/div><div class=\"timeline-header-block\" >\n\t\t\t\t\t\t\t<div id=\"timeline-item-2674\" class=\"timeline-header\" style=\"\"><h3 class=\"ult-timeline-title ult-responsive\"  data-ultimate-target='#timeline-item-2674 .ult-timeline-title'  data-responsive-json-new='{\"font-size\":\"\",\"line-height\":\"\"}'  style=\"\">Nous pr\u00e9parons votre commande<\/h3><div class=\"ult-responsive timeline-item-spt\"  data-ultimate-target='#timeline-item-2674 .timeline-item-spt'  data-responsive-json-new='{\"font-size\":\"\",\"line-height\":\"\"}'  style=\"\"><\/div><\/div> <!-- header --><\/div><\/div><div class=\"timeline-block \"><div class=\"timeline-dot\"><\/div><div class=\"ult-timeline-arrow\"><s><\/s><l><\/l><\/div><div class=\"timeline-icon-block\"><div class=\"ult-timeline-icon tl-icon-no-bg\" style=\"   \"><\/div> <!-- icon --><\/div><div class=\"timeline-header-block\" >\n\t\t\t\t\t\t\t<div id=\"timeline-item-2711\" class=\"timeline-header\" style=\"\"><h3 class=\"ult-timeline-title ult-responsive\"  data-ultimate-target='#timeline-item-2711 .ult-timeline-title'  data-responsive-json-new='{\"font-size\":\"\",\"line-height\":\"\"}'  style=\"\">Vous \u00eates contact\u00e9 par le transporteur<\/h3><div class=\"ult-responsive timeline-item-spt\"  data-ultimate-target='#timeline-item-2711 .timeline-item-spt'  data-responsive-json-new='{\"font-size\":\"\",\"line-height\":\"\"}'  style=\"\">24 \u00e0 48h00 avant la date de livraison pr\u00e9vue<\/div><\/div> <!-- header --><\/div><\/div><\/div><div class=\"timeline-feature-item feat-item  \"><div class=\"feat-dot \"><div class=\"timeline-dot\"><\/div><\/div><div class=\"ult-timeline-arrow \"><s><\/s><l><\/l><\/div><div class=\"timeline-icon-block\"><div class=\"ult-timeline-icon tl-icon-no-bg\" style=\"   \"><\/div> <!-- icon --><\/div><div class=\"timeline-header-block\" >\n\t\t\t\t\t\t\t<div class=\"timeline-header\" id=\"timeline-featured-7308\"  style=\"\"><h4\n\t\t\t class=\"ult-timeline-title ult-responsive\"   data-ultimate-target='#timeline-featured-7308 .ult-timeline-title'  data-responsive-json-new='{\"font-size\":\"\",\"line-height\":\"\"}'  style=\"\">Vous \u00eates livr\u00e9s !<\/h4><div class=\"ult-responsive custom-lht\"  data-ultimate-target='#timeline-featured-7308 .custom-lht'  data-responsive-json-new='{\"font-size\":\"\",\"line-height\":\"\"}'  style=\"\"><\/div><\/div> <!-- header --><\/div><\/div><div class=\"timeline-wrapper \"><\/div><\/div>[\/vc_column][\/vc_row][vc_row equal_height=\u00a0\u00bbyes\u00a0\u00bb disable_element=\u00a0\u00bbyes\u00a0\u00bb type=\u00a0\u00bbvc_default\u00a0\u00bb css=\u00a0\u00bb.vc_custom_1608031588124{padding-top: 70px !important;padding-bottom: 50px !important;}\u00a0\u00bb][vc_column]<div id=\"ultimate-heading-421869eee63566bda\" class=\"uvc-heading ult-adjust-bottom-margin ultimate-heading-421869eee63566bda uvc-496 accent-border-color\" data-hspacer=\"no_spacer\"  data-halign=\"center\" style=\"text-align:center\"><div class=\"uvc-heading-spacer no_spacer\" style=\"top\"><\/div><div class=\"uvc-main-heading ult-responsive\"  data-ultimate-target='.uvc-heading.ultimate-heading-421869eee63566bda h1'  data-responsive-json-new='{\"font-size\":\"desktop:70px;\",\"line-height\":\"desktop:80px;\"}' ><h1 style=\"font-weight:bold;color:#000000;\">GUIDE POSE TERRASSE BOIS<\/h1><\/div><div class=\"uvc-sub-heading ult-responsive\"  data-ultimate-target='.uvc-heading.ultimate-heading-421869eee63566bda .uvc-sub-heading '  data-responsive-json-new='{\"font-size\":\"desktop:30px;\",\"line-height\":\"desktop:40px;\"}'  style=\"font-weight:normal;color:#000000;\"><\/p>\n<p style=\"text-align: center;\">TOUTES LES INFORMATIONS POUR UNE POSE CONFORT<\/p>\n<p><\/div><\/div>[\/vc_column][\/vc_row][vc_row disable_element=\u00a0\u00bbyes\u00a0\u00bb css=\u00a0\u00bb.vc_custom_1608031560573{padding-bottom: 50px !important;}\u00a0\u00bb][vc_column][vc_video link=\u00a0\u00bbhttps:\/\/youtu.be\/JcK55OEUhLE\u00a0\u00bb][\/vc_column][\/vc_row][vc_row equal_height=\u00a0\u00bbyes\u00a0\u00bb disable_element=\u00a0\u00bbyes\u00a0\u00bb bg_type=\u00a0\u00bbbg_color\u00a0\u00bb bg_override=\u00a0\u00bbex-full\u00a0\u00bb type=\u00a0\u00bbvc_default\u00a0\u00bb css=\u00a0\u00bb.vc_custom_1608031552071{padding-top: 70px !important;padding-bottom: 50px !important;}\u00a0\u00bb bg_color_value=\u00a0\u00bb#f3f3f3&Prime;][vc_column]<div id=\"ultimate-heading-74769eee63566bf7\" class=\"uvc-heading ult-adjust-bottom-margin ultimate-heading-74769eee63566bf7 uvc-2773 accent-border-color\" data-hspacer=\"no_spacer\"  data-halign=\"center\" style=\"text-align:center\"><div class=\"uvc-heading-spacer no_spacer\" style=\"top\"><\/div><div class=\"uvc-main-heading ult-responsive\"  data-ultimate-target='.uvc-heading.ultimate-heading-74769eee63566bf7 h1'  data-responsive-json-new='{\"font-size\":\"desktop:70px;\",\"line-height\":\"desktop:80px;\"}' ><h1 style=\"font-weight:bold;color:#000000;\">\u00c9QUIPE SP\u00c9CIALIS\u00c9E<\/h1><\/div><div class=\"uvc-sub-heading ult-responsive\"  data-ultimate-target='.uvc-heading.ultimate-heading-74769eee63566bf7 .uvc-sub-heading '  data-responsive-json-new='{\"font-size\":\"desktop:30px;\",\"line-height\":\"desktop:40px;\"}'  style=\"font-weight:normal;color:#000000;\"><\/p>\n<p style=\"text-align: center;\">\u00c0 VOTRE \u00c9COUTE<\/p>\n<p><\/div><\/div><div id=\"ultimate-heading-526469eee63566c0d\" class=\"uvc-heading ult-adjust-bottom-margin ultimate-heading-526469eee63566c0d uvc-1628 accent-border-color\" data-hspacer=\"no_spacer\"  data-halign=\"center\" style=\"text-align:center\"><div class=\"uvc-heading-spacer no_spacer\" style=\"top\"><\/div><div class=\"uvc-sub-heading ult-responsive\"  data-ultimate-target='.uvc-heading.ultimate-heading-526469eee63566c0d .uvc-sub-heading '  data-responsive-json-new='{\"font-size\":\"desktop:22px;\",\"line-height\":\"desktop:32px;\"}'  style=\"font-weight:normal;color:#7c7c7c;margin-top:50px;margin-bottom:50px;\"><\/p>\n<p style=\"text-align: center;\">Diff\u00e9rents besoins. Le prix juste.<br \/>\nLaissez notre \u00e9quipe \u00e9tudier votre projet et vous proposer un tarif sur-mesure.<\/p>\n<p><\/div><\/div>[vc_row_inner css=\u00a0\u00bb.vc_custom_1606996359192{padding-bottom: 70px !important;}\u00a0\u00bb][vc_column_inner width=\u00a0\u00bb1\/2&Prime;][vc_single_image image=\u00a0\u00bb2690&Prime; img_size=\u00a0\u00bbfull\u00a0\u00bb alignment=\u00a0\u00bbcenter\u00a0\u00bb css=\u00a0\u00bb.vc_custom_1606995638555{padding-bottom: 25px !important;}\u00a0\u00bb][\/vc_column_inner][vc_column_inner width=\u00a0\u00bb1\/2&Prime;]<div class=\"uavc-list-icon uavc-list-icon-wrapper ult-adjust-bottom-margin   \"><ul class=\"uavc-list\"><li><div class=\"uavc-list-content\" id=\"list-icon-wrap-2197\">\n<div class=\"uavc-list-icon  \" data-animation=\"\" data-animation-delay=\"03\" style=\"margin-right:15px;\"><div class=\"ult-just-icon-wrapper  \"><div class=\"align-icon\" style=\"text-align:center;\">\n<div class=\"aio-icon none \"  style=\"color:#ee6900;font-size:25px;display:inline-block;\">\n\t<i class=\"fas fa-check\"><\/i>\n<\/div><\/div><\/div>\n<\/div><span  data-ultimate-target='#list-icon-wrap-2197 .uavc-list-desc'  data-responsive-json-new='{\"font-size\":\"desktop:22px;\",\"line-height\":\"desktop:32px;\"}'  class=\"uavc-list-desc ult-responsive\" style=\"\">Conseiller unique \u00e0 votre \u00e9coute<\/span><\/div><\/li><li><div class=\"uavc-list-content\" id=\"list-icon-wrap-2342\">\n<div class=\"uavc-list-icon  \" data-animation=\"\" data-animation-delay=\"03\" style=\"margin-right:15px;\"><div class=\"ult-just-icon-wrapper  \"><div class=\"align-icon\" style=\"text-align:center;\">\n<div class=\"aio-icon none \"  style=\"color:#ee6900;font-size:25px;display:inline-block;\">\n\t<i class=\"fas fa-check\"><\/i>\n<\/div><\/div><\/div>\n<\/div><span  data-ultimate-target='#list-icon-wrap-2342 .uavc-list-desc'  data-responsive-json-new='{\"font-size\":\"desktop:22px;\",\"line-height\":\"desktop:32px;\"}'  class=\"uavc-list-desc ult-responsive\" style=\"\">\u00c9quipe bas\u00e9e \u00e0 La Rochelle (17)<\/span><\/div><\/li><li><div class=\"uavc-list-content\" id=\"list-icon-wrap-4200\">\n<div class=\"uavc-list-icon  \" data-animation=\"\" data-animation-delay=\"03\" style=\"margin-right:15px;\"><div class=\"ult-just-icon-wrapper  \"><div class=\"align-icon\" style=\"text-align:center;\">\n<div class=\"aio-icon none \"  style=\"color:#ee6900;font-size:25px;display:inline-block;\">\n\t<i class=\"fas fa-check\"><\/i>\n<\/div><\/div><\/div>\n<\/div><span  data-ultimate-target='#list-icon-wrap-4200 .uavc-list-desc'  data-responsive-json-new='{\"font-size\":\"desktop:22px;\",\"line-height\":\"desktop:32px;\"}'  class=\"uavc-list-desc ult-responsive\" style=\"\">Tarif d\u00e9taill\u00e9 et expliqu\u00e9<\/span><\/div><\/li><li><div class=\"uavc-list-content\" id=\"list-icon-wrap-6395\">\n<div class=\"uavc-list-icon  \" data-animation=\"\" data-animation-delay=\"03\" style=\"margin-right:15px;\"><div class=\"ult-just-icon-wrapper  \"><div class=\"align-icon\" style=\"text-align:center;\">\n<div class=\"aio-icon none \"  style=\"color:#ee6900;font-size:25px;display:inline-block;\">\n\t<i class=\"fas fa-check\"><\/i>\n<\/div><\/div><\/div>\n<\/div><span  data-ultimate-target='#list-icon-wrap-6395 .uavc-list-desc'  data-responsive-json-new='{\"font-size\":\"desktop:22px;\",\"line-height\":\"desktop:32px;\"}'  class=\"uavc-list-desc ult-responsive\" style=\"\">Respect des d\u00e9lais<\/span><\/div><\/li><li><div class=\"uavc-list-content\" id=\"list-icon-wrap-3110\">\n<div class=\"uavc-list-icon  \" data-animation=\"\" data-animation-delay=\"03\" style=\"margin-right:15px;\"><div class=\"ult-just-icon-wrapper  \"><div class=\"align-icon\" style=\"text-align:center;\">\n<div class=\"aio-icon none \"  style=\"color:#ee6900;font-size:25px;display:inline-block;\">\n\t<i class=\"fas fa-check\"><\/i>\n<\/div><\/div><\/div>\n<\/div><span  data-ultimate-target='#list-icon-wrap-3110 .uavc-list-desc'  data-responsive-json-new='{\"font-size\":\"desktop:22px;\",\"line-height\":\"desktop:32px;\"}'  class=\"uavc-list-desc ult-responsive\" style=\"\">Qualit\u00e9 reconnue<\/span><\/div><\/li><li><div class=\"uavc-list-content\" id=\"list-icon-wrap-3645\">\n<div class=\"uavc-list-icon  \" data-animation=\"\" data-animation-delay=\"03\" style=\"margin-right:15px;\"><div class=\"ult-just-icon-wrapper  \"><div class=\"align-icon\" style=\"text-align:center;\">\n<div class=\"aio-icon none \"  style=\"color:#ee6900;font-size:25px;display:inline-block;\">\n\t<i class=\"fas fa-check\"><\/i>\n<\/div><\/div><\/div>\n<\/div><span  data-ultimate-target='#list-icon-wrap-3645 .uavc-list-desc'  data-responsive-json-new='{\"font-size\":\"desktop:22px;\",\"line-height\":\"desktop:32px;\"}'  class=\"uavc-list-desc ult-responsive\" style=\"\">Livraison sur chantier avec chariot embarqu\u00e9*<\/span><\/div><\/li><\/ul><\/div>[\/vc_column_inner][\/vc_row_inner][vc_row_inner][vc_column_inner width=\u00a0\u00bb1\/3&Prime;]<style type=\"text\/css\" data-type=\"the7_shortcodes-inline-css\">#default-btn-3ad3c6594b93b9555634d3eee42d0d53 {\n  border-radius: 1px;\n  font-size: 18px;\n  line-height: 20px;\n}\n.btn-shadow#default-btn-3ad3c6594b93b9555634d3eee42d0d53 {\n  box-shadow: 0 1px 6px rgba(0,0,0,0.12);\n  transition: box-shadow 0.2s ease-out, opacity 0.45s;\n}\n.btn-shadow#default-btn-3ad3c6594b93b9555634d3eee42d0d53:hover {\n  box-shadow: 0 5px 11px 0 rgba(0,0,0,0.18), 0 4px 15px 0 rgba(0,0,0,0.15);\n}\n.btn-3d#default-btn-3ad3c6594b93b9555634d3eee42d0d53 {\n  box-shadow: 0px 2px 0px 0px #e0e0e0;\n}\n.btn-3d#default-btn-3ad3c6594b93b9555634d3eee42d0d53:hover {\n  box-shadow: 0px 2px 0px 0px #9f5012;\n}\n.btn-flat#default-btn-3ad3c6594b93b9555634d3eee42d0d53 {\n  box-shadow: none;\n}\n.btn-flat#default-btn-3ad3c6594b93b9555634d3eee42d0d53:hover {\n  box-shadow: none;\n}\n#default-btn-3ad3c6594b93b9555634d3eee42d0d53.ico-right-side > i {\n  margin-right: 0px;\n  margin-left: 8px;\n}\n#default-btn-3ad3c6594b93b9555634d3eee42d0d53 > i {\n  margin-right: 8px;\n  font-size: 30px;\n}\n#default-btn-3ad3c6594b93b9555634d3eee42d0d53:not(:hover) {\n  border-width: 1px;\n  border-color: #ee6900 !important;\n  color: #ee6900;\n  background: #ffffff !important;\n  padding: 12px 18px 12px 18px;\n}\n#default-btn-3ad3c6594b93b9555634d3eee42d0d53:not(:hover) * {\n  color: #ee6900;\n}\n#default-btn-3ad3c6594b93b9555634d3eee42d0d53:hover {\n  border-width: 1px;\n  border-color: #ffffff !important;\n  color: #ffffff;\n  background: #ee6900 !important;\n  padding: 12px 18px 12px 18px;\n}\n#default-btn-3ad3c6594b93b9555634d3eee42d0d53:hover * {\n  color: #ffffff;\n}\n#default-btn-3ad3c6594b93b9555634d3eee42d0d53.ico-right-side > i {\n  margin-right: 0px;\n  margin-left: 8px;\n}\n#default-btn-3ad3c6594b93b9555634d3eee42d0d53 > i {\n  margin-right: 8px;\n}\n<\/style><div class=\"btn-align-center\"><a href=\"#\" class=\"default-btn-shortcode dt-btn link-hover-off ico-right-side full-width-btn btn-flat  vc_custom_1606996299121\" id=\"default-btn-3ad3c6594b93b9555634d3eee42d0d53\"><span>Notre qualit\u00e9 &amp; logistique<\/span><i class=\"icomoon-the7-font-the7-arrow-35\"><\/i><\/a><\/div>[\/vc_column_inner][vc_column_inner width=\u00a0\u00bb1\/3&Prime;]<style type=\"text\/css\" data-type=\"the7_shortcodes-inline-css\">#default-btn-38f87f245e6c6755609a88143e0a9d87 {\n  border-radius: 1px;\n  font-size: 18px;\n  line-height: 20px;\n}\n.btn-shadow#default-btn-38f87f245e6c6755609a88143e0a9d87 {\n  box-shadow: 0 1px 6px rgba(0,0,0,0.12);\n  transition: box-shadow 0.2s ease-out, opacity 0.45s;\n}\n.btn-shadow#default-btn-38f87f245e6c6755609a88143e0a9d87:hover {\n  box-shadow: 0 5px 11px 0 rgba(0,0,0,0.18), 0 4px 15px 0 rgba(0,0,0,0.15);\n}\n.btn-3d#default-btn-38f87f245e6c6755609a88143e0a9d87 {\n  box-shadow: 0px 2px 0px 0px #e0e0e0;\n}\n.btn-3d#default-btn-38f87f245e6c6755609a88143e0a9d87:hover {\n  box-shadow: 0px 2px 0px 0px #9f5012;\n}\n.btn-flat#default-btn-38f87f245e6c6755609a88143e0a9d87 {\n  box-shadow: none;\n}\n.btn-flat#default-btn-38f87f245e6c6755609a88143e0a9d87:hover {\n  box-shadow: none;\n}\n#default-btn-38f87f245e6c6755609a88143e0a9d87.ico-right-side > i {\n  margin-right: 0px;\n  margin-left: 8px;\n}\n#default-btn-38f87f245e6c6755609a88143e0a9d87 > i {\n  margin-right: 8px;\n  font-size: 30px;\n}\n#default-btn-38f87f245e6c6755609a88143e0a9d87:not(:hover) {\n  border-width: 1px;\n  border-color: #ee6900 !important;\n  color: #ee6900;\n  background: #ffffff !important;\n  padding: 12px 18px 12px 18px;\n}\n#default-btn-38f87f245e6c6755609a88143e0a9d87:not(:hover) * {\n  color: #ee6900;\n}\n#default-btn-38f87f245e6c6755609a88143e0a9d87:hover {\n  border-width: 1px;\n  border-color: #ffffff !important;\n  color: #ffffff;\n  background: #ee6900 !important;\n  padding: 12px 18px 12px 18px;\n}\n#default-btn-38f87f245e6c6755609a88143e0a9d87:hover * {\n  color: #ffffff;\n}\n#default-btn-38f87f245e6c6755609a88143e0a9d87.ico-right-side > i {\n  margin-right: 0px;\n  margin-left: 8px;\n}\n#default-btn-38f87f245e6c6755609a88143e0a9d87 > i {\n  margin-right: 8px;\n}\n<\/style><div class=\"btn-align-center\"><a href=\"#\" class=\"default-btn-shortcode dt-btn link-hover-off ico-right-side full-width-btn btn-flat  vc_custom_1606996386262\" id=\"default-btn-38f87f245e6c6755609a88143e0a9d87\"><span>Qui sommes-nous ?<\/span><i class=\"icomoon-the7-font-the7-arrow-35\"><\/i><\/a><\/div>[\/vc_column_inner][vc_column_inner width=\u00a0\u00bb1\/3&Prime;]<style type=\"text\/css\" data-type=\"the7_shortcodes-inline-css\">#default-btn-0a9afcf4dd6ddd48d25ac45fd8acff6f {\n  border-radius: 1px;\n  font-size: 18px;\n  line-height: 20px;\n}\n.btn-shadow#default-btn-0a9afcf4dd6ddd48d25ac45fd8acff6f {\n  box-shadow: 0 1px 6px rgba(0,0,0,0.12);\n  transition: box-shadow 0.2s ease-out, opacity 0.45s;\n}\n.btn-shadow#default-btn-0a9afcf4dd6ddd48d25ac45fd8acff6f:hover {\n  box-shadow: 0 5px 11px 0 rgba(0,0,0,0.18), 0 4px 15px 0 rgba(0,0,0,0.15);\n}\n.btn-3d#default-btn-0a9afcf4dd6ddd48d25ac45fd8acff6f {\n  box-shadow: 0px 2px 0px 0px #e0e0e0;\n}\n.btn-3d#default-btn-0a9afcf4dd6ddd48d25ac45fd8acff6f:hover {\n  box-shadow: 0px 2px 0px 0px #9f5012;\n}\n.btn-flat#default-btn-0a9afcf4dd6ddd48d25ac45fd8acff6f {\n  box-shadow: none;\n}\n.btn-flat#default-btn-0a9afcf4dd6ddd48d25ac45fd8acff6f:hover {\n  box-shadow: none;\n}\n#default-btn-0a9afcf4dd6ddd48d25ac45fd8acff6f.ico-right-side > i {\n  margin-right: 0px;\n  margin-left: 8px;\n}\n#default-btn-0a9afcf4dd6ddd48d25ac45fd8acff6f > i {\n  margin-right: 8px;\n  font-size: 30px;\n}\n#default-btn-0a9afcf4dd6ddd48d25ac45fd8acff6f:not(:hover) {\n  border-width: 1px;\n  border-color: #ee6900 !important;\n  color: #ee6900;\n  background: #ffffff !important;\n  padding: 12px 18px 12px 18px;\n}\n#default-btn-0a9afcf4dd6ddd48d25ac45fd8acff6f:not(:hover) * {\n  color: #ee6900;\n}\n#default-btn-0a9afcf4dd6ddd48d25ac45fd8acff6f:hover {\n  border-width: 1px;\n  border-color: #ffffff !important;\n  color: #ffffff;\n  background: #ee6900 !important;\n  padding: 12px 18px 12px 18px;\n}\n#default-btn-0a9afcf4dd6ddd48d25ac45fd8acff6f:hover * {\n  color: #ffffff;\n}\n#default-btn-0a9afcf4dd6ddd48d25ac45fd8acff6f.ico-right-side > i {\n  margin-right: 0px;\n  margin-left: 8px;\n}\n#default-btn-0a9afcf4dd6ddd48d25ac45fd8acff6f > i {\n  margin-right: 8px;\n}\n<\/style><div class=\"btn-align-center\"><a href=\"#\" class=\"default-btn-shortcode dt-btn link-hover-off ico-right-side full-width-btn btn-flat  vc_custom_1606996397025\" id=\"default-btn-0a9afcf4dd6ddd48d25ac45fd8acff6f\"><span>Les \u00e9tapes de votre commande ?<\/span><i class=\"icomoon-the7-font-the7-arrow-35\"><\/i><\/a><\/div>[\/vc_column_inner][\/vc_row_inner][\/vc_column][\/vc_row][vc_row disable_element=\u00a0\u00bbyes\u00a0\u00bb bg_type=\u00a0\u00bbbg_color\u00a0\u00bb bg_override=\u00a0\u00bbex-full\u00a0\u00bb bg_color_value=\u00a0\u00bb#ffffff\u00a0\u00bb css=\u00a0\u00bb.vc_custom_1608031600504{padding-top: 50px !important;padding-bottom: 50px !important;}\u00a0\u00bb][vc_column width=\u00a0\u00bb1\/5&Prime;][vc_single_image image=\u00a0\u00bb2694&Prime; img_size=\u00a0\u00bbfull\u00a0\u00bb alignment=\u00a0\u00bbcenter\u00a0\u00bb][vc_column_text]<\/p>\n<p style=\"text-align: center;\">\u00c9chantillon rembours\u00e9<\/p>\n<p>[\/vc_column_text][\/vc_column][vc_column width=\u00a0\u00bb1\/5&Prime;][vc_single_image image=\u00a0\u00bb2695&Prime; img_size=\u00a0\u00bbfull\u00a0\u00bb alignment=\u00a0\u00bbcenter\u00a0\u00bb][vc_column_text]<\/p>\n<p style=\"text-align: center;\">1 expert vous conseille<\/p>\n<p>[\/vc_column_text][\/vc_column][vc_column width=\u00a0\u00bb1\/5&Prime;][vc_single_image image=\u00a0\u00bb2696&Prime; img_size=\u00a0\u00bbfull\u00a0\u00bb alignment=\u00a0\u00bbcenter\u00a0\u00bb][vc_column_text]<\/p>\n<p style=\"text-align: center;\">Livraison sur chantier avec chariot embarqu\u00e9*<\/p>\n<p>[\/vc_column_text][\/vc_column][vc_column width=\u00a0\u00bb1\/5&Prime;][vc_single_image image=\u00a0\u00bb2697&Prime; img_size=\u00a0\u00bbfull\u00a0\u00bb alignment=\u00a0\u00bbcenter\u00a0\u00bb][vc_column_text]<\/p>\n<p style=\"text-align: center;\">Stock important &amp; permanent de 10 000 m2<\/p>\n<p>[\/vc_column_text][\/vc_column][vc_column width=\u00a0\u00bb1\/5&Prime;][vc_single_image image=\u00a0\u00bb2698&Prime; img_size=\u00a0\u00bbfull\u00a0\u00bb alignment=\u00a0\u00bbcenter\u00a0\u00bb][vc_column_text]<\/p>\n<p style=\"text-align: center;\">Guide pose en ligne offert<\/p>\n<p>[\/vc_column_text][\/vc_column][\/vc_row][vc_row disable_element=\u00a0\u00bbyes\u00a0\u00bb][vc_column]<style type=\"text\/css\" data-type=\"the7_shortcodes-inline-css\">#default-btn-b98fcc0f59ae004b26dba20527f5105b {\n  border-radius: 1px;\n  font-size: 40px;\n  line-height: 42px;\n}\n.btn-shadow#default-btn-b98fcc0f59ae004b26dba20527f5105b {\n  box-shadow: 0 1px 6px rgba(0,0,0,0.12);\n  transition: box-shadow 0.2s ease-out, opacity 0.45s;\n}\n.btn-shadow#default-btn-b98fcc0f59ae004b26dba20527f5105b:hover {\n  box-shadow: 0 5px 11px 0 rgba(0,0,0,0.18), 0 4px 15px 0 rgba(0,0,0,0.15);\n}\n.btn-flat#default-btn-b98fcc0f59ae004b26dba20527f5105b {\n  box-shadow: none;\n}\n.btn-flat#default-btn-b98fcc0f59ae004b26dba20527f5105b:hover {\n  box-shadow: none;\n}\n#default-btn-b98fcc0f59ae004b26dba20527f5105b.ico-right-side > i {\n  margin-right: 0px;\n  margin-left: 8px;\n}\n#default-btn-b98fcc0f59ae004b26dba20527f5105b > i {\n  margin-right: 8px;\n  font-size: 12px;\n}\n#default-btn-b98fcc0f59ae004b26dba20527f5105b:not(:hover) {\n  border-width: 0px;\n  padding: 12px 18px 12px 18px;\n}\n#default-btn-b98fcc0f59ae004b26dba20527f5105b:hover {\n  border-width: 0px;\n  padding: 12px 18px 12px 18px;\n}\n#default-btn-b98fcc0f59ae004b26dba20527f5105b.ico-right-side > i {\n  margin-right: 0px;\n  margin-left: 8px;\n}\n#default-btn-b98fcc0f59ae004b26dba20527f5105b > i {\n  margin-right: 8px;\n}\n<\/style><div class=\"btn-align-center\"><a href=\"https:\/\/projet-terrasse.connexion-bois-direct.fr\" class=\"default-btn-shortcode dt-btn link-hover-off boutonproduit full-width-btn btn-flat  vc_custom_1614104067331\" id=\"default-btn-b98fcc0f59ae004b26dba20527f5105b\" title=\"Devis Terrasse IPE\"><span>DEVIS PIN SYLVESTRE GRATUIT<\/span><\/a><\/div>[\/vc_column][\/vc_row]<\/p>\n<\/div>","protected":false},"excerpt":{"rendered":"<p>[vc_row css=\u00a0\u00bb.vc_custom_1607453002204{padding-top: 50px !important;}\u00a0\u00bb el_id=\u00a0\u00bbterrasse\u00a0\u00bb][vc_column][\/vc_column][\/vc_row][vc_row css=\u00a0\u00bb.vc_custom_1737454742811{padding-top: 50px !important;}\u00a0\u00bb][vc_column][\/vc_column][\/vc_row][vc_row css=\u00a0\u00bb.vc_custom_1607462472109{padding-top: 50px !important;padding-bottom: 25px !important;}\u00a0\u00bb][vc_column css=\u00a0\u00bb.vc_custom_1553074765667{margin-top: -60px !important;}\u00a0\u00bb][vc_single_image image=\u00a0\u00bb7208&Prime; img_size=\u00a0\u00bbfull\u00a0\u00bb alignment=\u00a0\u00bbcenter\u00a0\u00bb css=\u00a0\u00bb\u00a0\u00bb image_hovers=\u00a0\u00bbfalse\u00a0\u00bb][\/vc_column][\/vc_row][vc_row css=\u00a0\u00bb.vc_custom_1607462472109{padding-top: 50px !important;padding-bottom: 25px !important;}\u00a0\u00bb][vc_column css=\u00a0\u00bb.vc_custom_1553074765667{margin-top: -60px !important;}\u00a0\u00bb][\/vc_column][\/vc_row][vc_row css=\u00a0\u00bb.vc_custom_1607462472109{padding-top: 50px !important;padding-bottom: 25px !important;}\u00a0\u00bb][vc_column css=\u00a0\u00bb.vc_custom_1553074765667{margin-top: -60px !important;}\u00a0\u00bb][\/vc_column][\/vc_row][vc_row bg_type=\u00a0\u00bbimage\u00a0\u00bb parallax_style=\u00a0\u00bbvcpb-animated\u00a0\u00bb animation_direction=\u00a0\u00bbtop-animation\u00a0\u00bb css=\u00a0\u00bb.vc_custom_1607503376059{margin-right: 100px !important;margin-left: 100px !important;padding-top: 20px !important;padding-right: 20px !important;padding-left: 20px !important;background-color: #f3f3f3 !important;background-position: 0 0&hellip;<\/p>\n","protected":false},"author":1,"featured_media":7234,"comment_status":"closed","ping_status":"open","sticky":false,"template":"","format":"standard","meta":{"footnotes":""},"categories":[36],"tags":[],"class_list":["post-7175","post","type-post","status-publish","format-standard","has-post-thumbnail","hentry","category-terrasses","category-36","description-off"],"yoast_head":"<!-- This site is optimized with the Yoast SEO plugin v23.6 - https:\/\/yoast.com\/wordpress\/plugins\/seo\/ -->\n<title>Terrasse BAMBOU - Connexion Bois Direct<\/title>\n<meta name=\"robots\" content=\"index, follow, max-snippet:-1, max-image-preview:large, max-video-preview:-1\" \/>\n<link rel=\"canonical\" href=\"https:\/\/www.connexion-bois-direct.fr\/fr\/lame-terrasse-bambou\/\" \/>\n<meta property=\"og:locale\" content=\"fr_FR\" \/>\n<meta property=\"og:type\" content=\"article\" \/>\n<meta property=\"og:title\" content=\"Terrasse BAMBOU - Connexion Bois Direct\" \/>\n<meta property=\"og:description\" content=\"[vc_row css=\u00a0\u00bb.vc_custom_1607453002204{padding-top: 50px !important;}\u00a0\u00bb el_id=\u00a0\u00bbterrasse\u00a0\u00bb][vc_column][\/vc_column][\/vc_row][vc_row css=\u00a0\u00bb.vc_custom_1737454742811{padding-top: 50px !important;}\u00a0\u00bb][vc_column][\/vc_column][\/vc_row][vc_row css=\u00a0\u00bb.vc_custom_1607462472109{padding-top: 50px !important;padding-bottom: 25px !important;}\u00a0\u00bb][vc_column css=\u00a0\u00bb.vc_custom_1553074765667{margin-top: -60px !important;}\u00a0\u00bb][vc_single_image image=\u00a0\u00bb7208&Prime; img_size=\u00a0\u00bbfull\u00a0\u00bb alignment=\u00a0\u00bbcenter\u00a0\u00bb css=\u00a0\u00bb\u00a0\u00bb image_hovers=\u00a0\u00bbfalse\u00a0\u00bb][\/vc_column][\/vc_row][vc_row css=\u00a0\u00bb.vc_custom_1607462472109{padding-top: 50px !important;padding-bottom: 25px !important;}\u00a0\u00bb][vc_column css=\u00a0\u00bb.vc_custom_1553074765667{margin-top: -60px !important;}\u00a0\u00bb][\/vc_column][\/vc_row][vc_row css=\u00a0\u00bb.vc_custom_1607462472109{padding-top: 50px !important;padding-bottom: 25px !important;}\u00a0\u00bb][vc_column css=\u00a0\u00bb.vc_custom_1553074765667{margin-top: -60px !important;}\u00a0\u00bb][\/vc_column][\/vc_row][vc_row bg_type=\u00a0\u00bbimage\u00a0\u00bb parallax_style=\u00a0\u00bbvcpb-animated\u00a0\u00bb animation_direction=\u00a0\u00bbtop-animation\u00a0\u00bb css=\u00a0\u00bb.vc_custom_1607503376059{margin-right: 100px !important;margin-left: 100px !important;padding-top: 20px !important;padding-right: 20px !important;padding-left: 20px !important;background-color: #f3f3f3 !important;background-position: 0 0&hellip;\" \/>\n<meta property=\"og:url\" content=\"https:\/\/www.connexion-bois-direct.fr\/fr\/lame-terrasse-bambou\/\" \/>\n<meta property=\"og:site_name\" content=\"Connexion Bois Direct\" \/>\n<meta property=\"article:published_time\" content=\"2025-01-21T11:51:29+00:00\" \/>\n<meta property=\"article:modified_time\" content=\"2026-02-04T14:39:08+00:00\" \/>\n<meta property=\"og:image\" content=\"https:\/\/www.connexion-bois-direct.fr\/fr\/wp-content\/uploads\/2025\/01\/bambou-slide-7.jpg\" \/>\n\t<meta property=\"og:image:width\" content=\"1280\" \/>\n\t<meta property=\"og:image:height\" content=\"608\" \/>\n\t<meta property=\"og:image:type\" content=\"image\/jpeg\" \/>\n<meta name=\"author\" content=\"adminconnexion\" \/>\n<meta name=\"twitter:card\" content=\"summary_large_image\" \/>\n<meta name=\"twitter:label1\" content=\"\u00c9crit par\" \/>\n\t<meta name=\"twitter:data1\" content=\"adminconnexion\" \/>\n\t<meta name=\"twitter:label2\" content=\"Dur\u00e9e de lecture estim\u00e9e\" \/>\n\t<meta name=\"twitter:data2\" content=\"7 minutes\" \/>\n<script type=\"application\/ld+json\" class=\"yoast-schema-graph\">{\"@context\":\"https:\/\/schema.org\",\"@graph\":[{\"@type\":\"WebPage\",\"@id\":\"https:\/\/www.connexion-bois-direct.fr\/fr\/lame-terrasse-bambou\/\",\"url\":\"https:\/\/www.connexion-bois-direct.fr\/fr\/lame-terrasse-bambou\/\",\"name\":\"Terrasse BAMBOU - Connexion Bois Direct\",\"isPartOf\":{\"@id\":\"https:\/\/www.connexion-bois-direct.fr\/fr\/#website\"},\"primaryImageOfPage\":{\"@id\":\"https:\/\/www.connexion-bois-direct.fr\/fr\/lame-terrasse-bambou\/#primaryimage\"},\"image\":{\"@id\":\"https:\/\/www.connexion-bois-direct.fr\/fr\/lame-terrasse-bambou\/#primaryimage\"},\"thumbnailUrl\":\"https:\/\/www.connexion-bois-direct.fr\/fr\/wp-content\/uploads\/2025\/01\/bambou-slide-7.jpg\",\"datePublished\":\"2025-01-21T11:51:29+00:00\",\"dateModified\":\"2026-02-04T14:39:08+00:00\",\"author\":{\"@id\":\"https:\/\/www.connexion-bois-direct.fr\/fr\/#\/schema\/person\/3ea5a887bb5c8e2f947e29d9ec812b13\"},\"breadcrumb\":{\"@id\":\"https:\/\/www.connexion-bois-direct.fr\/fr\/lame-terrasse-bambou\/#breadcrumb\"},\"inLanguage\":\"fr-FR\",\"potentialAction\":[{\"@type\":\"ReadAction\",\"target\":[\"https:\/\/www.connexion-bois-direct.fr\/fr\/lame-terrasse-bambou\/\"]}]},{\"@type\":\"ImageObject\",\"inLanguage\":\"fr-FR\",\"@id\":\"https:\/\/www.connexion-bois-direct.fr\/fr\/lame-terrasse-bambou\/#primaryimage\",\"url\":\"https:\/\/www.connexion-bois-direct.fr\/fr\/wp-content\/uploads\/2025\/01\/bambou-slide-7.jpg\",\"contentUrl\":\"https:\/\/www.connexion-bois-direct.fr\/fr\/wp-content\/uploads\/2025\/01\/bambou-slide-7.jpg\",\"width\":1280,\"height\":608},{\"@type\":\"BreadcrumbList\",\"@id\":\"https:\/\/www.connexion-bois-direct.fr\/fr\/lame-terrasse-bambou\/#breadcrumb\",\"itemListElement\":[{\"@type\":\"ListItem\",\"position\":1,\"name\":\"Accueil\",\"item\":\"https:\/\/www.connexion-bois-direct.fr\/fr\/\"},{\"@type\":\"ListItem\",\"position\":2,\"name\":\"Terrasse BAMBOU\"}]},{\"@type\":\"WebSite\",\"@id\":\"https:\/\/www.connexion-bois-direct.fr\/fr\/#website\",\"url\":\"https:\/\/www.connexion-bois-direct.fr\/fr\/\",\"name\":\"Connexion Bois Direct\",\"description\":\"Terrasse en bois exotique\",\"potentialAction\":[{\"@type\":\"SearchAction\",\"target\":{\"@type\":\"EntryPoint\",\"urlTemplate\":\"https:\/\/www.connexion-bois-direct.fr\/fr\/?s={search_term_string}\"},\"query-input\":{\"@type\":\"PropertyValueSpecification\",\"valueRequired\":true,\"valueName\":\"search_term_string\"}}],\"inLanguage\":\"fr-FR\"},{\"@type\":\"Person\",\"@id\":\"https:\/\/www.connexion-bois-direct.fr\/fr\/#\/schema\/person\/3ea5a887bb5c8e2f947e29d9ec812b13\",\"name\":\"adminconnexion\",\"image\":{\"@type\":\"ImageObject\",\"inLanguage\":\"fr-FR\",\"@id\":\"https:\/\/www.connexion-bois-direct.fr\/fr\/#\/schema\/person\/image\/\",\"url\":\"https:\/\/secure.gravatar.com\/avatar\/e1be6f3e4da41d1fc81fe187217c5a5a?s=96&d=mm&r=g\",\"contentUrl\":\"https:\/\/secure.gravatar.com\/avatar\/e1be6f3e4da41d1fc81fe187217c5a5a?s=96&d=mm&r=g\",\"caption\":\"adminconnexion\"},\"url\":\"https:\/\/www.connexion-bois-direct.fr\/fr\/author\/adminconnexion\/\"}]}<\/script>\n<!-- \/ Yoast SEO plugin. -->","yoast_head_json":{"title":"Terrasse BAMBOU - Connexion Bois Direct","robots":{"index":"index","follow":"follow","max-snippet":"max-snippet:-1","max-image-preview":"max-image-preview:large","max-video-preview":"max-video-preview:-1"},"canonical":"https:\/\/www.connexion-bois-direct.fr\/fr\/lame-terrasse-bambou\/","og_locale":"fr_FR","og_type":"article","og_title":"Terrasse BAMBOU - Connexion Bois Direct","og_description":"[vc_row css=\u00a0\u00bb.vc_custom_1607453002204{padding-top: 50px !important;}\u00a0\u00bb el_id=\u00a0\u00bbterrasse\u00a0\u00bb][vc_column][\/vc_column][\/vc_row][vc_row css=\u00a0\u00bb.vc_custom_1737454742811{padding-top: 50px !important;}\u00a0\u00bb][vc_column][\/vc_column][\/vc_row][vc_row css=\u00a0\u00bb.vc_custom_1607462472109{padding-top: 50px !important;padding-bottom: 25px !important;}\u00a0\u00bb][vc_column css=\u00a0\u00bb.vc_custom_1553074765667{margin-top: -60px !important;}\u00a0\u00bb][vc_single_image image=\u00a0\u00bb7208&Prime; img_size=\u00a0\u00bbfull\u00a0\u00bb alignment=\u00a0\u00bbcenter\u00a0\u00bb css=\u00a0\u00bb\u00a0\u00bb image_hovers=\u00a0\u00bbfalse\u00a0\u00bb][\/vc_column][\/vc_row][vc_row css=\u00a0\u00bb.vc_custom_1607462472109{padding-top: 50px !important;padding-bottom: 25px !important;}\u00a0\u00bb][vc_column css=\u00a0\u00bb.vc_custom_1553074765667{margin-top: -60px !important;}\u00a0\u00bb][\/vc_column][\/vc_row][vc_row css=\u00a0\u00bb.vc_custom_1607462472109{padding-top: 50px !important;padding-bottom: 25px !important;}\u00a0\u00bb][vc_column css=\u00a0\u00bb.vc_custom_1553074765667{margin-top: -60px !important;}\u00a0\u00bb][\/vc_column][\/vc_row][vc_row bg_type=\u00a0\u00bbimage\u00a0\u00bb parallax_style=\u00a0\u00bbvcpb-animated\u00a0\u00bb animation_direction=\u00a0\u00bbtop-animation\u00a0\u00bb css=\u00a0\u00bb.vc_custom_1607503376059{margin-right: 100px !important;margin-left: 100px !important;padding-top: 20px !important;padding-right: 20px !important;padding-left: 20px !important;background-color: #f3f3f3 !important;background-position: 0 0&hellip;","og_url":"https:\/\/www.connexion-bois-direct.fr\/fr\/lame-terrasse-bambou\/","og_site_name":"Connexion Bois Direct","article_published_time":"2025-01-21T11:51:29+00:00","article_modified_time":"2026-02-04T14:39:08+00:00","og_image":[{"width":1280,"height":608,"url":"https:\/\/www.connexion-bois-direct.fr\/fr\/wp-content\/uploads\/2025\/01\/bambou-slide-7.jpg","type":"image\/jpeg"}],"author":"adminconnexion","twitter_card":"summary_large_image","twitter_misc":{"\u00c9crit par":"adminconnexion","Dur\u00e9e de lecture estim\u00e9e":"7 minutes"},"schema":{"@context":"https:\/\/schema.org","@graph":[{"@type":"WebPage","@id":"https:\/\/www.connexion-bois-direct.fr\/fr\/lame-terrasse-bambou\/","url":"https:\/\/www.connexion-bois-direct.fr\/fr\/lame-terrasse-bambou\/","name":"Terrasse BAMBOU - Connexion Bois Direct","isPartOf":{"@id":"https:\/\/www.connexion-bois-direct.fr\/fr\/#website"},"primaryImageOfPage":{"@id":"https:\/\/www.connexion-bois-direct.fr\/fr\/lame-terrasse-bambou\/#primaryimage"},"image":{"@id":"https:\/\/www.connexion-bois-direct.fr\/fr\/lame-terrasse-bambou\/#primaryimage"},"thumbnailUrl":"https:\/\/www.connexion-bois-direct.fr\/fr\/wp-content\/uploads\/2025\/01\/bambou-slide-7.jpg","datePublished":"2025-01-21T11:51:29+00:00","dateModified":"2026-02-04T14:39:08+00:00","author":{"@id":"https:\/\/www.connexion-bois-direct.fr\/fr\/#\/schema\/person\/3ea5a887bb5c8e2f947e29d9ec812b13"},"breadcrumb":{"@id":"https:\/\/www.connexion-bois-direct.fr\/fr\/lame-terrasse-bambou\/#breadcrumb"},"inLanguage":"fr-FR","potentialAction":[{"@type":"ReadAction","target":["https:\/\/www.connexion-bois-direct.fr\/fr\/lame-terrasse-bambou\/"]}]},{"@type":"ImageObject","inLanguage":"fr-FR","@id":"https:\/\/www.connexion-bois-direct.fr\/fr\/lame-terrasse-bambou\/#primaryimage","url":"https:\/\/www.connexion-bois-direct.fr\/fr\/wp-content\/uploads\/2025\/01\/bambou-slide-7.jpg","contentUrl":"https:\/\/www.connexion-bois-direct.fr\/fr\/wp-content\/uploads\/2025\/01\/bambou-slide-7.jpg","width":1280,"height":608},{"@type":"BreadcrumbList","@id":"https:\/\/www.connexion-bois-direct.fr\/fr\/lame-terrasse-bambou\/#breadcrumb","itemListElement":[{"@type":"ListItem","position":1,"name":"Accueil","item":"https:\/\/www.connexion-bois-direct.fr\/fr\/"},{"@type":"ListItem","position":2,"name":"Terrasse BAMBOU"}]},{"@type":"WebSite","@id":"https:\/\/www.connexion-bois-direct.fr\/fr\/#website","url":"https:\/\/www.connexion-bois-direct.fr\/fr\/","name":"Connexion Bois Direct","description":"Terrasse en bois exotique","potentialAction":[{"@type":"SearchAction","target":{"@type":"EntryPoint","urlTemplate":"https:\/\/www.connexion-bois-direct.fr\/fr\/?s={search_term_string}"},"query-input":{"@type":"PropertyValueSpecification","valueRequired":true,"valueName":"search_term_string"}}],"inLanguage":"fr-FR"},{"@type":"Person","@id":"https:\/\/www.connexion-bois-direct.fr\/fr\/#\/schema\/person\/3ea5a887bb5c8e2f947e29d9ec812b13","name":"adminconnexion","image":{"@type":"ImageObject","inLanguage":"fr-FR","@id":"https:\/\/www.connexion-bois-direct.fr\/fr\/#\/schema\/person\/image\/","url":"https:\/\/secure.gravatar.com\/avatar\/e1be6f3e4da41d1fc81fe187217c5a5a?s=96&d=mm&r=g","contentUrl":"https:\/\/secure.gravatar.com\/avatar\/e1be6f3e4da41d1fc81fe187217c5a5a?s=96&d=mm&r=g","caption":"adminconnexion"},"url":"https:\/\/www.connexion-bois-direct.fr\/fr\/author\/adminconnexion\/"}]}},"_links":{"self":[{"href":"https:\/\/www.connexion-bois-direct.fr\/fr\/wp-json\/wp\/v2\/posts\/7175"}],"collection":[{"href":"https:\/\/www.connexion-bois-direct.fr\/fr\/wp-json\/wp\/v2\/posts"}],"about":[{"href":"https:\/\/www.connexion-bois-direct.fr\/fr\/wp-json\/wp\/v2\/types\/post"}],"author":[{"embeddable":true,"href":"https:\/\/www.connexion-bois-direct.fr\/fr\/wp-json\/wp\/v2\/users\/1"}],"replies":[{"embeddable":true,"href":"https:\/\/www.connexion-bois-direct.fr\/fr\/wp-json\/wp\/v2\/comments?post=7175"}],"version-history":[{"count":33,"href":"https:\/\/www.connexion-bois-direct.fr\/fr\/wp-json\/wp\/v2\/posts\/7175\/revisions"}],"predecessor-version":[{"id":7710,"href":"https:\/\/www.connexion-bois-direct.fr\/fr\/wp-json\/wp\/v2\/posts\/7175\/revisions\/7710"}],"wp:featuredmedia":[{"embeddable":true,"href":"https:\/\/www.connexion-bois-direct.fr\/fr\/wp-json\/wp\/v2\/media\/7234"}],"wp:attachment":[{"href":"https:\/\/www.connexion-bois-direct.fr\/fr\/wp-json\/wp\/v2\/media?parent=7175"}],"wp:term":[{"taxonomy":"category","embeddable":true,"href":"https:\/\/www.connexion-bois-direct.fr\/fr\/wp-json\/wp\/v2\/categories?post=7175"},{"taxonomy":"post_tag","embeddable":true,"href":"https:\/\/www.connexion-bois-direct.fr\/fr\/wp-json\/wp\/v2\/tags?post=7175"}],"curies":[{"name":"wp","href":"https:\/\/api.w.org\/{rel}","templated":true}]}}